{"id":26922,"date":"2024-08-18T19:09:43","date_gmt":"2024-08-18T17:09:43","guid":{"rendered":"https:\/\/www.brazilecotour.com\/?p=26922"},"modified":"2024-08-18T21:12:23","modified_gmt":"2024-08-18T19:12:23","slug":"in-brasilien-die-wueste-lencois-maranhenses-eine-fata-morgana-am-ozean","status":"publish","type":"post","link":"https:\/\/www.brazilecotour.com\/de\/in-brasilien-die-wueste-lencois-maranhenses-eine-fata-morgana-am-ozean\/","title":{"rendered":"In Brasilien, die W\u00fcste Len\u00e7\u00f3is Maranhenses, eine Fata Morgana am Ozean."},"content":{"rendered":"\t\t<div data-elementor-type=\"wp-post\" data-elementor-id=\"26922\" class=\"elementor elementor-26922 elementor-4390\">\n\t\t\t\t\t\t<section class=\"elementor-section elementor-top-section elementor-element elementor-element-84949e3 elementor-section-boxed elementor-section-height-default elementor-section-height-default\" data-id=\"84949e3\" data-element_type=\"section\" data-e-type=\"section\">\n\t\t\t\t\t\t<div class=\"elementor-container elementor-column-gap-default\">\n\t\t\t\t\t<div class=\"elementor-column elementor-col-100 elementor-top-column elementor-element elementor-element-442d818\" data-id=\"442d818\" data-element_type=\"column\" data-e-type=\"column\">\n\t\t\t<div class=\"elementor-widget-wrap elementor-element-populated\">\n\t\t\t\t\t\t<div class=\"elementor-element elementor-element-931632a elementor-widget elementor-widget-image\" data-id=\"931632a\" data-element_type=\"widget\" data-e-type=\"widget\" data-widget_type=\"image.default\">\n\t\t\t\t<div class=\"elementor-widget-container\">\n\t\t\t\t\t\t\t\t\t\t\t\t\t\t\t<img fetchpriority=\"high\" decoding=\"async\" width=\"300\" height=\"300\" src=\"https:\/\/www.brazilecotour.com\/wp-content\/uploads\/2021\/07\/brazil-ecotour-holidays-to-brazil-300x300.jpg\" class=\"attachment-medium size-medium wp-image-20814\" alt=\"\" srcset=\"https:\/\/www.brazilecotour.com\/wp-content\/uploads\/2021\/07\/brazil-ecotour-holidays-to-brazil-300x300.jpg 300w, https:\/\/www.brazilecotour.com\/wp-content\/uploads\/2021\/07\/brazil-ecotour-holidays-to-brazil-1024x1024.jpg 1024w, https:\/\/www.brazilecotour.com\/wp-content\/uploads\/2021\/07\/brazil-ecotour-holidays-to-brazil-150x150.jpg 150w, https:\/\/www.brazilecotour.com\/wp-content\/uploads\/2021\/07\/brazil-ecotour-holidays-to-brazil-768x768.jpg 768w, https:\/\/www.brazilecotour.com\/wp-content\/uploads\/2021\/07\/brazil-ecotour-holidays-to-brazil.jpg 1080w\" sizes=\"(max-width: 300px) 100vw, 300px\" \/>\t\t\t\t\t\t\t\t\t\t\t\t\t\t\t<\/div>\n\t\t\t\t<\/div>\n\t\t\t\t\t<\/div>\n\t\t<\/div>\n\t\t\t\t\t<\/div>\n\t\t<\/section>\n\t\t\t\t<section class=\"elementor-section elementor-top-section elementor-element elementor-element-55cd3f38 elementor-section-height-min-height elementor-section-boxed elementor-section-height-default elementor-section-items-middle elementor-invisible\" data-id=\"55cd3f38\" data-element_type=\"section\" data-e-type=\"section\" data-settings=\"{&quot;background_background&quot;:&quot;classic&quot;,&quot;animation&quot;:&quot;fadeIn&quot;}\">\n\t\t\t\t\t\t\t<div class=\"elementor-background-overlay\"><\/div>\n\t\t\t\t\t\t\t<div class=\"elementor-container elementor-column-gap-default\">\n\t\t\t\t\t<div class=\"elementor-column elementor-col-100 elementor-top-column elementor-element elementor-element-4c63211d\" data-id=\"4c63211d\" data-element_type=\"column\" data-e-type=\"column\">\n\t\t\t<div class=\"elementor-widget-wrap elementor-element-populated\">\n\t\t\t\t\t\t<section class=\"elementor-section elementor-inner-section elementor-element elementor-element-3527ce88 elementor-section-boxed elementor-section-height-default elementor-section-height-default\" data-id=\"3527ce88\" data-element_type=\"section\" data-e-type=\"section\">\n\t\t\t\t\t\t<div class=\"elementor-container elementor-column-gap-default\">\n\t\t\t\t\t<div class=\"elementor-column elementor-col-100 elementor-inner-column elementor-element elementor-element-67e1e505\" data-id=\"67e1e505\" data-element_type=\"column\" data-e-type=\"column\">\n\t\t\t<div class=\"elementor-widget-wrap elementor-element-populated\">\n\t\t\t\t\t\t<div class=\"elementor-element elementor-element-567ad9cb elementor-invisible elementor-widget elementor-widget-heading\" data-id=\"567ad9cb\" data-element_type=\"widget\" data-e-type=\"widget\" data-settings=\"{&quot;_animation&quot;:&quot;fadeInUp&quot;,&quot;_animation_delay&quot;:400}\" data-widget_type=\"heading.default\">\n\t\t\t\t<div class=\"elementor-widget-container\">\n\t\t\t\t\t<h1 class=\"elementor-heading-title elementor-size-default\">In Brasilien, die W\u00fcste Len\u00e7\u00f3is Maranhenses, eine Fata Morgana am Ozean.\n<\/h1>\t\t\t\t<\/div>\n\t\t\t\t<\/div>\n\t\t\t\t\t<\/div>\n\t\t<\/div>\n\t\t\t\t\t<\/div>\n\t\t<\/section>\n\t\t\t\t\t<\/div>\n\t\t<\/div>\n\t\t\t\t\t<\/div>\n\t\t<\/section>\n\t\t\t\t<section class=\"elementor-section elementor-top-section elementor-element elementor-element-2334abac elementor-section-boxed elementor-section-height-default elementor-section-height-default\" data-id=\"2334abac\" data-element_type=\"section\" data-e-type=\"section\" data-settings=\"{&quot;background_background&quot;:&quot;classic&quot;}\">\n\t\t\t\t\t\t<div class=\"elementor-container elementor-column-gap-default\">\n\t\t\t\t\t<div class=\"elementor-column elementor-col-33 elementor-top-column elementor-element elementor-element-60a0b4a3\" data-id=\"60a0b4a3\" data-element_type=\"column\" data-e-type=\"column\">\n\t\t\t<div class=\"elementor-widget-wrap elementor-element-populated\">\n\t\t\t\t\t\t<div class=\"elementor-element elementor-element-6d99c5dc elementor-invisible elementor-widget elementor-widget-image\" data-id=\"6d99c5dc\" data-element_type=\"widget\" data-e-type=\"widget\" data-settings=\"{&quot;_animation&quot;:&quot;fadeInUp&quot;,&quot;_animation_delay&quot;:300}\" data-widget_type=\"image.default\">\n\t\t\t\t<div class=\"elementor-widget-container\">\n\t\t\t\t\t\t\t\t\t\t\t\t\t\t\t\t<a href=\"https:\/\/www.brazilecotour.com\/wp-content\/uploads\/2017\/05\/lencois-maranhenses-tours-brazil.jpg\" data-elementor-open-lightbox=\"yes\" data-elementor-lightbox-title=\"lencois maranhenses tours brazil\" data-elementor-lightbox-description=\"lencois maranhenses tours brazil\" data-e-action-hash=\"#elementor-action%3Aaction%3Dlightbox%26settings%3DeyJpZCI6ODM3NiwidXJsIjoiaHR0cHM6XC9cL3d3dy5icmF6aWxlY290b3VyLmNvbVwvd3AtY29udGVudFwvdXBsb2Fkc1wvMjAxN1wvMDVcL2xlbmNvaXMtbWFyYW5oZW5zZXMtdG91cnMtYnJhemlsLmpwZyJ9\">\n\t\t\t\t\t\t\t<img decoding=\"async\" src=\"https:\/\/www.brazilecotour.com\/wp-content\/uploads\/elementor\/thumbs\/lencois-maranhenses-tours-brazil-p6ctly1vmrkw036i6t1qgth5dci0377ztf6c2sj8f0.jpg\" title=\"lencois maranhenses tours brazil\" alt=\"lencois maranhenses tours brazil\" class=\"elementor-animation-shrink\" loading=\"lazy\" \/>\t\t\t\t\t\t\t\t<\/a>\n\t\t\t\t\t\t\t\t\t\t\t\t\t\t\t<\/div>\n\t\t\t\t<\/div>\n\t\t\t\t<div class=\"elementor-element elementor-element-289d809b elementor-invisible elementor-widget elementor-widget-heading\" data-id=\"289d809b\" data-element_type=\"widget\" data-e-type=\"widget\" data-settings=\"{&quot;_animation&quot;:&quot;fadeInUp&quot;,&quot;_animation_delay&quot;:500}\" data-widget_type=\"heading.default\">\n\t\t\t\t<div class=\"elementor-widget-container\">\n\t\t\t\t\t<h2 class=\"elementor-heading-title elementor-size-default\"><a href=\"#\">Atins Len\u00e7ois Maranhenses<\/a><\/h2>\t\t\t\t<\/div>\n\t\t\t\t<\/div>\n\t\t\t\t\t<\/div>\n\t\t<\/div>\n\t\t\t\t<div class=\"elementor-column elementor-col-33 elementor-top-column elementor-element elementor-element-76f7e55\" data-id=\"76f7e55\" data-element_type=\"column\" data-e-type=\"column\">\n\t\t\t<div class=\"elementor-widget-wrap elementor-element-populated\">\n\t\t\t\t\t\t<div class=\"elementor-element elementor-element-1b520f1 elementor-invisible elementor-widget elementor-widget-image\" data-id=\"1b520f1\" data-element_type=\"widget\" data-e-type=\"widget\" data-settings=\"{&quot;_animation&quot;:&quot;fadeInUp&quot;,&quot;_animation_delay&quot;:400}\" data-widget_type=\"image.default\">\n\t\t\t\t<div class=\"elementor-widget-container\">\n\t\t\t\t\t\t\t\t\t\t\t\t\t\t\t\t<a href=\"https:\/\/www.brazilecotour.com\/wp-content\/uploads\/2021\/02\/trek-lencois-maranhenses.jpg\" data-elementor-open-lightbox=\"yes\" data-elementor-lightbox-title=\"trek len\u00e7ois maranhenses\" data-e-action-hash=\"#elementor-action%3Aaction%3Dlightbox%26settings%3DeyJpZCI6MTQ5MjgsInVybCI6Imh0dHBzOlwvXC93d3cuYnJhemlsZWNvdG91ci5jb21cL3dwLWNvbnRlbnRcL3VwbG9hZHNcLzIwMjFcLzAyXC90cmVrLWxlbmNvaXMtbWFyYW5oZW5zZXMuanBnIn0%3D\">\n\t\t\t\t\t\t\t<img decoding=\"async\" src=\"https:\/\/www.brazilecotour.com\/wp-content\/uploads\/elementor\/thumbs\/trek-lencois-maranhenses-p30k4jftb12d0kkhbuu9wwgkb5j48m8sv359ztsllo.jpg\" title=\"trek len\u00e7ois maranhenses\" alt=\"trek len\u00e7ois maranhenses\" class=\"elementor-animation-shrink\" loading=\"lazy\" \/>\t\t\t\t\t\t\t\t<\/a>\n\t\t\t\t\t\t\t\t\t\t\t\t\t\t\t<\/div>\n\t\t\t\t<\/div>\n\t\t\t\t<div class=\"elementor-element elementor-element-75210680 elementor-invisible elementor-widget elementor-widget-heading\" data-id=\"75210680\" data-element_type=\"widget\" data-e-type=\"widget\" data-settings=\"{&quot;_animation&quot;:&quot;fadeInUp&quot;,&quot;_animation_delay&quot;:500}\" data-widget_type=\"heading.default\">\n\t\t\t\t<div class=\"elementor-widget-container\">\n\t\t\t\t\t<h2 class=\"elementor-heading-title elementor-size-default\"><a href=\"#\">trekking lencois maranhenses<\/a><\/h2>\t\t\t\t<\/div>\n\t\t\t\t<\/div>\n\t\t\t\t\t<\/div>\n\t\t<\/div>\n\t\t\t\t<div class=\"elementor-column elementor-col-33 elementor-top-column elementor-element elementor-element-2fbac28b\" data-id=\"2fbac28b\" data-element_type=\"column\" data-e-type=\"column\">\n\t\t\t<div class=\"elementor-widget-wrap elementor-element-populated\">\n\t\t\t\t\t\t<div class=\"elementor-element elementor-element-6e8e79db elementor-invisible elementor-widget elementor-widget-image\" data-id=\"6e8e79db\" data-element_type=\"widget\" data-e-type=\"widget\" data-settings=\"{&quot;_animation&quot;:&quot;fadeInUp&quot;,&quot;_animation_delay&quot;:500}\" data-widget_type=\"image.default\">\n\t\t\t\t<div class=\"elementor-widget-container\">\n\t\t\t\t\t\t\t\t\t\t\t\t\t\t\t\t<a href=\"https:\/\/www.brazilecotour.com\/wp-content\/uploads\/2017\/05\/lencois-maranhenses.jpg\" data-elementor-open-lightbox=\"yes\" data-elementor-lightbox-title=\"lencois maranhenses\" data-elementor-lightbox-description=\"lencois maranhenses\" data-e-action-hash=\"#elementor-action%3Aaction%3Dlightbox%26settings%3DeyJpZCI6ODM3NywidXJsIjoiaHR0cHM6XC9cL3d3dy5icmF6aWxlY290b3VyLmNvbVwvd3AtY29udGVudFwvdXBsb2Fkc1wvMjAxN1wvMDVcL2xlbmNvaXMtbWFyYW5oZW5zZXMuanBnIn0%3D\">\n\t\t\t\t\t\t\t<img decoding=\"async\" src=\"https:\/\/www.brazilecotour.com\/wp-content\/uploads\/elementor\/thumbs\/lencois-maranhenses-p6ctm7g9j3xr86sunx405r3rb77o869b6pp6vk5aos.jpg\" title=\"lencois maranhenses\" alt=\"lencois maranhenses\" class=\"elementor-animation-shrink\" loading=\"lazy\" \/>\t\t\t\t\t\t\t\t<\/a>\n\t\t\t\t\t\t\t\t\t\t\t\t\t\t\t<\/div>\n\t\t\t\t<\/div>\n\t\t\t\t<div class=\"elementor-element elementor-element-1984d62c elementor-invisible elementor-widget elementor-widget-heading\" data-id=\"1984d62c\" data-element_type=\"widget\" data-e-type=\"widget\" data-settings=\"{&quot;_animation&quot;:&quot;fadeInUp&quot;,&quot;_animation_delay&quot;:500}\" data-widget_type=\"heading.default\">\n\t\t\t\t<div class=\"elementor-widget-container\">\n\t\t\t\t\t<h2 class=\"elementor-heading-title elementor-size-default\"><a href=\"#\">Santo Amaro Len\u00e7ois Maranhenses<\/a><\/h2>\t\t\t\t<\/div>\n\t\t\t\t<\/div>\n\t\t\t\t\t<\/div>\n\t\t<\/div>\n\t\t\t\t\t<\/div>\n\t\t<\/section>\n\t\t\t\t<section class=\"elementor-section elementor-top-section elementor-element elementor-element-fa7b8e3 elementor-section-boxed elementor-section-height-default elementor-section-height-default\" data-id=\"fa7b8e3\" data-element_type=\"section\" data-e-type=\"section\">\n\t\t\t\t\t\t<div class=\"elementor-container elementor-column-gap-default\">\n\t\t\t\t\t<div class=\"elementor-column elementor-col-100 elementor-top-column elementor-element elementor-element-85b5438\" data-id=\"85b5438\" data-element_type=\"column\" data-e-type=\"column\">\n\t\t\t<div class=\"elementor-widget-wrap elementor-element-populated\">\n\t\t\t\t\t\t<div class=\"elementor-element elementor-element-5228345 elementor-widget elementor-widget-text-editor\" data-id=\"5228345\" data-element_type=\"widget\" data-e-type=\"widget\" data-widget_type=\"text-editor.default\">\n\t\t\t\t<div class=\"elementor-widget-container\">\n\t\t\t\t\t\t\t\t\t<div>Das Treffen der erstaunlichen Sch\u00f6nheit der Sahara und der Malediven\u2026 Das beschreibt den gro\u00dfen K\u00fcstenpark im Norden <a href=\"https:\/\/www.brazilecotour.com\/de\/lencois-maranhenses\/\">Brasiliens<\/a>, eine Landschaft aus D\u00fcnen und Oasen. Hier entstehen, wenn es regnet, smaragdgr\u00fcne und kristallklare Lagunen.<\/div><div>\u00a0<\/div><div>Atilime de Sousa Garcia tr\u00e4umt mit weit ge\u00f6ffneten Augen: \u201eWenn ich gro\u00df bin, werde ich Lehrerin, hier.\u201c Vom Gipfel der riesigen D\u00fcne betrachtet das neunj\u00e4hrige Mischlingsm\u00e4dchen Queimada dos Britos, eine gr\u00fcne Insel, aus der einige Palmd\u00e4cher hervorstehen. Ein W\u00fcstensand und smaragdgr\u00fcne Lagunen umgeben die Oase. Am Horizont geht die Sonne hinter dem blauen Band des Atlantischen Ozeans unter. Atilime kann nicht aufh\u00f6ren, ihre Lieblingsd\u00fcne zu erklimmen, um die Aussicht zu genie\u00dfen, zieht ihren Plastikschlitten hinter sich her. Bald wird sie damit ihre wei\u00dfe Bergab fahren, um die Fr\u00fcchte von Caj\u00fas und Guajirus zu genie\u00dfen, die unten wachsen. Dann wird es Zeit f\u00fcr einen weiteren Aufstieg zum Gipfel und eine letzte Abfahrt. Ein weiterer Tag wird verstrichen sein, Korn f\u00fcr Korn, wie in einer riesigen Sanduhr. Atilimes Spielplatz ist der gr\u00f6\u00dfte Sandkasten Brasiliens: der Nationalpark Len\u00e7\u00f3is Maranhenses im Bundesstaat Maranh\u00e3o (Nordosten des Landes). Ein K\u00fcstenstreifen von 1.150 Quadratkilometern \u2013 zehnmal die Fl\u00e4che von Paris \u2013 zu zwei Dritteln bedeckt mit D\u00fcnen. In seinem am schwersten zug\u00e4nglichen Teil, der &#8220;primitiven Zone&#8221;, leben etwa 150 Bewohner, verteilt auf zwei benachbarte Oasen, Queimada dos Britos und Baixa Grande, seit vier Generationen. Sie sind die Nachkommen von Manoel Brito, Sohn einer Caet\u00e9-Indianerin und Garcia Brito, einem Schwarzen, der sich f\u00fcr die Len\u00e7\u00f3is entschied, um der D\u00fcrre von 1932 im benachbarten Bundesstaat Cear\u00e1 zu entfliehen. Mit gemischter Haut und hellen Augen machten die Britos ihr Vieh fruchtbar, w\u00e4hrend sie Brandrodung praktizierten (\u201eQueimada dos Britos\u201c bedeutet \u201everbrannte Erde der Britos\u201c).<\/div>\t\t\t\t\t\t\t\t<\/div>\n\t\t\t\t<\/div>\n\t\t\t\t\t<\/div>\n\t\t<\/div>\n\t\t\t\t\t<\/div>\n\t\t<\/section>\n\t\t\t\t<section class=\"elementor-section elementor-top-section elementor-element elementor-element-3b880c2 elementor-section-boxed elementor-section-height-default elementor-section-height-default\" data-id=\"3b880c2\" data-element_type=\"section\" data-e-type=\"section\">\n\t\t\t\t\t\t<div class=\"elementor-container elementor-column-gap-default\">\n\t\t\t\t\t<div class=\"elementor-column elementor-col-33 elementor-top-column elementor-element elementor-element-6b8ac5d\" data-id=\"6b8ac5d\" data-element_type=\"column\" data-e-type=\"column\">\n\t\t\t<div class=\"elementor-widget-wrap elementor-element-populated\">\n\t\t\t\t\t\t<div class=\"elementor-element elementor-element-bbb1a6c elementor-widget elementor-widget-image\" data-id=\"bbb1a6c\" data-element_type=\"widget\" data-e-type=\"widget\" data-widget_type=\"image.default\">\n\t\t\t\t<div class=\"elementor-widget-container\">\n\t\t\t\t\t\t\t\t\t\t\t\t\t\t\t<img decoding=\"async\" width=\"660\" height=\"825\" src=\"https:\/\/www.brazilecotour.com\/wp-content\/uploads\/2021\/02\/trek-lencois-maranhenses-1-819x1024.jpg\" class=\"attachment-large size-large wp-image-17374\" alt=\"trek len\u00e7ois maranhenses\" srcset=\"https:\/\/www.brazilecotour.com\/wp-content\/uploads\/2021\/02\/trek-lencois-maranhenses-1-819x1024.jpg 819w, https:\/\/www.brazilecotour.com\/wp-content\/uploads\/2021\/02\/trek-lencois-maranhenses-1-240x300.jpg 240w, https:\/\/www.brazilecotour.com\/wp-content\/uploads\/2021\/02\/trek-lencois-maranhenses-1-768x960.jpg 768w, https:\/\/www.brazilecotour.com\/wp-content\/uploads\/2021\/02\/trek-lencois-maranhenses-1.jpg 1080w\" sizes=\"(max-width: 660px) 100vw, 660px\" \/>\t\t\t\t\t\t\t\t\t\t\t\t\t\t\t<\/div>\n\t\t\t\t<\/div>\n\t\t\t\t\t<\/div>\n\t\t<\/div>\n\t\t\t\t<div class=\"elementor-column elementor-col-33 elementor-top-column elementor-element elementor-element-3a9ef6d\" data-id=\"3a9ef6d\" data-element_type=\"column\" data-e-type=\"column\">\n\t\t\t<div class=\"elementor-widget-wrap elementor-element-populated\">\n\t\t\t\t\t\t<div class=\"elementor-element elementor-element-d5b26d7 elementor-widget elementor-widget-image\" data-id=\"d5b26d7\" data-element_type=\"widget\" data-e-type=\"widget\" data-widget_type=\"image.default\">\n\t\t\t\t<div class=\"elementor-widget-container\">\n\t\t\t\t\t\t\t\t\t\t\t\t\t\t\t<img decoding=\"async\" width=\"660\" height=\"660\" src=\"https:\/\/www.brazilecotour.com\/wp-content\/uploads\/2017\/05\/lencois-maranhenses-atins-1024x1024.jpg\" class=\"attachment-large size-large wp-image-8375\" alt=\"lencois maranhenses atins\" srcset=\"https:\/\/www.brazilecotour.com\/wp-content\/uploads\/2017\/05\/lencois-maranhenses-atins-1024x1024.jpg 1024w, https:\/\/www.brazilecotour.com\/wp-content\/uploads\/2017\/05\/lencois-maranhenses-atins-300x300.jpg 300w, https:\/\/www.brazilecotour.com\/wp-content\/uploads\/2017\/05\/lencois-maranhenses-atins-150x150.jpg 150w, https:\/\/www.brazilecotour.com\/wp-content\/uploads\/2017\/05\/lencois-maranhenses-atins-768x768.jpg 768w, https:\/\/www.brazilecotour.com\/wp-content\/uploads\/2017\/05\/lencois-maranhenses-atins.jpg 1080w\" sizes=\"(max-width: 660px) 100vw, 660px\" \/>\t\t\t\t\t\t\t\t\t\t\t\t\t\t\t<\/div>\n\t\t\t\t<\/div>\n\t\t\t\t\t<\/div>\n\t\t<\/div>\n\t\t\t\t<div class=\"elementor-column elementor-col-33 elementor-top-column elementor-element elementor-element-b09eafc\" data-id=\"b09eafc\" data-element_type=\"column\" data-e-type=\"column\">\n\t\t\t<div class=\"elementor-widget-wrap elementor-element-populated\">\n\t\t\t\t\t\t<div class=\"elementor-element elementor-element-758d7a3 elementor-widget elementor-widget-image\" data-id=\"758d7a3\" data-element_type=\"widget\" data-e-type=\"widget\" data-widget_type=\"image.default\">\n\t\t\t\t<div class=\"elementor-widget-container\">\n\t\t\t\t\t\t\t\t\t\t\t\t\t\t\t<img loading=\"lazy\" decoding=\"async\" width=\"640\" height=\"427\" src=\"https:\/\/www.brazilecotour.com\/wp-content\/uploads\/2021\/02\/coucher-de-soleil-parc-des-lencois-maranhenses-bresil-atins.jpg\" class=\"attachment-large size-large wp-image-14905\" alt=\"\" srcset=\"https:\/\/www.brazilecotour.com\/wp-content\/uploads\/2021\/02\/coucher-de-soleil-parc-des-lencois-maranhenses-bresil-atins.jpg 640w, https:\/\/www.brazilecotour.com\/wp-content\/uploads\/2021\/02\/coucher-de-soleil-parc-des-lencois-maranhenses-bresil-atins-300x200.jpg 300w\" sizes=\"(max-width: 640px) 100vw, 640px\" \/>\t\t\t\t\t\t\t\t\t\t\t\t\t\t\t<\/div>\n\t\t\t\t<\/div>\n\t\t\t\t\t<\/div>\n\t\t<\/div>\n\t\t\t\t\t<\/div>\n\t\t<\/section>\n\t\t\t\t<section class=\"elementor-section elementor-top-section elementor-element elementor-element-9683e43 elementor-section-boxed elementor-section-height-default elementor-section-height-default\" data-id=\"9683e43\" data-element_type=\"section\" data-e-type=\"section\">\n\t\t\t\t\t\t<div class=\"elementor-container elementor-column-gap-default\">\n\t\t\t\t\t<div class=\"elementor-column elementor-col-100 elementor-top-column elementor-element elementor-element-0c7a1c5\" data-id=\"0c7a1c5\" data-element_type=\"column\" data-e-type=\"column\">\n\t\t\t<div class=\"elementor-widget-wrap elementor-element-populated\">\n\t\t\t\t\t\t<div class=\"elementor-element elementor-element-0212194 elementor-widget elementor-widget-heading\" data-id=\"0212194\" data-element_type=\"widget\" data-e-type=\"widget\" data-widget_type=\"heading.default\">\n\t\t\t\t<div class=\"elementor-widget-container\">\n\t\t\t\t\t<h2 class=\"elementor-heading-title elementor-size-default\">Diese Linien scheinen von Oscar Niemeyer gezeichnet worden zu sein<\/h2>\t\t\t\t<\/div>\n\t\t\t\t<\/div>\n\t\t\t\t<div class=\"elementor-element elementor-element-d474ce9 elementor-widget elementor-widget-text-editor\" data-id=\"d474ce9\" data-element_type=\"widget\" data-e-type=\"widget\" data-widget_type=\"text-editor.default\">\n\t\t\t\t<div class=\"elementor-widget-container\">\n\t\t\t\t\t\t\t\t\t<div>Der Atlantik umsp\u00fclt die nord\u00f6stliche Front des Parks, w\u00e4hrend der Fluss Pregui\u00e7as das Gebiet s\u00fcdlich umschlie\u00dft. Im Westen grenzt die W\u00fcste an einige D\u00f6rfer, wobei Santo Amaro, trotz seiner 10.000 Einwohner, nicht die am wenigsten isolierte ist: Der erste asphaltierte Weg ist nach 36 Kilometern auf einem holprigen Sandweg erreichbar, was noch schwieriger wird, wenn er teilweise \u00fcberschwemmt ist. Mit dem Auto verdient man sich die W\u00fcste Len\u00e7\u00f3is.<\/div><div>\u00a0<\/div><div>Aus der Luft betrachtet, erscheint sie wie ein riesiges Land-Art-Werk aus wei\u00dfen T\u00fcchern, \u00e4hnlich den Verpackungen von Christo. Der Begriff &#8220;len\u00e7\u00f3is maranhenses&#8221;, was &#8220;T\u00fccher aus Maranh\u00e3o&#8221; bedeutet, wird verwendet, um diese k\u00fcnstlichen Stoffe zu beschreiben, die in der Sonne zu trocknen scheinen, w\u00e4hrend ihre Falten durch den Wind wie die typischen Arabesken von Sandw\u00fcsten geformt werden. Doch diese W\u00fcste hat eine Besonderheit, die keine andere aufweisen kann: saisonal bedingt durch die Anh\u00e4ufung von Regenf\u00e4llen entsteht zeitweise ein Diamantenfluss in Form von &#8220;lagoas&#8221;, smaragd- oder kristallklaren Lagunen. In diesem erstaunlichen W\u00fcstenstreifen, der sich \u00fcber 70 Kilometer der Nordk\u00fcste der Region Nordeste erstreckt, fallen tats\u00e4chlich bis zu 1.600 Millimeter Regen pro Jahr, mehr als beispielsweise in Glasgow, Schottland. Diese Niederschl\u00e4ge, die von Januar bis Juni konzentriert sind, verwandeln die Landschaft allm\u00e4hlich von Monat zu Monat: Zwischen den D\u00fcnen f\u00fcllen sich die tonigen Vertiefungen mit S\u00fc\u00dfwasser. So entsteht am Ende der Regenzeit eine der spektakul\u00e4rsten Kulissen des Landes. Dolinen, die bis zu hundert Meter Durchmesser und mehrere Meter Tiefe erreichen k\u00f6nnen, zeigen Kurven, die so perfekt sind, dass sie an die sinnlichen Formen der \u00f6ffentlichen Geb\u00e4ude von Bras\u00edlia erinnern, entworfen vom Architekten Oscar Niemeyer. Doch die Landschaft ist tr\u00fcgerisch. Wenn es nicht regnet, k\u00f6nnen die Temperaturen auf bis zu vierzig Grad steigen und in dieser Welt des reflektierenden Sandes kann die Hitze buchst\u00e4blich zu Kopfschmerzen f\u00fchren.<\/div>\t\t\t\t\t\t\t\t<\/div>\n\t\t\t\t<\/div>\n\t\t\t\t<div class=\"elementor-element elementor-element-66ab9d9 elementor-widget elementor-widget-heading\" data-id=\"66ab9d9\" data-element_type=\"widget\" data-e-type=\"widget\" data-widget_type=\"heading.default\">\n\t\t\t\t<div class=\"elementor-widget-container\">\n\t\t\t\t\t<h2 class=\"elementor-heading-title elementor-size-default\">Masu hat sich f\u00fcr die Viehzucht entschieden, weil er gro\u00dfe Angst vor Haien hatte.<\/h2>\t\t\t\t<\/div>\n\t\t\t\t<\/div>\n\t\t\t\t<div class=\"elementor-element elementor-element-b176473 elementor-widget elementor-widget-text-editor\" data-id=\"b176473\" data-element_type=\"widget\" data-e-type=\"widget\" data-widget_type=\"text-editor.default\">\n\t\t\t\t<div class=\"elementor-widget-container\">\n\t\t\t\t\t\t\t\t\t<p>In der W\u00fcste streifen etwa 7.000 Ziegen und Schweine frei umher und ern\u00e4hren sich von den Lagunen. Im Juni und Dezember werden sie gefangen und in Santo Amaro an Metzger verkauft. Die Fischerei hat zwei Saisons; eine w\u00e4hrend der Regenzeit in den Lagunen und eine andere w\u00e4hrend der Trockenzeit am atlantischen Ufer. Die Fischbest\u00e4nde sind jedoch aufgrund zweier aufeinanderfolgender D\u00fcrren und der industriellen Garnelenfischerei r\u00fcckl\u00e4ufig. Masu Sosa, der fr\u00fcher Fischerei betrieb, bevorzugt nun die Viehzucht, da ihm die harte Arbeit und die Angst vor Haien zu viel wurden. Im Jahr 2002 machte der Bau einer asphaltierten Stra\u00dfe die Len\u00e7\u00f3is zu einem touristischen Ziel, wodurch lokale Gemeinschaften erstmals nennenswerte Einnahmen erzielten.<\/p>\t\t\t\t\t\t\t\t<\/div>\n\t\t\t\t<\/div>\n\t\t\t\t<div class=\"elementor-element elementor-element-db92ebd elementor-widget elementor-widget-heading\" data-id=\"db92ebd\" data-element_type=\"widget\" data-e-type=\"widget\" data-widget_type=\"heading.default\">\n\t\t\t\t<div class=\"elementor-widget-container\">\n\t\t\t\t\t<h2 class=\"elementor-heading-title elementor-size-default\">Das Krankenhaus ist zu weit entfernt, man behandelt sich mit Maniokschnaps<\/h2>\t\t\t\t<\/div>\n\t\t\t\t<\/div>\n\t\t\t\t<div class=\"elementor-element elementor-element-9c5385d elementor-widget elementor-widget-text-editor\" data-id=\"9c5385d\" data-element_type=\"widget\" data-e-type=\"widget\" data-widget_type=\"text-editor.default\">\n\t\t\t\t<div class=\"elementor-widget-container\">\n\t\t\t\t\t\t\t\t\t<div>Raimundo Brito, 60 Jahre alt, hat die Namen von 7.000 Touristen notiert, die in seinen H\u00e4ngematten Unterschlupf gefunden haben. An diesem Morgen f\u00e4hrt das Familienquad nach Barreirinhas. Am Steuer ist einer seiner S\u00f6hne, und hinten sitzt seine Frau Joana in rosa Kleidung, die eine medizinische Untersuchung vor sich hat. Raimundo und Joana haben acht Kinder, was f\u00fcr eine Familie in der Oase durchschnittlich ist. Fast alle wurden zu Hause geboren, da die Krankenh\u00e4user schwer zug\u00e4nglich sind. Die Medikation ist lokal und pflanzlich, einschlie\u00dflich Jana\u00faba-Milch zur F\u00f6rderung der Schwangerschaft und Malventee als Abtreibungsmittel. Die Inzucht ist in diesem fast insularen Leben inh\u00e4rent: \u201eAber auch wenn Cousins untereinander heiraten, haben wir noch nie Anomalien bei den Kindern festgestellt\u201c, versichert eine der T\u00f6chter von Joana und Raimundo, Joana Malheiros Garcia, 36 Jahre alt, die f\u00fcnfzehn Minuten zu Fu\u00df von der elterlichen H\u00fctte entfernt wohnt. Sie hat in Santo Amaro studiert, brach jedoch ihr Studium ab, weil es ihr zu m\u00fchsam war, mit ihren B\u00fcchern durch die D\u00fcnen zu wandern. Nun hat sie die Stelle ihrer Mutter als Lehrerin der Oase \u00fcbernommen. Die Schule, in der elf Kinder im Alter von 4 bis 16 Jahren unterrichtet werden, besteht lediglich aus einem Palmendach, einigen Tischen und St\u00fchlen, zwei Tafeln und einem Stapel abgenutzter B\u00fccher. Joana unterrichtet Mathematik mit Fr\u00fcchten und Maniokwurzeln. \u201eIch erhalte keinerlei Unterst\u00fctzung von der Pr\u00e4fektur, die mich ernannt hat\u201c, beklagt sie. \u201eDie einzigen B\u00fccher, die ich habe, wurden mir von Besuchern geschenkt.\u201c<\/div><div>\u00a0<\/div><div>Trotz des harten Lebens in den Len\u00e7\u00f3is m\u00f6chten deren Bewohner nirgendwo anders leben. Die Gewalt und das Chaos der brasilianischen St\u00e4dte, die ihnen das verzerrte Spiegelbild des Fernsehens zur\u00fcckwirft, \u00e4ngstigen sie. Doch eine andere Gefahr bedroht sie: der Druck der vorr\u00fcckenden D\u00fcnen. Eines Tages k\u00f6nnten die Nachkommen von Manoel Brito gezwungen sein, auf der Suche nach einem neuen Zufluchtsort die Stra\u00dfe zu nehmen. \u201eIch denke, dass Queimada dos Britos in vierzig Jahren unter dem Sand verschwunden sein wird\u201c, prophezeit Maciel, unser Guide. Bis dahin k\u00f6nnte die kleine Atilime vielleicht ihren Wunsch erf\u00fcllt haben, die Lehrerin ihrer Oase zu werden. In der Zwischenzeit tr\u00e4umt sie jeden Abend mit offenen Augen, oben auf ihrer <a href=\"https:\/\/www.brazilecotour.com\/de\/die-route-der-emotionen-eine-unvergessliche-reise-durch-das-herz-nordostbrasiliens\/\">D\u00fcne<\/a>.<\/div><div>\u00a0<\/div><div>Artikel aus der Juli-Ausgabe 2016 des Magazins GEO.fr<\/div>\t\t\t\t\t\t\t\t<\/div>\n\t\t\t\t<\/div>\n\t\t\t\t\t<\/div>\n\t\t<\/div>\n\t\t\t\t\t<\/div>\n\t\t<\/section>\n\t\t\t\t<section class=\"elementor-section elementor-top-section elementor-element elementor-element-a2536a2 elementor-section-boxed elementor-section-height-default elementor-section-height-default\" data-id=\"a2536a2\" data-element_type=\"section\" data-e-type=\"section\">\n\t\t\t\t\t\t<div class=\"elementor-container elementor-column-gap-default\">\n\t\t\t\t\t<div class=\"elementor-column elementor-col-50 elementor-top-column elementor-element elementor-element-063eae1\" data-id=\"063eae1\" data-element_type=\"column\" data-e-type=\"column\">\n\t\t\t<div class=\"elementor-widget-wrap elementor-element-populated\">\n\t\t\t\t\t\t<div class=\"elementor-element elementor-element-e1944c2 elementor-widget elementor-widget-video\" data-id=\"e1944c2\" data-element_type=\"widget\" data-e-type=\"widget\" data-settings=\"{&quot;youtube_url&quot;:&quot;https:\\\/\\\/www.youtube.com\\\/watch?v=JnSK1fsIpdo&quot;,&quot;video_type&quot;:&quot;youtube&quot;,&quot;controls&quot;:&quot;yes&quot;}\" data-widget_type=\"video.default\">\n\t\t\t\t<div class=\"elementor-widget-container\">\n\t\t\t\t\t\t\t<div class=\"elementor-wrapper elementor-open-inline\">\n\t\t\t<div class=\"elementor-video\"><\/div>\t\t<\/div>\n\t\t\t\t\t\t<\/div>\n\t\t\t\t<\/div>\n\t\t\t\t\t<\/div>\n\t\t<\/div>\n\t\t\t\t<div class=\"elementor-column elementor-col-50 elementor-top-column elementor-element elementor-element-f66940a\" data-id=\"f66940a\" data-element_type=\"column\" data-e-type=\"column\">\n\t\t\t<div class=\"elementor-widget-wrap elementor-element-populated\">\n\t\t\t\t\t\t<div class=\"elementor-element elementor-element-4af252b elementor-widget elementor-widget-shortcode\" data-id=\"4af252b\" data-element_type=\"widget\" data-e-type=\"widget\" data-widget_type=\"shortcode.default\">\n\t\t\t\t<div class=\"elementor-widget-container\">\n\t\t\t\t\t\t\t<div class=\"elementor-shortcode\"><iframe src=\"https:\/\/www.google.com\/maps\/embed?pb=!1m18!1m12!1m3!1d510180.5189304874!2d-43.4238217424626!3d-2.576396159863753!2m3!1f0!2f0!3f0!3m2!1i1024!2i768!4f13.1!3m3!1m2!1s0x7f19ee15e39be5f%3A0x2d2895d0d57e9beb!2sParc%20national%20des%20Len%C3%A7%C3%B3is%20Maranhenses!5e0!3m2!1sfr!2sbr!4v1629306685092!5m2!1sfr!2sbr\" width=\"600\" height=\"450\" style=\"border:0;\" allowfullscreen=\"\" loading=\"lazy\"><\/iframe><\/div>\n\t\t\t\t\t\t<\/div>\n\t\t\t\t<\/div>\n\t\t\t\t\t<\/div>\n\t\t<\/div>\n\t\t\t\t\t<\/div>\n\t\t<\/section>\n\t\t\t\t<section class=\"elementor-section elementor-top-section elementor-element elementor-element-76b1b5dd elementor-section-content-middle elementor-section-stretched elementor-section-boxed elementor-section-height-default elementor-section-height-default\" data-id=\"76b1b5dd\" data-element_type=\"section\" data-e-type=\"section\" data-settings=\"{&quot;background_background&quot;:&quot;classic&quot;,&quot;stretch_section&quot;:&quot;section-stretched&quot;}\">\n\t\t\t\t\t\t\t<div class=\"elementor-background-overlay\"><\/div>\n\t\t\t\t\t\t\t<div class=\"elementor-container elementor-column-gap-extended\">\n\t\t\t\t\t<div class=\"elementor-column elementor-col-50 elementor-top-column elementor-element elementor-element-2ac00df4\" data-id=\"2ac00df4\" data-element_type=\"column\" data-e-type=\"column\">\n\t\t\t<div class=\"elementor-widget-wrap elementor-element-populated\">\n\t\t\t\t\t\t<div class=\"elementor-element elementor-element-70454316 elementor-invisible elementor-widget elementor-widget-text-editor\" data-id=\"70454316\" data-element_type=\"widget\" data-e-type=\"widget\" data-settings=\"{&quot;_animation&quot;:&quot;fadeInDown&quot;}\" data-widget_type=\"text-editor.default\">\n\t\t\t\t<div class=\"elementor-widget-container\">\n\t\t\t\t\t\t\t\t\t<p>Brazil Ecotour agence de voyage au br\u00e9sil<\/p>\t\t\t\t\t\t\t\t<\/div>\n\t\t\t\t<\/div>\n\t\t\t\t<div class=\"elementor-element elementor-element-121a7492 elementor-invisible elementor-widget elementor-widget-heading\" data-id=\"121a7492\" data-element_type=\"widget\" data-e-type=\"widget\" data-settings=\"{&quot;_animation&quot;:&quot;fadeInUp&quot;}\" data-widget_type=\"heading.default\">\n\t\t\t\t<div class=\"elementor-widget-container\">\n\t\t\t\t\t<h2 class=\"elementor-heading-title elementor-size-default\">S\u00e9jour au br\u00e9sil <\/h2>\t\t\t\t<\/div>\n\t\t\t\t<\/div>\n\t\t\t\t\t<\/div>\n\t\t<\/div>\n\t\t\t\t<div class=\"elementor-column elementor-col-50 elementor-top-column elementor-element elementor-element-577ce901\" data-id=\"577ce901\" data-element_type=\"column\" data-e-type=\"column\">\n\t\t\t<div class=\"elementor-widget-wrap elementor-element-populated\">\n\t\t\t\t\t\t<div class=\"elementor-element elementor-element-49bfe828 elementor-align-right elementor-mobile-align-center elementor-tablet-align-center elementor-widget elementor-widget-button\" data-id=\"49bfe828\" data-element_type=\"widget\" data-e-type=\"widget\" data-widget_type=\"button.default\">\n\t\t\t\t<div class=\"elementor-widget-container\">\n\t\t\t\t\t\t\t\t\t<div class=\"elementor-button-wrapper\">\n\t\t\t\t\t<a class=\"elementor-button elementor-button-link elementor-size-sm\" href=\"https:\/\/www.brazilecotour.com\/fr\/contact-agence-de-voyage-bresil\/\">\n\t\t\t\t\t\t<span class=\"elementor-button-content-wrapper\">\n\t\t\t\t\t\t\t\t\t<span class=\"elementor-button-text\">demandez votre devis gratuit<\/span>\n\t\t\t\t\t<\/span>\n\t\t\t\t\t<\/a>\n\t\t\t\t<\/div>\n\t\t\t\t\t\t\t\t<\/div>\n\t\t\t\t<\/div>\n\t\t\t\t\t<\/div>\n\t\t<\/div>\n\t\t\t\t\t<\/div>\n\t\t<\/section>\n\t\t\t\t<\/div>\n\t\t","protected":false},"excerpt":{"rendered":"<p>In Brasilien, Die W\u00fcste Len\u00e7\u00f3is Maranhenses, Eine Fata Morgana Am Ozean.<\/p>\n","protected":false},"author":2,"featured_media":20263,"comment_status":"open","ping_status":"closed","sticky":false,"template":"elementor_canvas","format":"standard","meta":{"_coblocks_attr":"","_coblocks_dimensions":"","_coblocks_responsive_height":"","_coblocks_accordion_ie_support":"","hide_page_title":"","footnotes":""},"categories":[39],"tags":[],"class_list":["post-26922","post","type-post","status-publish","format-standard","has-post-thumbnail","hentry","category-non-classifiee"],"yoast_head":"<!-- This site is optimized with the Yoast SEO Premium plugin v25.9 (Yoast SEO v27.4) - https:\/\/yoast.com\/product\/yoast-seo-premium-wordpress\/ -->\n<title>In Brasilien, die W\u00fcste Len\u00e7\u00f3is Maranhenses, eine Fata Morgana am Ozean.<\/title>\n<meta name=\"description\" content=\"In Brasilien, Die W\u00fcste Len\u00e7\u00f3is Maranhenses, Eine Fata Morgana Am Ozean.\" \/>\n<meta name=\"robots\" content=\"index, follow, max-snippet:-1, max-image-preview:large, max-video-preview:-1\" \/>\n<link rel=\"canonical\" href=\"https:\/\/www.brazilecotour.com\/de\/in-brasilien-die-wueste-lencois-maranhenses-eine-fata-morgana-am-ozean\/\" \/>\n<meta property=\"og:locale\" content=\"de_DE\" \/>\n<meta property=\"og:type\" content=\"article\" \/>\n<meta property=\"og:title\" content=\"In Brasilien, die W\u00fcste Len\u00e7\u00f3is Maranhenses, eine Fata Morgana am Ozean.\" \/>\n<meta property=\"og:description\" content=\"In Brasilien, Die W\u00fcste Len\u00e7\u00f3is Maranhenses, Eine Fata Morgana Am Ozean.\" \/>\n<meta property=\"og:url\" content=\"https:\/\/www.brazilecotour.com\/de\/in-brasilien-die-wueste-lencois-maranhenses-eine-fata-morgana-am-ozean\/\" \/>\n<meta property=\"og:site_name\" content=\"Brazil Ecotour | DMC &amp; Travel agency in Brazil\" \/>\n<meta property=\"article:publisher\" content=\"https:\/\/www.facebook.com\/brazilecotour\/\" \/>\n<meta property=\"article:author\" content=\"https:\/\/www.facebook.com\/brazilecotour\/\" \/>\n<meta property=\"article:published_time\" content=\"2024-08-18T17:09:43+00:00\" \/>\n<meta property=\"article:modified_time\" content=\"2024-08-18T19:12:23+00:00\" \/>\n<meta property=\"og:image\" content=\"https:\/\/www.brazilecotour.com\/wp-content\/uploads\/2017\/05\/lencois-maranhenses-tours-brazil.jpg\" \/>\n\t<meta property=\"og:image:width\" content=\"1080\" \/>\n\t<meta property=\"og:image:height\" content=\"685\" \/>\n\t<meta property=\"og:image:type\" content=\"image\/jpeg\" \/>\n<meta name=\"author\" content=\"Brazil Ecotour\" \/>\n<meta name=\"twitter:card\" content=\"summary_large_image\" \/>\n<meta name=\"twitter:creator\" content=\"@brazilecotour01\" \/>\n<meta name=\"twitter:site\" content=\"@brazilecotour01\" \/>\n<meta name=\"twitter:label1\" content=\"Verfasst von\" \/>\n\t<meta name=\"twitter:data1\" content=\"Brazil Ecotour\" \/>\n\t<meta name=\"twitter:label2\" content=\"Gesch\u00e4tzte Lesezeit\" \/>\n\t<meta name=\"twitter:data2\" content=\"8\u00a0Minuten\" \/>\n<script type=\"application\/ld+json\" class=\"yoast-schema-graph\">{\"@context\":\"https:\\\/\\\/schema.org\",\"@graph\":[{\"@type\":\"Article\",\"@id\":\"https:\\\/\\\/www.brazilecotour.com\\\/de\\\/in-brasilien-die-wueste-lencois-maranhenses-eine-fata-morgana-am-ozean\\\/#article\",\"isPartOf\":{\"@id\":\"https:\\\/\\\/www.brazilecotour.com\\\/de\\\/in-brasilien-die-wueste-lencois-maranhenses-eine-fata-morgana-am-ozean\\\/\"},\"author\":{\"name\":\"Brazil Ecotour\",\"@id\":\"https:\\\/\\\/www.brazilecotour.com\\\/de\\\/#\\\/schema\\\/person\\\/bb20c278af8580ea123f7584ce5a7a83\"},\"headline\":\"In Brasilien, die W\u00fcste Len\u00e7\u00f3is Maranhenses, eine Fata Morgana am Ozean.\",\"datePublished\":\"2024-08-18T17:09:43+00:00\",\"dateModified\":\"2024-08-18T19:12:23+00:00\",\"mainEntityOfPage\":{\"@id\":\"https:\\\/\\\/www.brazilecotour.com\\\/de\\\/in-brasilien-die-wueste-lencois-maranhenses-eine-fata-morgana-am-ozean\\\/\"},\"wordCount\":1238,\"commentCount\":0,\"publisher\":{\"@id\":\"https:\\\/\\\/www.brazilecotour.com\\\/de\\\/#organization\"},\"image\":{\"@id\":\"https:\\\/\\\/www.brazilecotour.com\\\/de\\\/in-brasilien-die-wueste-lencois-maranhenses-eine-fata-morgana-am-ozean\\\/#primaryimage\"},\"thumbnailUrl\":\"https:\\\/\\\/www.brazilecotour.com\\\/wp-content\\\/uploads\\\/2017\\\/05\\\/lencois-maranhenses-tours-brazil.jpg\",\"articleSection\":[\"Non classifi\u00e9(e)\"],\"inLanguage\":\"de\",\"potentialAction\":[{\"@type\":\"CommentAction\",\"name\":\"Comment\",\"target\":[\"https:\\\/\\\/www.brazilecotour.com\\\/de\\\/in-brasilien-die-wueste-lencois-maranhenses-eine-fata-morgana-am-ozean\\\/#respond\"]}]},{\"@type\":\"WebPage\",\"@id\":\"https:\\\/\\\/www.brazilecotour.com\\\/de\\\/in-brasilien-die-wueste-lencois-maranhenses-eine-fata-morgana-am-ozean\\\/\",\"url\":\"https:\\\/\\\/www.brazilecotour.com\\\/de\\\/in-brasilien-die-wueste-lencois-maranhenses-eine-fata-morgana-am-ozean\\\/\",\"name\":\"In Brasilien, die W\u00fcste Len\u00e7\u00f3is Maranhenses, eine Fata Morgana am Ozean.\",\"isPartOf\":{\"@id\":\"https:\\\/\\\/www.brazilecotour.com\\\/de\\\/#website\"},\"primaryImageOfPage\":{\"@id\":\"https:\\\/\\\/www.brazilecotour.com\\\/de\\\/in-brasilien-die-wueste-lencois-maranhenses-eine-fata-morgana-am-ozean\\\/#primaryimage\"},\"image\":{\"@id\":\"https:\\\/\\\/www.brazilecotour.com\\\/de\\\/in-brasilien-die-wueste-lencois-maranhenses-eine-fata-morgana-am-ozean\\\/#primaryimage\"},\"thumbnailUrl\":\"https:\\\/\\\/www.brazilecotour.com\\\/wp-content\\\/uploads\\\/2017\\\/05\\\/lencois-maranhenses-tours-brazil.jpg\",\"datePublished\":\"2024-08-18T17:09:43+00:00\",\"dateModified\":\"2024-08-18T19:12:23+00:00\",\"description\":\"In Brasilien, Die W\u00fcste Len\u00e7\u00f3is Maranhenses, Eine Fata Morgana Am Ozean.\",\"breadcrumb\":{\"@id\":\"https:\\\/\\\/www.brazilecotour.com\\\/de\\\/in-brasilien-die-wueste-lencois-maranhenses-eine-fata-morgana-am-ozean\\\/#breadcrumb\"},\"inLanguage\":\"de\",\"potentialAction\":[{\"@type\":\"ReadAction\",\"target\":[\"https:\\\/\\\/www.brazilecotour.com\\\/de\\\/in-brasilien-die-wueste-lencois-maranhenses-eine-fata-morgana-am-ozean\\\/\"]}]},{\"@type\":\"ImageObject\",\"inLanguage\":\"de\",\"@id\":\"https:\\\/\\\/www.brazilecotour.com\\\/de\\\/in-brasilien-die-wueste-lencois-maranhenses-eine-fata-morgana-am-ozean\\\/#primaryimage\",\"url\":\"https:\\\/\\\/www.brazilecotour.com\\\/wp-content\\\/uploads\\\/2017\\\/05\\\/lencois-maranhenses-tours-brazil.jpg\",\"contentUrl\":\"https:\\\/\\\/www.brazilecotour.com\\\/wp-content\\\/uploads\\\/2017\\\/05\\\/lencois-maranhenses-tours-brazil.jpg\",\"width\":1080,\"height\":685,\"caption\":\"lencois maranhenses tours brazil\"},{\"@type\":\"BreadcrumbList\",\"@id\":\"https:\\\/\\\/www.brazilecotour.com\\\/de\\\/in-brasilien-die-wueste-lencois-maranhenses-eine-fata-morgana-am-ozean\\\/#breadcrumb\",\"itemListElement\":[{\"@type\":\"ListItem\",\"position\":1,\"name\":\"Accueil\",\"item\":\"https:\\\/\\\/www.brazilecotour.com\\\/de\\\/\"},{\"@type\":\"ListItem\",\"position\":2,\"name\":\"In Brasilien, die W\u00fcste Len\u00e7\u00f3is Maranhenses, eine Fata Morgana am Ozean.\"}]},{\"@type\":\"WebSite\",\"@id\":\"https:\\\/\\\/www.brazilecotour.com\\\/de\\\/#website\",\"url\":\"https:\\\/\\\/www.brazilecotour.com\\\/de\\\/\",\"name\":\"Brazil Ecotour | DMC and Travel Agency in Brazil\",\"description\":\"Beyond Travel, Real Experiences\",\"publisher\":{\"@id\":\"https:\\\/\\\/www.brazilecotour.com\\\/de\\\/#organization\"},\"potentialAction\":[{\"@type\":\"SearchAction\",\"target\":{\"@type\":\"EntryPoint\",\"urlTemplate\":\"https:\\\/\\\/www.brazilecotour.com\\\/de\\\/?s={search_term_string}\"},\"query-input\":{\"@type\":\"PropertyValueSpecification\",\"valueRequired\":true,\"valueName\":\"search_term_string\"}}],\"inLanguage\":\"de\"},{\"@type\":\"Organization\",\"@id\":\"https:\\\/\\\/www.brazilecotour.com\\\/de\\\/#organization\",\"name\":\"Brazil Ecotour | DMC & Travel agency in Brazil\",\"url\":\"https:\\\/\\\/www.brazilecotour.com\\\/de\\\/\",\"logo\":{\"@type\":\"ImageObject\",\"inLanguage\":\"de\",\"@id\":\"https:\\\/\\\/www.brazilecotour.com\\\/de\\\/#\\\/schema\\\/logo\\\/image\\\/\",\"url\":\"https:\\\/\\\/www.brazilecotour.com\\\/wp-content\\\/uploads\\\/2017\\\/06\\\/brazilecotour_logo.png\",\"contentUrl\":\"https:\\\/\\\/www.brazilecotour.com\\\/wp-content\\\/uploads\\\/2017\\\/06\\\/brazilecotour_logo.png\",\"width\":350,\"height\":100,\"caption\":\"Brazil Ecotour | DMC & Travel agency in Brazil\"},\"image\":{\"@id\":\"https:\\\/\\\/www.brazilecotour.com\\\/de\\\/#\\\/schema\\\/logo\\\/image\\\/\"},\"sameAs\":[\"https:\\\/\\\/www.facebook.com\\\/brazilecotour\\\/\",\"https:\\\/\\\/x.com\\\/brazilecotour01\",\"https:\\\/\\\/www.instagram.com\\\/brazilecotour\\\/\",\"https:\\\/\\\/www.linkedin.com\\\/company\\\/brazilecotour\",\"https:\\\/\\\/www.pinterest.com\\\/brazilecotour\\\/\",\"https:\\\/\\\/www.youtube.com\\\/channel\\\/UCbaIa7Xo7DuwNz0z3H1zDnA\"]},{\"@type\":\"Person\",\"@id\":\"https:\\\/\\\/www.brazilecotour.com\\\/de\\\/#\\\/schema\\\/person\\\/bb20c278af8580ea123f7584ce5a7a83\",\"name\":\"Brazil Ecotour\",\"image\":{\"@type\":\"ImageObject\",\"inLanguage\":\"de\",\"@id\":\"https:\\\/\\\/secure.gravatar.com\\\/avatar\\\/ec959129edd806b486b9fa8401bc242b60f01c2f7809cc01175829f25a1964c3?s=96&d=mm&r=g\",\"url\":\"https:\\\/\\\/secure.gravatar.com\\\/avatar\\\/ec959129edd806b486b9fa8401bc242b60f01c2f7809cc01175829f25a1964c3?s=96&d=mm&r=g\",\"contentUrl\":\"https:\\\/\\\/secure.gravatar.com\\\/avatar\\\/ec959129edd806b486b9fa8401bc242b60f01c2f7809cc01175829f25a1964c3?s=96&d=mm&r=g\",\"caption\":\"Brazil Ecotour\"},\"sameAs\":[\"https:\\\/\\\/www.brazilecotour.com\",\"https:\\\/\\\/www.facebook.com\\\/brazilecotour\\\/\",\"https:\\\/\\\/x.com\\\/@brazilecotour01\"]}]}<\/script>\n<!-- \/ Yoast SEO Premium plugin. -->","yoast_head_json":{"title":"In Brasilien, die W\u00fcste Len\u00e7\u00f3is Maranhenses, eine Fata Morgana am Ozean.","description":"In Brasilien, Die W\u00fcste Len\u00e7\u00f3is Maranhenses, Eine Fata Morgana Am Ozean.","robots":{"index":"index","follow":"follow","max-snippet":"max-snippet:-1","max-image-preview":"max-image-preview:large","max-video-preview":"max-video-preview:-1"},"canonical":"https:\/\/www.brazilecotour.com\/de\/in-brasilien-die-wueste-lencois-maranhenses-eine-fata-morgana-am-ozean\/","og_locale":"de_DE","og_type":"article","og_title":"In Brasilien, die W\u00fcste Len\u00e7\u00f3is Maranhenses, eine Fata Morgana am Ozean.","og_description":"In Brasilien, Die W\u00fcste Len\u00e7\u00f3is Maranhenses, Eine Fata Morgana Am Ozean.","og_url":"https:\/\/www.brazilecotour.com\/de\/in-brasilien-die-wueste-lencois-maranhenses-eine-fata-morgana-am-ozean\/","og_site_name":"Brazil Ecotour | DMC &amp; Travel agency in Brazil","article_publisher":"https:\/\/www.facebook.com\/brazilecotour\/","article_author":"https:\/\/www.facebook.com\/brazilecotour\/","article_published_time":"2024-08-18T17:09:43+00:00","article_modified_time":"2024-08-18T19:12:23+00:00","og_image":[{"width":1080,"height":685,"url":"https:\/\/www.brazilecotour.com\/wp-content\/uploads\/2017\/05\/lencois-maranhenses-tours-brazil.jpg","type":"image\/jpeg"}],"author":"Brazil Ecotour","twitter_card":"summary_large_image","twitter_creator":"@brazilecotour01","twitter_site":"@brazilecotour01","twitter_misc":{"Verfasst von":"Brazil Ecotour","Gesch\u00e4tzte Lesezeit":"8\u00a0Minuten"},"schema":{"@context":"https:\/\/schema.org","@graph":[{"@type":"Article","@id":"https:\/\/www.brazilecotour.com\/de\/in-brasilien-die-wueste-lencois-maranhenses-eine-fata-morgana-am-ozean\/#article","isPartOf":{"@id":"https:\/\/www.brazilecotour.com\/de\/in-brasilien-die-wueste-lencois-maranhenses-eine-fata-morgana-am-ozean\/"},"author":{"name":"Brazil Ecotour","@id":"https:\/\/www.brazilecotour.com\/de\/#\/schema\/person\/bb20c278af8580ea123f7584ce5a7a83"},"headline":"In Brasilien, die W\u00fcste Len\u00e7\u00f3is Maranhenses, eine Fata Morgana am Ozean.","datePublished":"2024-08-18T17:09:43+00:00","dateModified":"2024-08-18T19:12:23+00:00","mainEntityOfPage":{"@id":"https:\/\/www.brazilecotour.com\/de\/in-brasilien-die-wueste-lencois-maranhenses-eine-fata-morgana-am-ozean\/"},"wordCount":1238,"commentCount":0,"publisher":{"@id":"https:\/\/www.brazilecotour.com\/de\/#organization"},"image":{"@id":"https:\/\/www.brazilecotour.com\/de\/in-brasilien-die-wueste-lencois-maranhenses-eine-fata-morgana-am-ozean\/#primaryimage"},"thumbnailUrl":"https:\/\/www.brazilecotour.com\/wp-content\/uploads\/2017\/05\/lencois-maranhenses-tours-brazil.jpg","articleSection":["Non classifi\u00e9(e)"],"inLanguage":"de","potentialAction":[{"@type":"CommentAction","name":"Comment","target":["https:\/\/www.brazilecotour.com\/de\/in-brasilien-die-wueste-lencois-maranhenses-eine-fata-morgana-am-ozean\/#respond"]}]},{"@type":"WebPage","@id":"https:\/\/www.brazilecotour.com\/de\/in-brasilien-die-wueste-lencois-maranhenses-eine-fata-morgana-am-ozean\/","url":"https:\/\/www.brazilecotour.com\/de\/in-brasilien-die-wueste-lencois-maranhenses-eine-fata-morgana-am-ozean\/","name":"In Brasilien, die W\u00fcste Len\u00e7\u00f3is Maranhenses, eine Fata Morgana am Ozean.","isPartOf":{"@id":"https:\/\/www.brazilecotour.com\/de\/#website"},"primaryImageOfPage":{"@id":"https:\/\/www.brazilecotour.com\/de\/in-brasilien-die-wueste-lencois-maranhenses-eine-fata-morgana-am-ozean\/#primaryimage"},"image":{"@id":"https:\/\/www.brazilecotour.com\/de\/in-brasilien-die-wueste-lencois-maranhenses-eine-fata-morgana-am-ozean\/#primaryimage"},"thumbnailUrl":"https:\/\/www.brazilecotour.com\/wp-content\/uploads\/2017\/05\/lencois-maranhenses-tours-brazil.jpg","datePublished":"2024-08-18T17:09:43+00:00","dateModified":"2024-08-18T19:12:23+00:00","description":"In Brasilien, Die W\u00fcste Len\u00e7\u00f3is Maranhenses, Eine Fata Morgana Am Ozean.","breadcrumb":{"@id":"https:\/\/www.brazilecotour.com\/de\/in-brasilien-die-wueste-lencois-maranhenses-eine-fata-morgana-am-ozean\/#breadcrumb"},"inLanguage":"de","potentialAction":[{"@type":"ReadAction","target":["https:\/\/www.brazilecotour.com\/de\/in-brasilien-die-wueste-lencois-maranhenses-eine-fata-morgana-am-ozean\/"]}]},{"@type":"ImageObject","inLanguage":"de","@id":"https:\/\/www.brazilecotour.com\/de\/in-brasilien-die-wueste-lencois-maranhenses-eine-fata-morgana-am-ozean\/#primaryimage","url":"https:\/\/www.brazilecotour.com\/wp-content\/uploads\/2017\/05\/lencois-maranhenses-tours-brazil.jpg","contentUrl":"https:\/\/www.brazilecotour.com\/wp-content\/uploads\/2017\/05\/lencois-maranhenses-tours-brazil.jpg","width":1080,"height":685,"caption":"lencois maranhenses tours brazil"},{"@type":"BreadcrumbList","@id":"https:\/\/www.brazilecotour.com\/de\/in-brasilien-die-wueste-lencois-maranhenses-eine-fata-morgana-am-ozean\/#breadcrumb","itemListElement":[{"@type":"ListItem","position":1,"name":"Accueil","item":"https:\/\/www.brazilecotour.com\/de\/"},{"@type":"ListItem","position":2,"name":"In Brasilien, die W\u00fcste Len\u00e7\u00f3is Maranhenses, eine Fata Morgana am Ozean."}]},{"@type":"WebSite","@id":"https:\/\/www.brazilecotour.com\/de\/#website","url":"https:\/\/www.brazilecotour.com\/de\/","name":"Brazil Ecotour | DMC and Travel Agency in Brazil","description":"Beyond Travel, Real Experiences","publisher":{"@id":"https:\/\/www.brazilecotour.com\/de\/#organization"},"potentialAction":[{"@type":"SearchAction","target":{"@type":"EntryPoint","urlTemplate":"https:\/\/www.brazilecotour.com\/de\/?s={search_term_string}"},"query-input":{"@type":"PropertyValueSpecification","valueRequired":true,"valueName":"search_term_string"}}],"inLanguage":"de"},{"@type":"Organization","@id":"https:\/\/www.brazilecotour.com\/de\/#organization","name":"Brazil Ecotour | DMC & Travel agency in Brazil","url":"https:\/\/www.brazilecotour.com\/de\/","logo":{"@type":"ImageObject","inLanguage":"de","@id":"https:\/\/www.brazilecotour.com\/de\/#\/schema\/logo\/image\/","url":"https:\/\/www.brazilecotour.com\/wp-content\/uploads\/2017\/06\/brazilecotour_logo.png","contentUrl":"https:\/\/www.brazilecotour.com\/wp-content\/uploads\/2017\/06\/brazilecotour_logo.png","width":350,"height":100,"caption":"Brazil Ecotour | DMC & Travel agency in Brazil"},"image":{"@id":"https:\/\/www.brazilecotour.com\/de\/#\/schema\/logo\/image\/"},"sameAs":["https:\/\/www.facebook.com\/brazilecotour\/","https:\/\/x.com\/brazilecotour01","https:\/\/www.instagram.com\/brazilecotour\/","https:\/\/www.linkedin.com\/company\/brazilecotour","https:\/\/www.pinterest.com\/brazilecotour\/","https:\/\/www.youtube.com\/channel\/UCbaIa7Xo7DuwNz0z3H1zDnA"]},{"@type":"Person","@id":"https:\/\/www.brazilecotour.com\/de\/#\/schema\/person\/bb20c278af8580ea123f7584ce5a7a83","name":"Brazil Ecotour","image":{"@type":"ImageObject","inLanguage":"de","@id":"https:\/\/secure.gravatar.com\/avatar\/ec959129edd806b486b9fa8401bc242b60f01c2f7809cc01175829f25a1964c3?s=96&d=mm&r=g","url":"https:\/\/secure.gravatar.com\/avatar\/ec959129edd806b486b9fa8401bc242b60f01c2f7809cc01175829f25a1964c3?s=96&d=mm&r=g","contentUrl":"https:\/\/secure.gravatar.com\/avatar\/ec959129edd806b486b9fa8401bc242b60f01c2f7809cc01175829f25a1964c3?s=96&d=mm&r=g","caption":"Brazil Ecotour"},"sameAs":["https:\/\/www.brazilecotour.com","https:\/\/www.facebook.com\/brazilecotour\/","https:\/\/x.com\/@brazilecotour01"]}]}},"_links":{"self":[{"href":"https:\/\/www.brazilecotour.com\/de\/wp-json\/wp\/v2\/posts\/26922","targetHints":{"allow":["GET"]}}],"collection":[{"href":"https:\/\/www.brazilecotour.com\/de\/wp-json\/wp\/v2\/posts"}],"about":[{"href":"https:\/\/www.brazilecotour.com\/de\/wp-json\/wp\/v2\/types\/post"}],"author":[{"embeddable":true,"href":"https:\/\/www.brazilecotour.com\/de\/wp-json\/wp\/v2\/users\/2"}],"replies":[{"embeddable":true,"href":"https:\/\/www.brazilecotour.com\/de\/wp-json\/wp\/v2\/comments?post=26922"}],"version-history":[{"count":16,"href":"https:\/\/www.brazilecotour.com\/de\/wp-json\/wp\/v2\/posts\/26922\/revisions"}],"predecessor-version":[{"id":26942,"href":"https:\/\/www.brazilecotour.com\/de\/wp-json\/wp\/v2\/posts\/26922\/revisions\/26942"}],"wp:featuredmedia":[{"embeddable":true,"href":"https:\/\/www.brazilecotour.com\/de\/wp-json\/wp\/v2\/media\/20263"}],"wp:attachment":[{"href":"https:\/\/www.brazilecotour.com\/de\/wp-json\/wp\/v2\/media?parent=26922"}],"wp:term":[{"taxonomy":"category","embeddable":true,"href":"https:\/\/www.brazilecotour.com\/de\/wp-json\/wp\/v2\/categories?post=26922"},{"taxonomy":"post_tag","embeddable":true,"href":"https:\/\/www.brazilecotour.com\/de\/wp-json\/wp\/v2\/tags?post=26922"}],"curies":[{"name":"wp","href":"https:\/\/api.w.org\/{rel}","templated":true}]}}