{"id":11833,"date":"2020-06-11T22:57:08","date_gmt":"2020-06-11T20:57:08","guid":{"rendered":"https:\/\/www.brazilecotour.com\/?p=11833"},"modified":"2021-08-18T18:54:48","modified_gmt":"2021-08-18T16:54:48","slug":"voyage-au-bresil-partez-pour-le-frisson","status":"publish","type":"post","link":"https:\/\/www.brazilecotour.com\/fr\/voyage-au-bresil-partez-pour-le-frisson\/","title":{"rendered":"Voyage au Br\u00e9sil, partez pour le frisson"},"content":{"rendered":"\t\t<div data-elementor-type=\"wp-post\" data-elementor-id=\"11833\" class=\"elementor elementor-11833\">\n\t\t\t\t\t\t<section class=\"elementor-section elementor-top-section elementor-element elementor-element-35ea02fd elementor-section-height-min-height elementor-section-boxed elementor-section-height-default elementor-section-items-middle elementor-invisible\" data-id=\"35ea02fd\" data-element_type=\"section\" data-e-type=\"section\" data-settings=\"{&quot;background_background&quot;:&quot;classic&quot;,&quot;animation&quot;:&quot;fadeIn&quot;}\">\n\t\t\t\t\t\t\t<div class=\"elementor-background-overlay\"><\/div>\n\t\t\t\t\t\t\t<div class=\"elementor-container elementor-column-gap-default\">\n\t\t\t\t\t<div class=\"elementor-column elementor-col-100 elementor-top-column elementor-element elementor-element-76f66e43\" data-id=\"76f66e43\" data-element_type=\"column\" data-e-type=\"column\">\n\t\t\t<div class=\"elementor-widget-wrap elementor-element-populated\">\n\t\t\t\t\t\t<section class=\"elementor-section elementor-inner-section elementor-element elementor-element-12a2d731 elementor-section-boxed elementor-section-height-default elementor-section-height-default\" data-id=\"12a2d731\" data-element_type=\"section\" data-e-type=\"section\">\n\t\t\t\t\t\t<div class=\"elementor-container elementor-column-gap-default\">\n\t\t\t\t\t<div class=\"elementor-column elementor-col-100 elementor-inner-column elementor-element elementor-element-5c310040\" data-id=\"5c310040\" data-element_type=\"column\" data-e-type=\"column\">\n\t\t\t<div class=\"elementor-widget-wrap elementor-element-populated\">\n\t\t\t\t\t\t<div class=\"elementor-element elementor-element-38b697b8 elementor-invisible elementor-widget elementor-widget-heading\" data-id=\"38b697b8\" data-element_type=\"widget\" data-e-type=\"widget\" data-settings=\"{&quot;_animation&quot;:&quot;fadeInUp&quot;,&quot;_animation_delay&quot;:400}\" data-widget_type=\"heading.default\">\n\t\t\t\t<div class=\"elementor-widget-container\">\n\t\t\t\t\t<h1 class=\"elementor-heading-title elementor-size-default\">Voyage au Br\u00e9sil, partez pour le frisson <\/h1>\t\t\t\t<\/div>\n\t\t\t\t<\/div>\n\t\t\t\t<div class=\"elementor-element elementor-element-343774bc elementor-align-right elementor-widget elementor-widget-button\" data-id=\"343774bc\" data-element_type=\"widget\" data-e-type=\"widget\" data-widget_type=\"button.default\">\n\t\t\t\t<div class=\"elementor-widget-container\">\n\t\t\t\t\t\t\t\t\t<div class=\"elementor-button-wrapper\">\n\t\t\t\t\t<a class=\"elementor-button elementor-button-link elementor-size-md\" href=\"https:\/\/www.brazilecotour.com\/fr\/contact-agence-de-voyage-bresil\/\">\n\t\t\t\t\t\t<span class=\"elementor-button-content-wrapper\">\n\t\t\t\t\t\t\t\t\t<span class=\"elementor-button-text\">demandez votre devis Gratuit<\/span>\n\t\t\t\t\t<\/span>\n\t\t\t\t\t<\/a>\n\t\t\t\t<\/div>\n\t\t\t\t\t\t\t\t<\/div>\n\t\t\t\t<\/div>\n\t\t\t\t\t<\/div>\n\t\t<\/div>\n\t\t\t\t\t<\/div>\n\t\t<\/section>\n\t\t\t\t\t<\/div>\n\t\t<\/div>\n\t\t\t\t\t<\/div>\n\t\t<\/section>\n\t\t\t\t<section class=\"elementor-section elementor-top-section elementor-element elementor-element-f1bd241 elementor-section-boxed elementor-section-height-default elementor-section-height-default\" data-id=\"f1bd241\" data-element_type=\"section\" data-e-type=\"section\">\n\t\t\t\t\t\t<div class=\"elementor-container elementor-column-gap-default\">\n\t\t\t\t\t<div class=\"elementor-column elementor-col-100 elementor-top-column elementor-element elementor-element-9c60145\" data-id=\"9c60145\" data-element_type=\"column\" data-e-type=\"column\">\n\t\t\t<div class=\"elementor-widget-wrap elementor-element-populated\">\n\t\t\t\t\t\t<div class=\"elementor-element elementor-element-9e2737e elementor-widget elementor-widget-text-editor\" data-id=\"9e2737e\" data-element_type=\"widget\" data-e-type=\"widget\" data-widget_type=\"text-editor.default\">\n\t\t\t\t<div class=\"elementor-widget-container\">\n\t\t\t\t\t\t\t\t\t<p>Le Br\u00e9sil est le pays d\u2019<a href=\"https:\/\/www.brazilecotour.com\/fr\/voyage-en-amerique-du-sud-une-terre-de-majeste-incommensurable\/\">Am\u00e9rique du Sud<\/a> le plus grand et le plus dynamique, limitrophe de toutes les autres nations du continent sauf deux. Au <a href=\"https:\/\/www.brazilecotour.com\/fr\/our-destinations\/\">Br\u00e9sil<\/a>, les aventures sauvages de <a href=\"https:\/\/www.brazilecotour.com\/fr\/bresil\/\">l\u2019Amazonie<\/a> peuvent \u00eatre associ\u00e9es \u00e0 des sites touristiques stimulants et \u00e0 des escapades tranquilles sur la plage. La colonisation portugaise du <a href=\"https:\/\/www.brazilecotour.com\/galleries\/bresil-costa-verde\/\">Br\u00e9sil<\/a> ainsi que sa participation \u00e0 la traite des esclaves du triangle atlantique avec <a href=\"https:\/\/fr.wikipedia.org\/wiki\/Br%C3%A9sil\">l\u2019Afrique<\/a> ont produit une fusion de cultures qui est c\u00e9l\u00e9br\u00e9e aujourd\u2019hui sous la forme d\u2019une cuisine fantastique, de festivals in\u00e9gal\u00e9s, de rythmes musicaux \u00e9clectiques et d\u2019une identit\u00e9 nationale diversifi\u00e9e qui est finalement adopt\u00e9e.<\/p>\t\t\t\t\t\t\t\t<\/div>\n\t\t\t\t<\/div>\n\t\t\t\t\t<\/div>\n\t\t<\/div>\n\t\t\t\t\t<\/div>\n\t\t<\/section>\n\t\t\t\t<section class=\"elementor-section elementor-top-section elementor-element elementor-element-77b6c35 elementor-section-boxed elementor-section-height-default elementor-section-height-default\" data-id=\"77b6c35\" data-element_type=\"section\" data-e-type=\"section\">\n\t\t\t\t\t\t<div class=\"elementor-container elementor-column-gap-default\">\n\t\t\t\t\t<div class=\"elementor-column elementor-col-50 elementor-top-column elementor-element elementor-element-40843f0\" data-id=\"40843f0\" data-element_type=\"column\" data-e-type=\"column\">\n\t\t\t<div class=\"elementor-widget-wrap elementor-element-populated\">\n\t\t\t\t\t\t<div class=\"elementor-element elementor-element-9640259 elementor-widget elementor-widget-image\" data-id=\"9640259\" data-element_type=\"widget\" data-e-type=\"widget\" data-widget_type=\"image.default\">\n\t\t\t\t<div class=\"elementor-widget-container\">\n\t\t\t\t\t\t\t\t\t\t\t\t\t\t\t<img fetchpriority=\"high\" decoding=\"async\" width=\"660\" height=\"353\" src=\"https:\/\/www.brazilecotour.com\/wp-content\/uploads\/2021\/03\/Manaus-teatro-brazil-1024x548.jpg\" class=\"attachment-large size-large wp-image-18773\" alt=\"Manaus teatro brazil\" srcset=\"https:\/\/www.brazilecotour.com\/wp-content\/uploads\/2021\/03\/Manaus-teatro-brazil-1024x548.jpg 1024w, https:\/\/www.brazilecotour.com\/wp-content\/uploads\/2021\/03\/Manaus-teatro-brazil-300x161.jpg 300w, https:\/\/www.brazilecotour.com\/wp-content\/uploads\/2021\/03\/Manaus-teatro-brazil-768x411.jpg 768w, https:\/\/www.brazilecotour.com\/wp-content\/uploads\/2021\/03\/Manaus-teatro-brazil.jpg 1080w\" sizes=\"(max-width: 660px) 100vw, 660px\" \/>\t\t\t\t\t\t\t\t\t\t\t\t\t\t\t<\/div>\n\t\t\t\t<\/div>\n\t\t\t\t\t<\/div>\n\t\t<\/div>\n\t\t\t\t<div class=\"elementor-column elementor-col-50 elementor-top-column elementor-element elementor-element-bae5231\" data-id=\"bae5231\" data-element_type=\"column\" data-e-type=\"column\">\n\t\t\t<div class=\"elementor-widget-wrap elementor-element-populated\">\n\t\t\t\t\t\t<div class=\"elementor-element elementor-element-4610f57 elementor-widget elementor-widget-text-editor\" data-id=\"4610f57\" data-element_type=\"widget\" data-e-type=\"widget\" data-widget_type=\"text-editor.default\">\n\t\t\t\t<div class=\"elementor-widget-container\">\n\t\t\t\t\t\t\t\t\t<p>Lorsque les colons portugais sont arriv\u00e9s en 1531, la population indig\u00e8ne qui existait \u00e9tait relativement petite et d\u00e9centralis\u00e9e par rapport aux autres empires indig\u00e8nes du continent. Ils ont \u00e9t\u00e9 rapidement r\u00e9duits en esclavage dans les plantations de canne \u00e0 sucre mais bient\u00f4t remplac\u00e9s par des Africains. Aujourd\u2019hui, leurs petites populations survivantes vivent principalement cach\u00e9es \u00e0 l\u2019int\u00e9rieur des \u00e9paisses jungles du <a href=\"https:\/\/www.routard.com\/guide\/code_dest\/bresil.htm\">Br\u00e9sil<\/a>; cependant, leur influence dans l\u2019art et l\u2019abondance de l\u2019artisanat complexe \u00e0 la main sont in\u00e9vitables, en particulier \u00e0 l\u2019int\u00e9rieur des terres. L\u2019histoire de l\u2019int\u00e9rieur intriqu\u00e9 du <a href=\"https:\/\/www.brazilecotour.com\/fr\/tours\/croisiere-rio-negro-manaus\/\">Br\u00e9sil<\/a> est \u00e9galement touch\u00e9e par des esclaves africains qui se sont \u00e9chapp\u00e9s des plantations c\u00f4ti\u00e8res et ont construit des colonies secr\u00e8tes. <a href=\"https:\/\/www.routard.com\/guide\/code_dest\/bresil.htm\">Quilombo dos Palmares \u00e9<\/a>tait la plus impressionnante de ces colonies; avec un pic de population de 30000 habitants et plus de 200 b\u00e2timents, la ville a fonctionn\u00e9 ind\u00e9pendamment pendant pr\u00e8s d\u2019un si\u00e8cle jusqu\u2019\u00e0 ce qu\u2019une sanglante bataille avec les Portugais \u00e9clate en 1694.<\/p>\t\t\t\t\t\t\t\t<\/div>\n\t\t\t\t<\/div>\n\t\t\t\t\t<\/div>\n\t\t<\/div>\n\t\t\t\t\t<\/div>\n\t\t<\/section>\n\t\t\t\t<section class=\"elementor-section elementor-top-section elementor-element elementor-element-839fd6e elementor-section-boxed elementor-section-height-default elementor-section-height-default\" data-id=\"839fd6e\" data-element_type=\"section\" data-e-type=\"section\">\n\t\t\t\t\t\t<div class=\"elementor-container elementor-column-gap-default\">\n\t\t\t\t\t<div class=\"elementor-column elementor-col-50 elementor-top-column elementor-element elementor-element-8dd8f4f\" data-id=\"8dd8f4f\" data-element_type=\"column\" data-e-type=\"column\">\n\t\t\t<div class=\"elementor-widget-wrap elementor-element-populated\">\n\t\t\t\t\t\t<div class=\"elementor-element elementor-element-136e02b elementor-widget elementor-widget-text-editor\" data-id=\"136e02b\" data-element_type=\"widget\" data-e-type=\"widget\" data-widget_type=\"text-editor.default\">\n\t\t\t\t<div class=\"elementor-widget-container\">\n\t\t\t\t\t\t\t\t\t<p>\u00c9co-sensations<br \/>Le vaste terrain du <a href=\"https:\/\/wikitravel.org\/fr\/Br%C3%A9sil\">Br\u00e9sil<\/a> est infini de merveilles naturelles. Pr\u00e8s de quarante pour cent des for\u00eats tropicales humides restantes du monde font partie des for\u00eats amazoniennes et atlantiques du <a href=\"https:\/\/www.brazilecotour.com\/fr\/voyage-en-amerique-du-sud\/\">Br\u00e9sil<\/a>, qui abritent plus de 2,5 millions d\u2019esp\u00e8ces d\u2019insectes et un cinqui\u00e8me des esp\u00e8ces d\u2019oiseaux du monde! Le piranha carnivore notoire persiste en de nombreuses quantit\u00e9s dans les eaux du fleuve Amazone, avec le fascinant Boto, la plus grande esp\u00e8ce de dauphin du fleuve. Le myst\u00e9rieux serpent Anaconda se cache \u00e9galement dans le bassin du fleuve; mais n\u2019ayez crainte, ils sont g\u00e9n\u00e9ralement inoffensifs pour l\u2019homme. \u00c0 la fronti\u00e8re argentine, les chutes d\u2019Igua\u00e7u incarnent l\u2019\u00e9tendue de la beaut\u00e9 du Br\u00e9sil avec plus de 275 cascades diff\u00e9rentes fusionnant en une seule vague de tonnerre harmonieuse avec un grand nombre de sentiers pittoresques serpentant autour des falaises en cascade et des estuaires luxuriants. Un autre ph\u00e9nom\u00e8ne aquatique se produit \u00e0 10 kilom\u00e8tres en amont de la ville de <a href=\"https:\/\/www.geo.fr\/destinations\/bresil\">Manaus<\/a>, o\u00f9 les eaux sombres de la rivi\u00e8re Negro rejoignent la rivi\u00e8re jaun\u00e2tre des Solimoes sans se fondre sur quelques kilom\u00e8tres. Cette voie navigable bicolore est le d\u00e9but du fleuve Amazone.<\/p>\t\t\t\t\t\t\t\t<\/div>\n\t\t\t\t<\/div>\n\t\t\t\t\t<\/div>\n\t\t<\/div>\n\t\t\t\t<div class=\"elementor-column elementor-col-50 elementor-top-column elementor-element elementor-element-32988d8\" data-id=\"32988d8\" data-element_type=\"column\" data-e-type=\"column\">\n\t\t\t<div class=\"elementor-widget-wrap elementor-element-populated\">\n\t\t\t\t\t\t<div class=\"elementor-element elementor-element-c5cf80e elementor-widget elementor-widget-image\" data-id=\"c5cf80e\" data-element_type=\"widget\" data-e-type=\"widget\" data-widget_type=\"image.default\">\n\t\t\t\t<div class=\"elementor-widget-container\">\n\t\t\t\t\t\t\t\t\t\t\t\t\t\t\t<img decoding=\"async\" width=\"660\" height=\"748\" src=\"https:\/\/www.brazilecotour.com\/wp-content\/uploads\/2021\/03\/Centre-historique-Sao-Luis-Maranhao-904x1024.jpg\" class=\"attachment-large size-large wp-image-18847\" alt=\"Centre historique Sao Luis Maranhao\" srcset=\"https:\/\/www.brazilecotour.com\/wp-content\/uploads\/2021\/03\/Centre-historique-Sao-Luis-Maranhao-904x1024.jpg 904w, https:\/\/www.brazilecotour.com\/wp-content\/uploads\/2021\/03\/Centre-historique-Sao-Luis-Maranhao-265x300.jpg 265w, https:\/\/www.brazilecotour.com\/wp-content\/uploads\/2021\/03\/Centre-historique-Sao-Luis-Maranhao-768x870.jpg 768w, https:\/\/www.brazilecotour.com\/wp-content\/uploads\/2021\/03\/Centre-historique-Sao-Luis-Maranhao.jpg 1080w\" sizes=\"(max-width: 660px) 100vw, 660px\" \/>\t\t\t\t\t\t\t\t\t\t\t\t\t\t\t<\/div>\n\t\t\t\t<\/div>\n\t\t\t\t\t<\/div>\n\t\t<\/div>\n\t\t\t\t\t<\/div>\n\t\t<\/section>\n\t\t\t\t<section class=\"elementor-section elementor-top-section elementor-element elementor-element-a257e9a elementor-section-boxed elementor-section-height-default elementor-section-height-default\" data-id=\"a257e9a\" data-element_type=\"section\" data-e-type=\"section\">\n\t\t\t\t\t\t<div class=\"elementor-container elementor-column-gap-default\">\n\t\t\t\t\t<div class=\"elementor-column elementor-col-50 elementor-top-column elementor-element elementor-element-3e2b9a3\" data-id=\"3e2b9a3\" data-element_type=\"column\" data-e-type=\"column\">\n\t\t\t<div class=\"elementor-widget-wrap elementor-element-populated\">\n\t\t\t\t\t\t<div class=\"elementor-element elementor-element-d2f9669 elementor-widget elementor-widget-image\" data-id=\"d2f9669\" data-element_type=\"widget\" data-e-type=\"widget\" data-widget_type=\"image.default\">\n\t\t\t\t<div class=\"elementor-widget-container\">\n\t\t\t\t\t\t\t\t\t\t\t\t\t\t\t<img decoding=\"async\" width=\"660\" height=\"419\" src=\"https:\/\/www.brazilecotour.com\/wp-content\/uploads\/2021\/03\/saoluis-historical-center.jpg\" class=\"attachment-large size-large wp-image-19101\" alt=\"sao luis historical center Maranhao\" srcset=\"https:\/\/www.brazilecotour.com\/wp-content\/uploads\/2021\/03\/saoluis-historical-center.jpg 750w, https:\/\/www.brazilecotour.com\/wp-content\/uploads\/2021\/03\/saoluis-historical-center-300x190.jpg 300w\" sizes=\"(max-width: 660px) 100vw, 660px\" \/>\t\t\t\t\t\t\t\t\t\t\t\t\t\t\t<\/div>\n\t\t\t\t<\/div>\n\t\t\t\t\t<\/div>\n\t\t<\/div>\n\t\t\t\t<div class=\"elementor-column elementor-col-50 elementor-top-column elementor-element elementor-element-8202866\" data-id=\"8202866\" data-element_type=\"column\" data-e-type=\"column\">\n\t\t\t<div class=\"elementor-widget-wrap elementor-element-populated\">\n\t\t\t\t\t\t<div class=\"elementor-element elementor-element-a05f710 elementor-widget elementor-widget-text-editor\" data-id=\"a05f710\" data-element_type=\"widget\" data-e-type=\"widget\" data-widget_type=\"text-editor.default\">\n\t\t\t\t<div class=\"elementor-widget-container\">\n\t\t\t\t\t\t\t\t\t<p>Carnaval, et ce n\u2019est pas tout<br \/>Bien que certains pr\u00e9tendent que le festival du carnaval est le meilleur moment pour visiter la ville la plus anim\u00e9e du <a href=\"https:\/\/www.lefigaro.fr\/voyages\/dossier\/bresil\">Br\u00e9sil<\/a>, <a href=\"https:\/\/www.brazilecotour.com\/fr\/brazil-ecotour-blog\/\">Rio de Janeiro<\/a>, cette m\u00e9tropole anim\u00e9e est en plein essor toute l\u2019ann\u00e9e. La population dense offre un divertissement implacable tandis que les belles plages ont tendance \u00e0 \u00eatre l\u2019ultime attraction. Les centres urbains de <a href=\"https:\/\/www.brazilecotour.com\/fr\/pourquoi-un-sejour-au-bresil\/\">Sao Paulo<\/a> et Brasilia, la capitale officielle, regorgent \u00e9galement de vie nocturne, d\u2019activit\u00e9s et d\u2019histoire. N\u2019oubliez pas que lorsque vous voyagez au <a href=\"https:\/\/www.brazilecotour.com\/galleries\/rio-de-janeiro-carnival-2019\/\">Br\u00e9sil<\/a>, les r\u00e9gions urbaines du sud connaissent un hiver (tr\u00e8s) doux pendant les mois de juin \u00e0 ao\u00fbt et le pic de l\u2019\u00e9t\u00e9 est en janvier. Les r\u00e9gions tropicales du nord sont r\u00e9guli\u00e8rement chaudes toute l\u2019ann\u00e9e.<\/p>\t\t\t\t\t\t\t\t<\/div>\n\t\t\t\t<\/div>\n\t\t\t\t\t<\/div>\n\t\t<\/div>\n\t\t\t\t\t<\/div>\n\t\t<\/section>\n\t\t\t\t<section class=\"elementor-section elementor-top-section elementor-element elementor-element-3d0ba878 elementor-section-content-middle elementor-section-boxed elementor-section-height-default elementor-section-height-default\" data-id=\"3d0ba878\" data-element_type=\"section\" data-e-type=\"section\" data-settings=\"{&quot;background_background&quot;:&quot;classic&quot;}\">\n\t\t\t\t\t\t\t<div class=\"elementor-background-overlay\"><\/div>\n\t\t\t\t\t\t\t<div class=\"elementor-container elementor-column-gap-extended\">\n\t\t\t\t\t<div class=\"elementor-column elementor-col-50 elementor-top-column elementor-element elementor-element-55b089e7\" data-id=\"55b089e7\" data-element_type=\"column\" data-e-type=\"column\">\n\t\t\t<div class=\"elementor-widget-wrap elementor-element-populated\">\n\t\t\t\t\t\t<div class=\"elementor-element elementor-element-3c0fbfea elementor-invisible elementor-widget elementor-widget-text-editor\" data-id=\"3c0fbfea\" data-element_type=\"widget\" data-e-type=\"widget\" data-settings=\"{&quot;_animation&quot;:&quot;fadeInDown&quot;}\" data-widget_type=\"text-editor.default\">\n\t\t\t\t<div class=\"elementor-widget-container\">\n\t\t\t\t\t\t\t\t\t<p>brazil ecotour\u00a0<\/p>\t\t\t\t\t\t\t\t<\/div>\n\t\t\t\t<\/div>\n\t\t\t\t<div class=\"elementor-element elementor-element-26a454c4 elementor-invisible elementor-widget elementor-widget-heading\" data-id=\"26a454c4\" data-element_type=\"widget\" data-e-type=\"widget\" data-settings=\"{&quot;_animation&quot;:&quot;fadeInUp&quot;}\" data-widget_type=\"heading.default\">\n\t\t\t\t<div class=\"elementor-widget-container\">\n\t\t\t\t\t<h2 class=\"elementor-heading-title elementor-size-default\">votre agence de voyage au br\u00e9sil<\/h2>\t\t\t\t<\/div>\n\t\t\t\t<\/div>\n\t\t\t\t\t<\/div>\n\t\t<\/div>\n\t\t\t\t<div class=\"elementor-column elementor-col-50 elementor-top-column elementor-element elementor-element-74ef520b\" data-id=\"74ef520b\" data-element_type=\"column\" data-e-type=\"column\">\n\t\t\t<div class=\"elementor-widget-wrap elementor-element-populated\">\n\t\t\t\t\t\t<div class=\"elementor-element elementor-element-2f969bad elementor-align-right elementor-mobile-align-center elementor-tablet-align-center elementor-widget elementor-widget-button\" data-id=\"2f969bad\" data-element_type=\"widget\" data-e-type=\"widget\" data-widget_type=\"button.default\">\n\t\t\t\t<div class=\"elementor-widget-container\">\n\t\t\t\t\t\t\t\t\t<div class=\"elementor-button-wrapper\">\n\t\t\t\t\t<a class=\"elementor-button elementor-button-link elementor-size-sm\" href=\"https:\/\/www.brazilecotour.com\/fr\/contact-agence-de-voyage-bresil\/\">\n\t\t\t\t\t\t<span class=\"elementor-button-content-wrapper\">\n\t\t\t\t\t\t\t\t\t<span class=\"elementor-button-text\">demandez votre devis gratuit <\/span>\n\t\t\t\t\t<\/span>\n\t\t\t\t\t<\/a>\n\t\t\t\t<\/div>\n\t\t\t\t\t\t\t\t<\/div>\n\t\t\t\t<\/div>\n\t\t\t\t\t<\/div>\n\t\t<\/div>\n\t\t\t\t\t<\/div>\n\t\t<\/section>\n\t\t\t\t<\/div>\n\t\t","protected":false},"excerpt":{"rendered":"<p>voyage au br\u00e9sil, partez pour le frisson \u200bdevis gratuit<\/p>\n","protected":false},"author":2,"featured_media":8261,"comment_status":"open","ping_status":"closed","sticky":false,"template":"elementor_canvas","format":"standard","meta":{"_coblocks_attr":"","_coblocks_dimensions":"","_coblocks_responsive_height":"","_coblocks_accordion_ie_support":"","hide_page_title":"","footnotes":""},"categories":[58],"tags":[],"class_list":["post-11833","post","type-post","status-publish","format-standard","has-post-thumbnail","hentry","category-brazil-ecotour-fr"],"yoast_head":"<!-- This site is optimized with the Yoast SEO Premium plugin v25.9 (Yoast SEO v27.4) - https:\/\/yoast.com\/product\/yoast-seo-premium-wordpress\/ -->\n<title>Voyage au Br\u00e9sil, partez pour le frisson | Brazil Ecotour<\/title>\n<meta name=\"description\" content=\"Le Br\u00e9sil est le pays d&#039;Am\u00e9rique du Sud le plus grand et le plus dynamique, limitrophe de toutes les autres nations du continent. Br\u00e9sil Rio de Janeiro\" \/>\n<meta name=\"robots\" content=\"index, follow, max-snippet:-1, max-image-preview:large, max-video-preview:-1\" \/>\n<link rel=\"canonical\" href=\"https:\/\/www.brazilecotour.com\/fr\/voyage-au-bresil-partez-pour-le-frisson\/\" \/>\n<meta property=\"og:locale\" content=\"fr_FR\" \/>\n<meta property=\"og:type\" content=\"article\" \/>\n<meta property=\"og:title\" content=\"Voyage au Br\u00e9sil, partez pour le frisson\" \/>\n<meta property=\"og:description\" content=\"Le Br\u00e9sil est le pays d&#039;Am\u00e9rique du Sud le plus grand et le plus dynamique, limitrophe de toutes les autres nations du continent. Br\u00e9sil Rio de Janeiro\" \/>\n<meta property=\"og:url\" content=\"https:\/\/www.brazilecotour.com\/fr\/voyage-au-bresil-partez-pour-le-frisson\/\" \/>\n<meta property=\"og:site_name\" content=\"Brazil Ecotour | DMC &amp; Travel agency in Brazil\" \/>\n<meta property=\"article:publisher\" content=\"https:\/\/www.facebook.com\/brazilecotour\/\" \/>\n<meta property=\"article:author\" content=\"https:\/\/www.facebook.com\/brazilecotour\/\" \/>\n<meta property=\"article:published_time\" content=\"2020-06-11T20:57:08+00:00\" \/>\n<meta property=\"article:modified_time\" content=\"2021-08-18T16:54:48+00:00\" \/>\n<meta property=\"og:image\" content=\"https:\/\/www.brazilecotour.com\/wp-content\/uploads\/2018\/08\/rio-de-janeiro.jpg\" \/>\n\t<meta property=\"og:image:width\" content=\"1200\" \/>\n\t<meta property=\"og:image:height\" content=\"675\" \/>\n\t<meta property=\"og:image:type\" content=\"image\/jpeg\" \/>\n<meta name=\"author\" content=\"Brazil Ecotour\" \/>\n<meta name=\"twitter:card\" content=\"summary_large_image\" \/>\n<meta name=\"twitter:creator\" content=\"@brazilecotour01\" \/>\n<meta name=\"twitter:site\" content=\"@brazilecotour01\" \/>\n<meta name=\"twitter:label1\" content=\"\u00c9crit par\" \/>\n\t<meta name=\"twitter:data1\" content=\"Brazil Ecotour\" \/>\n\t<meta name=\"twitter:label2\" content=\"Dur\u00e9e de lecture estim\u00e9e\" \/>\n\t<meta name=\"twitter:data2\" content=\"4 minutes\" \/>\n<script type=\"application\/ld+json\" class=\"yoast-schema-graph\">{\"@context\":\"https:\\\/\\\/schema.org\",\"@graph\":[{\"@type\":\"Article\",\"@id\":\"https:\\\/\\\/www.brazilecotour.com\\\/fr\\\/voyage-au-bresil-partez-pour-le-frisson\\\/#article\",\"isPartOf\":{\"@id\":\"https:\\\/\\\/www.brazilecotour.com\\\/fr\\\/voyage-au-bresil-partez-pour-le-frisson\\\/\"},\"author\":{\"name\":\"Brazil Ecotour\",\"@id\":\"https:\\\/\\\/www.brazilecotour.com\\\/fr\\\/#\\\/schema\\\/person\\\/bb20c278af8580ea123f7584ce5a7a83\"},\"headline\":\"Voyage au Br\u00e9sil, partez pour le frisson\",\"datePublished\":\"2020-06-11T20:57:08+00:00\",\"dateModified\":\"2021-08-18T16:54:48+00:00\",\"mainEntityOfPage\":{\"@id\":\"https:\\\/\\\/www.brazilecotour.com\\\/fr\\\/voyage-au-bresil-partez-pour-le-frisson\\\/\"},\"wordCount\":677,\"commentCount\":0,\"publisher\":{\"@id\":\"https:\\\/\\\/www.brazilecotour.com\\\/fr\\\/#organization\"},\"image\":{\"@id\":\"https:\\\/\\\/www.brazilecotour.com\\\/fr\\\/voyage-au-bresil-partez-pour-le-frisson\\\/#primaryimage\"},\"thumbnailUrl\":\"https:\\\/\\\/www.brazilecotour.com\\\/wp-content\\\/uploads\\\/2018\\\/08\\\/rio-de-janeiro.jpg\",\"articleSection\":[\"Brazil Ecotour\"],\"inLanguage\":\"fr-FR\",\"potentialAction\":[{\"@type\":\"CommentAction\",\"name\":\"Comment\",\"target\":[\"https:\\\/\\\/www.brazilecotour.com\\\/fr\\\/voyage-au-bresil-partez-pour-le-frisson\\\/#respond\"]}]},{\"@type\":\"WebPage\",\"@id\":\"https:\\\/\\\/www.brazilecotour.com\\\/fr\\\/voyage-au-bresil-partez-pour-le-frisson\\\/\",\"url\":\"https:\\\/\\\/www.brazilecotour.com\\\/fr\\\/voyage-au-bresil-partez-pour-le-frisson\\\/\",\"name\":\"Voyage au Br\u00e9sil, partez pour le frisson | Brazil Ecotour\",\"isPartOf\":{\"@id\":\"https:\\\/\\\/www.brazilecotour.com\\\/fr\\\/#website\"},\"primaryImageOfPage\":{\"@id\":\"https:\\\/\\\/www.brazilecotour.com\\\/fr\\\/voyage-au-bresil-partez-pour-le-frisson\\\/#primaryimage\"},\"image\":{\"@id\":\"https:\\\/\\\/www.brazilecotour.com\\\/fr\\\/voyage-au-bresil-partez-pour-le-frisson\\\/#primaryimage\"},\"thumbnailUrl\":\"https:\\\/\\\/www.brazilecotour.com\\\/wp-content\\\/uploads\\\/2018\\\/08\\\/rio-de-janeiro.jpg\",\"datePublished\":\"2020-06-11T20:57:08+00:00\",\"dateModified\":\"2021-08-18T16:54:48+00:00\",\"description\":\"Le Br\u00e9sil est le pays d'Am\u00e9rique du Sud le plus grand et le plus dynamique, limitrophe de toutes les autres nations du continent. Br\u00e9sil Rio de Janeiro\",\"breadcrumb\":{\"@id\":\"https:\\\/\\\/www.brazilecotour.com\\\/fr\\\/voyage-au-bresil-partez-pour-le-frisson\\\/#breadcrumb\"},\"inLanguage\":\"fr-FR\",\"potentialAction\":[{\"@type\":\"ReadAction\",\"target\":[\"https:\\\/\\\/www.brazilecotour.com\\\/fr\\\/voyage-au-bresil-partez-pour-le-frisson\\\/\"]}]},{\"@type\":\"ImageObject\",\"inLanguage\":\"fr-FR\",\"@id\":\"https:\\\/\\\/www.brazilecotour.com\\\/fr\\\/voyage-au-bresil-partez-pour-le-frisson\\\/#primaryimage\",\"url\":\"https:\\\/\\\/www.brazilecotour.com\\\/wp-content\\\/uploads\\\/2018\\\/08\\\/rio-de-janeiro.jpg\",\"contentUrl\":\"https:\\\/\\\/www.brazilecotour.com\\\/wp-content\\\/uploads\\\/2018\\\/08\\\/rio-de-janeiro.jpg\",\"width\":1200,\"height\":675,\"caption\":\"Localized in Sao Luis Brazilecotour is a travel agency specialized in tailor made trips off beaten path all over Brazil All our trips are unique designed around your tastes, interests and budget, with an absolute commitment to quality.\"},{\"@type\":\"BreadcrumbList\",\"@id\":\"https:\\\/\\\/www.brazilecotour.com\\\/fr\\\/voyage-au-bresil-partez-pour-le-frisson\\\/#breadcrumb\",\"itemListElement\":[{\"@type\":\"ListItem\",\"position\":1,\"name\":\"Accueil\",\"item\":\"https:\\\/\\\/www.brazilecotour.com\\\/fr\\\/\"},{\"@type\":\"ListItem\",\"position\":2,\"name\":\"Voyage au Br\u00e9sil, partez pour le frisson\"}]},{\"@type\":\"WebSite\",\"@id\":\"https:\\\/\\\/www.brazilecotour.com\\\/fr\\\/#website\",\"url\":\"https:\\\/\\\/www.brazilecotour.com\\\/fr\\\/\",\"name\":\"Brazil Ecotour | DMC and Travel Agency in Brazil\",\"description\":\"Beyond Travel, Real Experiences\",\"publisher\":{\"@id\":\"https:\\\/\\\/www.brazilecotour.com\\\/fr\\\/#organization\"},\"potentialAction\":[{\"@type\":\"SearchAction\",\"target\":{\"@type\":\"EntryPoint\",\"urlTemplate\":\"https:\\\/\\\/www.brazilecotour.com\\\/fr\\\/?s={search_term_string}\"},\"query-input\":{\"@type\":\"PropertyValueSpecification\",\"valueRequired\":true,\"valueName\":\"search_term_string\"}}],\"inLanguage\":\"fr-FR\"},{\"@type\":\"Organization\",\"@id\":\"https:\\\/\\\/www.brazilecotour.com\\\/fr\\\/#organization\",\"name\":\"Brazil Ecotour | DMC & Travel agency in Brazil\",\"url\":\"https:\\\/\\\/www.brazilecotour.com\\\/fr\\\/\",\"logo\":{\"@type\":\"ImageObject\",\"inLanguage\":\"fr-FR\",\"@id\":\"https:\\\/\\\/www.brazilecotour.com\\\/fr\\\/#\\\/schema\\\/logo\\\/image\\\/\",\"url\":\"https:\\\/\\\/www.brazilecotour.com\\\/wp-content\\\/uploads\\\/2017\\\/06\\\/brazilecotour_logo.png\",\"contentUrl\":\"https:\\\/\\\/www.brazilecotour.com\\\/wp-content\\\/uploads\\\/2017\\\/06\\\/brazilecotour_logo.png\",\"width\":350,\"height\":100,\"caption\":\"Brazil Ecotour | DMC & Travel agency in Brazil\"},\"image\":{\"@id\":\"https:\\\/\\\/www.brazilecotour.com\\\/fr\\\/#\\\/schema\\\/logo\\\/image\\\/\"},\"sameAs\":[\"https:\\\/\\\/www.facebook.com\\\/brazilecotour\\\/\",\"https:\\\/\\\/x.com\\\/brazilecotour01\",\"https:\\\/\\\/www.instagram.com\\\/brazilecotour\\\/\",\"https:\\\/\\\/www.linkedin.com\\\/company\\\/brazilecotour\",\"https:\\\/\\\/www.pinterest.com\\\/brazilecotour\\\/\",\"https:\\\/\\\/www.youtube.com\\\/channel\\\/UCbaIa7Xo7DuwNz0z3H1zDnA\"]},{\"@type\":\"Person\",\"@id\":\"https:\\\/\\\/www.brazilecotour.com\\\/fr\\\/#\\\/schema\\\/person\\\/bb20c278af8580ea123f7584ce5a7a83\",\"name\":\"Brazil Ecotour\",\"image\":{\"@type\":\"ImageObject\",\"inLanguage\":\"fr-FR\",\"@id\":\"https:\\\/\\\/secure.gravatar.com\\\/avatar\\\/ec959129edd806b486b9fa8401bc242b60f01c2f7809cc01175829f25a1964c3?s=96&d=mm&r=g\",\"url\":\"https:\\\/\\\/secure.gravatar.com\\\/avatar\\\/ec959129edd806b486b9fa8401bc242b60f01c2f7809cc01175829f25a1964c3?s=96&d=mm&r=g\",\"contentUrl\":\"https:\\\/\\\/secure.gravatar.com\\\/avatar\\\/ec959129edd806b486b9fa8401bc242b60f01c2f7809cc01175829f25a1964c3?s=96&d=mm&r=g\",\"caption\":\"Brazil Ecotour\"},\"sameAs\":[\"https:\\\/\\\/www.brazilecotour.com\",\"https:\\\/\\\/www.facebook.com\\\/brazilecotour\\\/\",\"https:\\\/\\\/x.com\\\/@brazilecotour01\"]}]}<\/script>\n<!-- \/ Yoast SEO Premium plugin. -->","yoast_head_json":{"title":"Voyage au Br\u00e9sil, partez pour le frisson | Brazil Ecotour","description":"Le Br\u00e9sil est le pays d'Am\u00e9rique du Sud le plus grand et le plus dynamique, limitrophe de toutes les autres nations du continent. Br\u00e9sil Rio de Janeiro","robots":{"index":"index","follow":"follow","max-snippet":"max-snippet:-1","max-image-preview":"max-image-preview:large","max-video-preview":"max-video-preview:-1"},"canonical":"https:\/\/www.brazilecotour.com\/fr\/voyage-au-bresil-partez-pour-le-frisson\/","og_locale":"fr_FR","og_type":"article","og_title":"Voyage au Br\u00e9sil, partez pour le frisson","og_description":"Le Br\u00e9sil est le pays d'Am\u00e9rique du Sud le plus grand et le plus dynamique, limitrophe de toutes les autres nations du continent. Br\u00e9sil Rio de Janeiro","og_url":"https:\/\/www.brazilecotour.com\/fr\/voyage-au-bresil-partez-pour-le-frisson\/","og_site_name":"Brazil Ecotour | DMC &amp; Travel agency in Brazil","article_publisher":"https:\/\/www.facebook.com\/brazilecotour\/","article_author":"https:\/\/www.facebook.com\/brazilecotour\/","article_published_time":"2020-06-11T20:57:08+00:00","article_modified_time":"2021-08-18T16:54:48+00:00","og_image":[{"width":1200,"height":675,"url":"https:\/\/www.brazilecotour.com\/wp-content\/uploads\/2018\/08\/rio-de-janeiro.jpg","type":"image\/jpeg"}],"author":"Brazil Ecotour","twitter_card":"summary_large_image","twitter_creator":"@brazilecotour01","twitter_site":"@brazilecotour01","twitter_misc":{"\u00c9crit par":"Brazil Ecotour","Dur\u00e9e de lecture estim\u00e9e":"4 minutes"},"schema":{"@context":"https:\/\/schema.org","@graph":[{"@type":"Article","@id":"https:\/\/www.brazilecotour.com\/fr\/voyage-au-bresil-partez-pour-le-frisson\/#article","isPartOf":{"@id":"https:\/\/www.brazilecotour.com\/fr\/voyage-au-bresil-partez-pour-le-frisson\/"},"author":{"name":"Brazil Ecotour","@id":"https:\/\/www.brazilecotour.com\/fr\/#\/schema\/person\/bb20c278af8580ea123f7584ce5a7a83"},"headline":"Voyage au Br\u00e9sil, partez pour le frisson","datePublished":"2020-06-11T20:57:08+00:00","dateModified":"2021-08-18T16:54:48+00:00","mainEntityOfPage":{"@id":"https:\/\/www.brazilecotour.com\/fr\/voyage-au-bresil-partez-pour-le-frisson\/"},"wordCount":677,"commentCount":0,"publisher":{"@id":"https:\/\/www.brazilecotour.com\/fr\/#organization"},"image":{"@id":"https:\/\/www.brazilecotour.com\/fr\/voyage-au-bresil-partez-pour-le-frisson\/#primaryimage"},"thumbnailUrl":"https:\/\/www.brazilecotour.com\/wp-content\/uploads\/2018\/08\/rio-de-janeiro.jpg","articleSection":["Brazil Ecotour"],"inLanguage":"fr-FR","potentialAction":[{"@type":"CommentAction","name":"Comment","target":["https:\/\/www.brazilecotour.com\/fr\/voyage-au-bresil-partez-pour-le-frisson\/#respond"]}]},{"@type":"WebPage","@id":"https:\/\/www.brazilecotour.com\/fr\/voyage-au-bresil-partez-pour-le-frisson\/","url":"https:\/\/www.brazilecotour.com\/fr\/voyage-au-bresil-partez-pour-le-frisson\/","name":"Voyage au Br\u00e9sil, partez pour le frisson | Brazil Ecotour","isPartOf":{"@id":"https:\/\/www.brazilecotour.com\/fr\/#website"},"primaryImageOfPage":{"@id":"https:\/\/www.brazilecotour.com\/fr\/voyage-au-bresil-partez-pour-le-frisson\/#primaryimage"},"image":{"@id":"https:\/\/www.brazilecotour.com\/fr\/voyage-au-bresil-partez-pour-le-frisson\/#primaryimage"},"thumbnailUrl":"https:\/\/www.brazilecotour.com\/wp-content\/uploads\/2018\/08\/rio-de-janeiro.jpg","datePublished":"2020-06-11T20:57:08+00:00","dateModified":"2021-08-18T16:54:48+00:00","description":"Le Br\u00e9sil est le pays d'Am\u00e9rique du Sud le plus grand et le plus dynamique, limitrophe de toutes les autres nations du continent. Br\u00e9sil Rio de Janeiro","breadcrumb":{"@id":"https:\/\/www.brazilecotour.com\/fr\/voyage-au-bresil-partez-pour-le-frisson\/#breadcrumb"},"inLanguage":"fr-FR","potentialAction":[{"@type":"ReadAction","target":["https:\/\/www.brazilecotour.com\/fr\/voyage-au-bresil-partez-pour-le-frisson\/"]}]},{"@type":"ImageObject","inLanguage":"fr-FR","@id":"https:\/\/www.brazilecotour.com\/fr\/voyage-au-bresil-partez-pour-le-frisson\/#primaryimage","url":"https:\/\/www.brazilecotour.com\/wp-content\/uploads\/2018\/08\/rio-de-janeiro.jpg","contentUrl":"https:\/\/www.brazilecotour.com\/wp-content\/uploads\/2018\/08\/rio-de-janeiro.jpg","width":1200,"height":675,"caption":"Localized in Sao Luis Brazilecotour is a travel agency specialized in tailor made trips off beaten path all over Brazil All our trips are unique designed around your tastes, interests and budget, with an absolute commitment to quality."},{"@type":"BreadcrumbList","@id":"https:\/\/www.brazilecotour.com\/fr\/voyage-au-bresil-partez-pour-le-frisson\/#breadcrumb","itemListElement":[{"@type":"ListItem","position":1,"name":"Accueil","item":"https:\/\/www.brazilecotour.com\/fr\/"},{"@type":"ListItem","position":2,"name":"Voyage au Br\u00e9sil, partez pour le frisson"}]},{"@type":"WebSite","@id":"https:\/\/www.brazilecotour.com\/fr\/#website","url":"https:\/\/www.brazilecotour.com\/fr\/","name":"Brazil Ecotour | DMC and Travel Agency in Brazil","description":"Beyond Travel, Real Experiences","publisher":{"@id":"https:\/\/www.brazilecotour.com\/fr\/#organization"},"potentialAction":[{"@type":"SearchAction","target":{"@type":"EntryPoint","urlTemplate":"https:\/\/www.brazilecotour.com\/fr\/?s={search_term_string}"},"query-input":{"@type":"PropertyValueSpecification","valueRequired":true,"valueName":"search_term_string"}}],"inLanguage":"fr-FR"},{"@type":"Organization","@id":"https:\/\/www.brazilecotour.com\/fr\/#organization","name":"Brazil Ecotour | DMC & Travel agency in Brazil","url":"https:\/\/www.brazilecotour.com\/fr\/","logo":{"@type":"ImageObject","inLanguage":"fr-FR","@id":"https:\/\/www.brazilecotour.com\/fr\/#\/schema\/logo\/image\/","url":"https:\/\/www.brazilecotour.com\/wp-content\/uploads\/2017\/06\/brazilecotour_logo.png","contentUrl":"https:\/\/www.brazilecotour.com\/wp-content\/uploads\/2017\/06\/brazilecotour_logo.png","width":350,"height":100,"caption":"Brazil Ecotour | DMC & Travel agency in Brazil"},"image":{"@id":"https:\/\/www.brazilecotour.com\/fr\/#\/schema\/logo\/image\/"},"sameAs":["https:\/\/www.facebook.com\/brazilecotour\/","https:\/\/x.com\/brazilecotour01","https:\/\/www.instagram.com\/brazilecotour\/","https:\/\/www.linkedin.com\/company\/brazilecotour","https:\/\/www.pinterest.com\/brazilecotour\/","https:\/\/www.youtube.com\/channel\/UCbaIa7Xo7DuwNz0z3H1zDnA"]},{"@type":"Person","@id":"https:\/\/www.brazilecotour.com\/fr\/#\/schema\/person\/bb20c278af8580ea123f7584ce5a7a83","name":"Brazil Ecotour","image":{"@type":"ImageObject","inLanguage":"fr-FR","@id":"https:\/\/secure.gravatar.com\/avatar\/ec959129edd806b486b9fa8401bc242b60f01c2f7809cc01175829f25a1964c3?s=96&d=mm&r=g","url":"https:\/\/secure.gravatar.com\/avatar\/ec959129edd806b486b9fa8401bc242b60f01c2f7809cc01175829f25a1964c3?s=96&d=mm&r=g","contentUrl":"https:\/\/secure.gravatar.com\/avatar\/ec959129edd806b486b9fa8401bc242b60f01c2f7809cc01175829f25a1964c3?s=96&d=mm&r=g","caption":"Brazil Ecotour"},"sameAs":["https:\/\/www.brazilecotour.com","https:\/\/www.facebook.com\/brazilecotour\/","https:\/\/x.com\/@brazilecotour01"]}]}},"_links":{"self":[{"href":"https:\/\/www.brazilecotour.com\/fr\/wp-json\/wp\/v2\/posts\/11833","targetHints":{"allow":["GET"]}}],"collection":[{"href":"https:\/\/www.brazilecotour.com\/fr\/wp-json\/wp\/v2\/posts"}],"about":[{"href":"https:\/\/www.brazilecotour.com\/fr\/wp-json\/wp\/v2\/types\/post"}],"author":[{"embeddable":true,"href":"https:\/\/www.brazilecotour.com\/fr\/wp-json\/wp\/v2\/users\/2"}],"replies":[{"embeddable":true,"href":"https:\/\/www.brazilecotour.com\/fr\/wp-json\/wp\/v2\/comments?post=11833"}],"version-history":[{"count":3,"href":"https:\/\/www.brazilecotour.com\/fr\/wp-json\/wp\/v2\/posts\/11833\/revisions"}],"predecessor-version":[{"id":22462,"href":"https:\/\/www.brazilecotour.com\/fr\/wp-json\/wp\/v2\/posts\/11833\/revisions\/22462"}],"wp:featuredmedia":[{"embeddable":true,"href":"https:\/\/www.brazilecotour.com\/fr\/wp-json\/wp\/v2\/media\/8261"}],"wp:attachment":[{"href":"https:\/\/www.brazilecotour.com\/fr\/wp-json\/wp\/v2\/media?parent=11833"}],"wp:term":[{"taxonomy":"category","embeddable":true,"href":"https:\/\/www.brazilecotour.com\/fr\/wp-json\/wp\/v2\/categories?post=11833"},{"taxonomy":"post_tag","embeddable":true,"href":"https:\/\/www.brazilecotour.com\/fr\/wp-json\/wp\/v2\/tags?post=11833"}],"curies":[{"name":"wp","href":"https:\/\/api.w.org\/{rel}","templated":true}]}}