{"id":26143,"date":"2024-08-12T18:56:44","date_gmt":"2024-08-12T16:56:44","guid":{"rendered":"https:\/\/www.brazilecotour.com\/?p=26143"},"modified":"2024-08-12T21:20:48","modified_gmt":"2024-08-12T19:20:48","slug":"decouverte-du-parc-national-des-lencois-maranhenses-un-desert-de-sable-et-deau","status":"publish","type":"post","link":"https:\/\/www.brazilecotour.com\/fr\/decouverte-du-parc-national-des-lencois-maranhenses-un-desert-de-sable-et-deau\/","title":{"rendered":"D\u00e9couverte du Parc National des Len\u00e7\u00f3is Maranhenses : Un D\u00e9sert de Sable et d\u2019Eau"},"content":{"rendered":"\t\t<div data-elementor-type=\"wp-post\" data-elementor-id=\"26143\" class=\"elementor elementor-26143\">\n\t\t\t\t\t\t<section class=\"elementor-section elementor-top-section elementor-element elementor-element-3c42f1ec elementor-section-height-min-height elementor-section-boxed elementor-section-height-default elementor-section-items-middle elementor-invisible\" data-id=\"3c42f1ec\" data-element_type=\"section\" data-e-type=\"section\" data-settings=\"{&quot;background_background&quot;:&quot;classic&quot;,&quot;animation&quot;:&quot;fadeIn&quot;}\">\n\t\t\t\t\t\t\t<div class=\"elementor-background-overlay\"><\/div>\n\t\t\t\t\t\t\t<div class=\"elementor-container elementor-column-gap-default\">\n\t\t\t\t\t<div class=\"elementor-column elementor-col-100 elementor-top-column elementor-element elementor-element-6442b164\" data-id=\"6442b164\" data-element_type=\"column\" data-e-type=\"column\">\n\t\t\t<div class=\"elementor-widget-wrap elementor-element-populated\">\n\t\t\t\t\t\t<div class=\"elementor-element elementor-element-4e543dc8 elementor-widget elementor-widget-image\" data-id=\"4e543dc8\" data-element_type=\"widget\" data-e-type=\"widget\" data-widget_type=\"image.default\">\n\t\t\t\t<div class=\"elementor-widget-container\">\n\t\t\t\t\t\t\t\t\t\t\t\t\t\t\t<img decoding=\"async\" width=\"170\" height=\"170\" src=\"https:\/\/www.brazilecotour.com\/wp-content\/uploads\/2021\/08\/signpost.png\" class=\"attachment-large size-large wp-image-22971\" alt=\"\" srcset=\"https:\/\/www.brazilecotour.com\/wp-content\/uploads\/2021\/08\/signpost.png 170w, https:\/\/www.brazilecotour.com\/wp-content\/uploads\/2021\/08\/signpost-150x150.png 150w\" sizes=\"(max-width: 170px) 100vw, 170px\" \/>\t\t\t\t\t\t\t\t\t\t\t\t\t\t\t<\/div>\n\t\t\t\t<\/div>\n\t\t\t\t<div class=\"elementor-element elementor-element-6f494c7b elementor-invisible elementor-widget elementor-widget-heading\" data-id=\"6f494c7b\" data-element_type=\"widget\" data-e-type=\"widget\" data-settings=\"{&quot;_animation&quot;:&quot;fadeInUp&quot;,&quot;_animation_delay&quot;:400}\" data-widget_type=\"heading.default\">\n\t\t\t\t<div class=\"elementor-widget-container\">\n\t\t\t\t\t<h1 class=\"elementor-heading-title elementor-size-default\">D\u00e9couverte du Parc National des Len\u00e7\u00f3is Maranhenses : Un D\u00e9sert de Sable et d\u2019Eau\n<\/h1>\t\t\t\t<\/div>\n\t\t\t\t<\/div>\n\t\t\t\t\t<\/div>\n\t\t<\/div>\n\t\t\t\t\t<\/div>\n\t\t<\/section>\n\t\t\t\t<section class=\"elementor-section elementor-top-section elementor-element elementor-element-7406c9f0 elementor-section-boxed elementor-section-height-default elementor-section-height-default\" data-id=\"7406c9f0\" data-element_type=\"section\" data-e-type=\"section\" data-settings=\"{&quot;background_background&quot;:&quot;classic&quot;}\">\n\t\t\t\t\t\t<div class=\"elementor-container elementor-column-gap-default\">\n\t\t\t\t\t<div class=\"elementor-column elementor-col-100 elementor-top-column elementor-element elementor-element-49edde0c\" data-id=\"49edde0c\" data-element_type=\"column\" data-e-type=\"column\">\n\t\t\t<div class=\"elementor-widget-wrap elementor-element-populated\">\n\t\t\t\t\t\t<div class=\"elementor-element elementor-element-33b43a3f elementor-invisible elementor-widget elementor-widget-text-editor\" data-id=\"33b43a3f\" data-element_type=\"widget\" data-e-type=\"widget\" data-settings=\"{&quot;_animation&quot;:&quot;fadeInUp&quot;,&quot;_animation_delay&quot;:500}\" data-widget_type=\"text-editor.default\">\n\t\t\t\t<div class=\"elementor-widget-container\">\n\t\t\t\t\t\t\t\t\t<p>Le Parc National des Len\u00e7\u00f3is Maranhenses, situ\u00e9 dans l&#8217;\u00c9tat du Maranh\u00e3o au nord-est du Br\u00e9sil, est l&#8217;un des paysages les plus \u00e9poustouflants et uniques au monde. Ce parc s&#8217;\u00e9tend sur plus de 1 550 kilom\u00e8tres carr\u00e9s et se caract\u00e9rise par une vaste \u00e9tendue de dunes de sable blanc qui ressemblent \u00e0 un d\u00e9sert, mais qui cachent un secret exceptionnel : des lagunes d&#8217;eau douce cristalline.<\/p><h4>\u00a0<\/h4>\t\t\t\t\t\t\t\t<\/div>\n\t\t\t\t<\/div>\n\t\t\t\t\t<\/div>\n\t\t<\/div>\n\t\t\t\t\t<\/div>\n\t\t<\/section>\n\t\t\t\t<section class=\"elementor-section elementor-top-section elementor-element elementor-element-1a11646e elementor-section-boxed elementor-section-height-default elementor-section-height-default\" data-id=\"1a11646e\" data-element_type=\"section\" data-e-type=\"section\" data-settings=\"{&quot;background_background&quot;:&quot;classic&quot;}\">\n\t\t\t\t\t\t<div class=\"elementor-container elementor-column-gap-default\">\n\t\t\t\t\t<div class=\"elementor-column elementor-col-100 elementor-top-column elementor-element elementor-element-255a068f\" data-id=\"255a068f\" data-element_type=\"column\" data-e-type=\"column\">\n\t\t\t<div class=\"elementor-widget-wrap elementor-element-populated\">\n\t\t\t\t\t\t<section class=\"elementor-section elementor-inner-section elementor-element elementor-element-4fc217ea elementor-section-boxed elementor-section-height-default elementor-section-height-default\" data-id=\"4fc217ea\" data-element_type=\"section\" data-e-type=\"section\">\n\t\t\t\t\t\t<div class=\"elementor-container elementor-column-gap-default\">\n\t\t\t\t\t<div class=\"elementor-column elementor-col-50 elementor-inner-column elementor-element elementor-element-32a07f02 elementor-invisible\" data-id=\"32a07f02\" data-element_type=\"column\" data-e-type=\"column\" data-settings=\"{&quot;animation&quot;:&quot;fadeInLeft&quot;,&quot;animation_delay&quot;:300}\">\n\t\t\t<div class=\"elementor-widget-wrap elementor-element-populated\">\n\t\t\t\t\t\t<div class=\"elementor-element elementor-element-10dafaf3 elementor-widget elementor-widget-image\" data-id=\"10dafaf3\" data-element_type=\"widget\" data-e-type=\"widget\" data-widget_type=\"image.default\">\n\t\t\t\t<div class=\"elementor-widget-container\">\n\t\t\t\t\t\t\t\t\t\t\t\t\t\t\t<img fetchpriority=\"high\" decoding=\"async\" width=\"561\" height=\"700\" src=\"https:\/\/www.brazilecotour.com\/wp-content\/uploads\/2017\/12\/jericoacoara-kitesurf.jpg\" class=\"attachment-full size-full wp-image-8189\" alt=\"lencois maranhenses tours\" srcset=\"https:\/\/www.brazilecotour.com\/wp-content\/uploads\/2017\/12\/jericoacoara-kitesurf.jpg 561w, https:\/\/www.brazilecotour.com\/wp-content\/uploads\/2017\/12\/jericoacoara-kitesurf-240x300.jpg 240w\" sizes=\"(max-width: 561px) 100vw, 561px\" \/>\t\t\t\t\t\t\t\t\t\t\t\t\t\t\t<\/div>\n\t\t\t\t<\/div>\n\t\t\t\t\t<\/div>\n\t\t<\/div>\n\t\t\t\t<div class=\"elementor-column elementor-col-50 elementor-inner-column elementor-element elementor-element-32cbe1a5 elementor-invisible\" data-id=\"32cbe1a5\" data-element_type=\"column\" data-e-type=\"column\" data-settings=\"{&quot;background_background&quot;:&quot;classic&quot;,&quot;animation&quot;:&quot;fadeInRight&quot;,&quot;animation_delay&quot;:350}\">\n\t\t\t<div class=\"elementor-widget-wrap elementor-element-populated\">\n\t\t\t\t\t\t<div class=\"elementor-element elementor-element-473ab384 elementor-invisible elementor-widget elementor-widget-heading\" data-id=\"473ab384\" data-element_type=\"widget\" data-e-type=\"widget\" data-settings=\"{&quot;_animation&quot;:&quot;fadeInUp&quot;,&quot;_animation_delay&quot;:500}\" data-widget_type=\"heading.default\">\n\t\t\t\t<div class=\"elementor-widget-container\">\n\t\t\t\t\t<h2 class=\"elementor-heading-title elementor-size-default\">Un D\u00e9sert Pas Comme les Autres\n<\/h2>\t\t\t\t<\/div>\n\t\t\t\t<\/div>\n\t\t\t\t<div class=\"elementor-element elementor-element-5eec2c5b elementor-invisible elementor-widget elementor-widget-text-editor\" data-id=\"5eec2c5b\" data-element_type=\"widget\" data-e-type=\"widget\" data-settings=\"{&quot;_animation&quot;:&quot;fadeInUp&quot;,&quot;_animation_delay&quot;:500}\" data-widget_type=\"text-editor.default\">\n\t\t\t\t<div class=\"elementor-widget-container\">\n\t\t\t\t\t\t\t\t\t<p>Contrairement \u00e0 un d\u00e9sert typique, les Len\u00e7\u00f3is Maranhenses re\u00e7oivent une quantit\u00e9 significative de pr\u00e9cipitations chaque ann\u00e9e. Pendant la saison des pluies, qui s&#8217;\u00e9tend de janvier \u00e0 juin, l&#8217;eau de pluie s&#8217;accumule entre les dunes, formant des milliers de lagunes d&#8217;un bleu \u00e9clatant et vert \u00e9meraude. Ces lagunes, entour\u00e9es de dunes immacul\u00e9es, cr\u00e9ent un contraste saisissant qui laisse les visiteurs \u00e9merveill\u00e9s.<\/p><h4>\u00a0<\/h4>\t\t\t\t\t\t\t\t<\/div>\n\t\t\t\t<\/div>\n\t\t\t\t\t<\/div>\n\t\t<\/div>\n\t\t\t\t\t<\/div>\n\t\t<\/section>\n\t\t\t\t<section class=\"elementor-section elementor-inner-section elementor-element elementor-element-c09c56 elementor-section-boxed elementor-section-height-default elementor-section-height-default\" data-id=\"c09c56\" data-element_type=\"section\" data-e-type=\"section\">\n\t\t\t\t\t\t<div class=\"elementor-container elementor-column-gap-default\">\n\t\t\t\t\t<div class=\"elementor-column elementor-col-50 elementor-inner-column elementor-element elementor-element-264a3331 elementor-invisible\" data-id=\"264a3331\" data-element_type=\"column\" data-e-type=\"column\" data-settings=\"{&quot;animation&quot;:&quot;fadeInLeft&quot;,&quot;animation_delay&quot;:300}\">\n\t\t\t<div class=\"elementor-widget-wrap elementor-element-populated\">\n\t\t\t\t\t\t<div class=\"elementor-element elementor-element-25344e9a elementor-widget elementor-widget-image\" data-id=\"25344e9a\" data-element_type=\"widget\" data-e-type=\"widget\" data-widget_type=\"image.default\">\n\t\t\t\t<div class=\"elementor-widget-container\">\n\t\t\t\t\t\t\t\t\t\t\t\t\t\t\t<img decoding=\"async\" width=\"1920\" height=\"1080\" src=\"https:\/\/www.brazilecotour.com\/wp-content\/uploads\/2021\/02\/lencois-maranhenses-national-park-brazil.png\" class=\"attachment-full size-full wp-image-13705\" alt=\"len\u00e7ois maranhenses national park brazil\" srcset=\"https:\/\/www.brazilecotour.com\/wp-content\/uploads\/2021\/02\/lencois-maranhenses-national-park-brazil.png 1920w, https:\/\/www.brazilecotour.com\/wp-content\/uploads\/2021\/02\/lencois-maranhenses-national-park-brazil-300x169.png 300w, https:\/\/www.brazilecotour.com\/wp-content\/uploads\/2021\/02\/lencois-maranhenses-national-park-brazil-1024x576.png 1024w, https:\/\/www.brazilecotour.com\/wp-content\/uploads\/2021\/02\/lencois-maranhenses-national-park-brazil-768x432.png 768w, https:\/\/www.brazilecotour.com\/wp-content\/uploads\/2021\/02\/lencois-maranhenses-national-park-brazil-1536x864.png 1536w\" sizes=\"(max-width: 1920px) 100vw, 1920px\" \/>\t\t\t\t\t\t\t\t\t\t\t\t\t\t\t<\/div>\n\t\t\t\t<\/div>\n\t\t\t\t\t<\/div>\n\t\t<\/div>\n\t\t\t\t<div class=\"elementor-column elementor-col-50 elementor-inner-column elementor-element elementor-element-7e59cd9 elementor-invisible\" data-id=\"7e59cd9\" data-element_type=\"column\" data-e-type=\"column\" data-settings=\"{&quot;background_background&quot;:&quot;classic&quot;,&quot;animation&quot;:&quot;fadeInRight&quot;,&quot;animation_delay&quot;:350}\">\n\t\t\t<div class=\"elementor-widget-wrap elementor-element-populated\">\n\t\t\t\t\t\t<div class=\"elementor-element elementor-element-59579845 elementor-invisible elementor-widget elementor-widget-heading\" data-id=\"59579845\" data-element_type=\"widget\" data-e-type=\"widget\" data-settings=\"{&quot;_animation&quot;:&quot;fadeInUp&quot;,&quot;_animation_delay&quot;:500}\" data-widget_type=\"heading.default\">\n\t\t\t\t<div class=\"elementor-widget-container\">\n\t\t\t\t\t<h2 class=\"elementor-heading-title elementor-size-default\">Les Meilleurs Moments pour Visiter\n<\/h2>\t\t\t\t<\/div>\n\t\t\t\t<\/div>\n\t\t\t\t<div class=\"elementor-element elementor-element-ab5c9b3 elementor-invisible elementor-widget elementor-widget-text-editor\" data-id=\"ab5c9b3\" data-element_type=\"widget\" data-e-type=\"widget\" data-settings=\"{&quot;_animation&quot;:&quot;fadeInUp&quot;,&quot;_animation_delay&quot;:500}\" data-widget_type=\"text-editor.default\">\n\t\t\t\t<div class=\"elementor-widget-container\">\n\t\t\t\t\t\t\t\t\t<p>La meilleure p\u00e9riode pour visiter le Parc des <a href=\"http:\/\/Len\u00e7\u00f3is Maranhenses\" data-wplink-url-error=\"true\">Len\u00e7\u00f3is Maranhenses<\/a> est entre mai et septembre, lorsque les lagunes sont pleines et que le paysage est \u00e0 son apog\u00e9e. Pendant cette p\u00e9riode, les visiteurs peuvent se baigner dans les lagunes, explorer les dunes \u00e0 pied ou en v\u00e9hicule tout-terrain, et admirer des couchers de <a href=\"https:\/\/www.brazilecotour.com\/fr\/voyage-en-amerique-du-sud\/\">soleil<\/a> \u00e0 couper le souffle.<\/p><h4>\u00a0<\/h4>\t\t\t\t\t\t\t\t<\/div>\n\t\t\t\t<\/div>\n\t\t\t\t\t<\/div>\n\t\t<\/div>\n\t\t\t\t\t<\/div>\n\t\t<\/section>\n\t\t\t\t<section class=\"elementor-section elementor-inner-section elementor-element elementor-element-a5568ac elementor-section-boxed elementor-section-height-default elementor-section-height-default\" data-id=\"a5568ac\" data-element_type=\"section\" data-e-type=\"section\">\n\t\t\t\t\t\t<div class=\"elementor-container elementor-column-gap-default\">\n\t\t\t\t\t<div class=\"elementor-column elementor-col-50 elementor-inner-column elementor-element elementor-element-a2a91ea elementor-invisible\" data-id=\"a2a91ea\" data-element_type=\"column\" data-e-type=\"column\" data-settings=\"{&quot;animation&quot;:&quot;fadeInLeft&quot;,&quot;animation_delay&quot;:300}\">\n\t\t\t<div class=\"elementor-widget-wrap elementor-element-populated\">\n\t\t\t\t\t\t<div class=\"elementor-element elementor-element-ac26715 elementor-widget elementor-widget-image\" data-id=\"ac26715\" data-element_type=\"widget\" data-e-type=\"widget\" data-widget_type=\"image.default\">\n\t\t\t\t<div class=\"elementor-widget-container\">\n\t\t\t\t\t\t\t\t\t\t\t\t\t\t\t<img loading=\"lazy\" decoding=\"async\" width=\"750\" height=\"750\" src=\"https:\/\/www.brazilecotour.com\/wp-content\/uploads\/2017\/05\/trek-lencois-maranhenses.jpg\" class=\"attachment-full size-full wp-image-8362\" alt=\"trek lencois maranhenses atins\" srcset=\"https:\/\/www.brazilecotour.com\/wp-content\/uploads\/2017\/05\/trek-lencois-maranhenses.jpg 750w, https:\/\/www.brazilecotour.com\/wp-content\/uploads\/2017\/05\/trek-lencois-maranhenses-300x300.jpg 300w, https:\/\/www.brazilecotour.com\/wp-content\/uploads\/2017\/05\/trek-lencois-maranhenses-150x150.jpg 150w\" sizes=\"(max-width: 750px) 100vw, 750px\" \/>\t\t\t\t\t\t\t\t\t\t\t\t\t\t\t<\/div>\n\t\t\t\t<\/div>\n\t\t\t\t\t<\/div>\n\t\t<\/div>\n\t\t\t\t<div class=\"elementor-column elementor-col-50 elementor-inner-column elementor-element elementor-element-f5650bf elementor-invisible\" data-id=\"f5650bf\" data-element_type=\"column\" data-e-type=\"column\" data-settings=\"{&quot;background_background&quot;:&quot;classic&quot;,&quot;animation&quot;:&quot;fadeInRight&quot;,&quot;animation_delay&quot;:350}\">\n\t\t\t<div class=\"elementor-widget-wrap elementor-element-populated\">\n\t\t\t\t\t\t<div class=\"elementor-element elementor-element-addbfde elementor-invisible elementor-widget elementor-widget-heading\" data-id=\"addbfde\" data-element_type=\"widget\" data-e-type=\"widget\" data-settings=\"{&quot;_animation&quot;:&quot;fadeInUp&quot;,&quot;_animation_delay&quot;:500}\" data-widget_type=\"heading.default\">\n\t\t\t\t<div class=\"elementor-widget-container\">\n\t\t\t\t\t<h2 class=\"elementor-heading-title elementor-size-default\">Conseils Pratiques\n<\/h2>\t\t\t\t<\/div>\n\t\t\t\t<\/div>\n\t\t\t\t<div class=\"elementor-element elementor-element-b37337d elementor-invisible elementor-widget elementor-widget-text-editor\" data-id=\"b37337d\" data-element_type=\"widget\" data-e-type=\"widget\" data-settings=\"{&quot;_animation&quot;:&quot;fadeInUp&quot;,&quot;_animation_delay&quot;:500}\" data-widget_type=\"text-editor.default\">\n\t\t\t\t<div class=\"elementor-widget-container\">\n\t\t\t\t\t\t\t\t\t<p>Il est conseill\u00e9 de visiter <a href=\"https:\/\/www.brazilecotour.com\/fr\/le-parc-national-des-lencois-maranhenses-un-endroit-unique-sur-terre\/\">le parc avec un guide local<\/a>, car les conditions peuvent \u00eatre difficiles \u00e0 naviguer, et certaines zones sont accessibles uniquement avec des v\u00e9hicules adapt\u00e9s. Les visiteurs doivent \u00e9galement \u00eatre pr\u00e9par\u00e9s \u00e0 marcher sur du sable chaud et \u00e0 transporter suffisamment d&#8217;eau pour rester hydrat\u00e9s sous le soleil tropical.<\/p><p><a href=\"https:\/\/www.brazilecotour.com\/fr\/decouvrez-les-lencois-maranhenses-un-paysage-de-dunes-unique-au-bresil\/\">Le Parc National des Len\u00e7\u00f3is Maranhenses<\/a> est une merveille naturelle qui impressionne par son originalit\u00e9 et sa beaut\u00e9. C&#8217;est une destination incontournable pour ceux qui recherchent une exp\u00e9rience en pleine nature, loin des sentiers battus, dans un cadre \u00e0 la fois serein et majestueux.<\/p><h4>\u00a0<\/h4>\t\t\t\t\t\t\t\t<\/div>\n\t\t\t\t<\/div>\n\t\t\t\t\t<\/div>\n\t\t<\/div>\n\t\t\t\t\t<\/div>\n\t\t<\/section>\n\t\t\t\t<section class=\"elementor-section elementor-inner-section elementor-element elementor-element-6e5abc2c elementor-section-boxed elementor-section-height-default elementor-section-height-default\" data-id=\"6e5abc2c\" data-element_type=\"section\" data-e-type=\"section\">\n\t\t\t\t\t\t<div class=\"elementor-container elementor-column-gap-default\">\n\t\t\t\t\t<div class=\"elementor-column elementor-col-50 elementor-inner-column elementor-element elementor-element-7fa8f8dc elementor-invisible\" data-id=\"7fa8f8dc\" data-element_type=\"column\" data-e-type=\"column\" data-settings=\"{&quot;animation&quot;:&quot;fadeInLeft&quot;,&quot;animation_delay&quot;:300}\">\n\t\t\t<div class=\"elementor-widget-wrap elementor-element-populated\">\n\t\t\t\t\t\t<div class=\"elementor-element elementor-element-2677f8d6 elementor-widget elementor-widget-image\" data-id=\"2677f8d6\" data-element_type=\"widget\" data-e-type=\"widget\" data-widget_type=\"image.default\">\n\t\t\t\t<div class=\"elementor-widget-container\">\n\t\t\t\t\t\t\t\t\t\t\t\t\t\t\t<img loading=\"lazy\" decoding=\"async\" width=\"1920\" height=\"1280\" src=\"https:\/\/www.brazilecotour.com\/wp-content\/uploads\/2021\/12\/jeremy-bishop-256584-unsplash.jpg\" class=\"attachment-full size-full wp-image-23917\" alt=\"\" srcset=\"https:\/\/www.brazilecotour.com\/wp-content\/uploads\/2021\/12\/jeremy-bishop-256584-unsplash.jpg 1920w, https:\/\/www.brazilecotour.com\/wp-content\/uploads\/2021\/12\/jeremy-bishop-256584-unsplash-300x200.jpg 300w, https:\/\/www.brazilecotour.com\/wp-content\/uploads\/2021\/12\/jeremy-bishop-256584-unsplash-1024x683.jpg 1024w, https:\/\/www.brazilecotour.com\/wp-content\/uploads\/2021\/12\/jeremy-bishop-256584-unsplash-768x512.jpg 768w, https:\/\/www.brazilecotour.com\/wp-content\/uploads\/2021\/12\/jeremy-bishop-256584-unsplash-1536x1024.jpg 1536w\" sizes=\"(max-width: 1920px) 100vw, 1920px\" \/>\t\t\t\t\t\t\t\t\t\t\t\t\t\t\t<\/div>\n\t\t\t\t<\/div>\n\t\t\t\t\t<\/div>\n\t\t<\/div>\n\t\t\t\t<div class=\"elementor-column elementor-col-50 elementor-inner-column elementor-element elementor-element-61f5a47a elementor-invisible\" data-id=\"61f5a47a\" data-element_type=\"column\" data-e-type=\"column\" data-settings=\"{&quot;background_background&quot;:&quot;classic&quot;,&quot;animation&quot;:&quot;fadeInRight&quot;,&quot;animation_delay&quot;:350}\">\n\t\t\t<div class=\"elementor-widget-wrap elementor-element-populated\">\n\t\t\t\t\t\t<div class=\"elementor-element elementor-element-49ad6b04 elementor-invisible elementor-widget elementor-widget-heading\" data-id=\"49ad6b04\" data-element_type=\"widget\" data-e-type=\"widget\" data-settings=\"{&quot;_animation&quot;:&quot;fadeInUp&quot;,&quot;_animation_delay&quot;:500}\" data-widget_type=\"heading.default\">\n\t\t\t\t<div class=\"elementor-widget-container\">\n\t\t\t\t\t<h2 class=\"elementor-heading-title elementor-size-default\">Activit\u00e9s \u00e0 Ne Pas Manquer\n<\/h2>\t\t\t\t<\/div>\n\t\t\t\t<\/div>\n\t\t\t\t<div class=\"elementor-element elementor-element-67c2175d elementor-invisible elementor-widget elementor-widget-text-editor\" data-id=\"67c2175d\" data-element_type=\"widget\" data-e-type=\"widget\" data-settings=\"{&quot;_animation&quot;:&quot;fadeInUp&quot;,&quot;_animation_delay&quot;:500}\" data-widget_type=\"text-editor.default\">\n\t\t\t\t<div class=\"elementor-widget-container\">\n\t\t\t\t\t\t\t\t\t<ul><li><p><strong>Baignade dans les Lagunes<\/strong> : Les lagunes les plus populaires, comme Lagoa Azul et Lagoa Bonita, sont id\u00e9ales pour une baignade rafra\u00eechissante. Chaque lagune a ses propres caract\u00e9ristiques, avec des couleurs et des tailles vari\u00e9es.<\/p><\/li><li><p><strong>Excursion en Quad ou en 4&#215;4<\/strong> : Pour ceux qui pr\u00e9f\u00e8rent l&#8217;aventure, une excursion en quad ou en 4&#215;4 \u00e0 travers les dunes est un moyen excitant d&#8217;explorer le parc. Ces v\u00e9hicules tout-terrain permettent d&#8217;acc\u00e9der aux zones plus recul\u00e9es et de d\u00e9couvrir des paysages moins fr\u00e9quent\u00e9s.<\/p><\/li><li><p><strong>Vol en H\u00e9licopt\u00e8re<\/strong> : Pour une vue d&#8217;ensemble spectaculaire des <a href=\"https:\/\/www.brazilecotour.com\/fr\/au-bresil-le-desert-des-lencois-maranhenses-un-mirage-sur-locean\/\">Len\u00e7\u00f3is Maranhenses<\/a>, un vol en h\u00e9licopt\u00e8re est une exp\u00e9rience inoubliable. D&#8217;en haut, on peut vraiment appr\u00e9cier l&#8217;immensit\u00e9 du parc et la beaut\u00e9 des motifs cr\u00e9\u00e9s par les dunes et les lagunes.<\/p><\/li><\/ul>\t\t\t\t\t\t\t\t<\/div>\n\t\t\t\t<\/div>\n\t\t\t\t\t<\/div>\n\t\t<\/div>\n\t\t\t\t\t<\/div>\n\t\t<\/section>\n\t\t\t\t\t<\/div>\n\t\t<\/div>\n\t\t\t\t\t<\/div>\n\t\t<\/section>\n\t\t\t\t<section class=\"elementor-section elementor-top-section elementor-element elementor-element-48c43df3 elementor-section-height-min-height elementor-section-items-stretch elementor-section-boxed elementor-section-height-default elementor-invisible\" data-id=\"48c43df3\" data-element_type=\"section\" data-e-type=\"section\" data-settings=\"{&quot;background_background&quot;:&quot;classic&quot;,&quot;animation&quot;:&quot;fadeIn&quot;}\">\n\t\t\t\t\t\t\t<div class=\"elementor-background-overlay\"><\/div>\n\t\t\t\t\t\t\t<div class=\"elementor-container elementor-column-gap-default\">\n\t\t\t\t\t<div class=\"elementor-column elementor-col-100 elementor-top-column elementor-element elementor-element-70c62b32\" data-id=\"70c62b32\" data-element_type=\"column\" data-e-type=\"column\">\n\t\t\t<div class=\"elementor-widget-wrap elementor-element-populated\">\n\t\t\t\t\t\t<div class=\"elementor-element elementor-element-7948a19d elementor-invisible elementor-widget elementor-widget-heading\" data-id=\"7948a19d\" data-element_type=\"widget\" data-e-type=\"widget\" data-settings=\"{&quot;_animation&quot;:&quot;fadeInUp&quot;,&quot;_animation_delay&quot;:400}\" data-widget_type=\"heading.default\">\n\t\t\t\t<div class=\"elementor-widget-container\">\n\t\t\t\t\t<h1 class=\"elementor-heading-title elementor-size-default\">Devis Gratuit<\/h1>\t\t\t\t<\/div>\n\t\t\t\t<\/div>\n\t\t\t\t<div class=\"elementor-element elementor-element-be7ad32 elementor-widget elementor-widget-shortcode\" data-id=\"be7ad32\" data-element_type=\"widget\" data-e-type=\"widget\" data-widget_type=\"shortcode.default\">\n\t\t\t\t<div class=\"elementor-widget-container\">\n\t\t\t\t\t\t\t<div class=\"elementor-shortcode\">\n<div class=\"wpcf7 no-js\" id=\"wpcf7-f25230-o1\" lang=\"fr-FR\" dir=\"ltr\" data-wpcf7-id=\"25230\">\n<div class=\"screen-reader-response\"><p role=\"status\" aria-live=\"polite\" aria-atomic=\"true\"><\/p> <ul><\/ul><\/div>\n<form action=\"\/fr\/wp-json\/wp\/v2\/posts\/26143#wpcf7-f25230-o1\" method=\"post\" class=\"wpcf7-form init\" aria-label=\"Formulaire de contact\" novalidate=\"novalidate\" data-status=\"init\">\n<fieldset class=\"hidden-fields-container\"><input type=\"hidden\" name=\"_wpcf7\" value=\"25230\" \/><input type=\"hidden\" name=\"_wpcf7_version\" value=\"6.1.5\" \/><input type=\"hidden\" name=\"_wpcf7_locale\" value=\"fr_FR\" \/><input type=\"hidden\" name=\"_wpcf7_unit_tag\" value=\"wpcf7-f25230-o1\" \/><input type=\"hidden\" name=\"_wpcf7_container_post\" value=\"0\" \/><input type=\"hidden\" name=\"_wpcf7_posted_data_hash\" value=\"\" \/>\n<\/fieldset>\n<p><label><span style=\"background-color: #ffffff;\"> Your Name<\/span> <span class=\"wpcf7-form-control-wrap\" data-name=\"your-name\"><input size=\"40\" maxlength=\"400\" class=\"wpcf7-form-control wpcf7-text wpcf7-validates-as-required\" autocomplete=\"name\" aria-required=\"true\" aria-invalid=\"false\" value=\"\" type=\"text\" name=\"your-name\" \/><\/span> <\/label><label><span style=\"background-color: #ffffff;\"> Your Email<\/span> <span class=\"wpcf7-form-control-wrap\" data-name=\"your-email\"><input size=\"40\" maxlength=\"400\" class=\"wpcf7-form-control wpcf7-email wpcf7-validates-as-required wpcf7-text wpcf7-validates-as-email\" autocomplete=\"email\" aria-required=\"true\" aria-invalid=\"false\" value=\"\" type=\"email\" name=\"your-email\" \/><\/span> <\/label><label><span style=\"background-color: #ffffff;\"> Phone<\/span> <span class=\"wpcf7-form-control-wrap\" data-name=\"your-subject\"><input size=\"40\" maxlength=\"400\" class=\"wpcf7-form-control wpcf7-text wpcf7-validates-as-required\" aria-required=\"true\" aria-invalid=\"false\" value=\"\" type=\"text\" name=\"your-subject\" \/><\/span> <\/label><label><span style=\"background-color: #ffffff;\"> Your Message&nbsp;<\/span> <span class=\"wpcf7-form-control-wrap\" data-name=\"your-message\"><textarea cols=\"40\" rows=\"10\" maxlength=\"2000\" class=\"wpcf7-form-control wpcf7-textarea\" aria-invalid=\"false\" name=\"your-message\"><\/textarea><\/span> <\/label><input class=\"wpcf7-form-control wpcf7-submit has-spinner\" type=\"submit\" value=\"Envoyer\" \/>\n<\/p><div class=\"wpcf7-response-output\" aria-hidden=\"true\"><\/div>\n<\/form>\n<\/div>\n<\/div>\n\t\t\t\t\t\t<\/div>\n\t\t\t\t<\/div>\n\t\t\t\t\t<\/div>\n\t\t<\/div>\n\t\t\t\t\t<\/div>\n\t\t<\/section>\n\t\t\t\t<\/div>\n\t\t","protected":false},"excerpt":{"rendered":"<p>D\u00e9couverte du Parc National des Len\u00e7\u00f3is Maranhenses : Un D\u00e9sert de Sable et d\u2019Eau<\/p>\n","protected":false},"author":2,"featured_media":8377,"comment_status":"open","ping_status":"closed","sticky":false,"template":"elementor_header_footer","format":"standard","meta":{"_coblocks_attr":"","_coblocks_dimensions":"","_coblocks_responsive_height":"","_coblocks_accordion_ie_support":"","hide_page_title":"","footnotes":""},"categories":[39],"tags":[],"class_list":["post-26143","post","type-post","status-publish","format-standard","has-post-thumbnail","hentry","category-non-classifiee"],"yoast_head":"<!-- This site is optimized with the Yoast SEO Premium plugin v25.9 (Yoast SEO v27.4) - https:\/\/yoast.com\/product\/yoast-seo-premium-wordpress\/ -->\n<title>Parc National des Len\u00e7\u00f3is Maranhenses<\/title>\n<meta name=\"description\" content=\"D\u00e9couverte du Parc National des Len\u00e7\u00f3is Maranhenses : Un D\u00e9sert de Sable et d\u2019Eau Parc National des Len\u00e7\u00f3is Maranhenses\" \/>\n<meta name=\"robots\" content=\"index, follow, max-snippet:-1, max-image-preview:large, max-video-preview:-1\" \/>\n<link rel=\"canonical\" href=\"https:\/\/www.brazilecotour.com\/fr\/decouverte-du-parc-national-des-lencois-maranhenses-un-desert-de-sable-et-deau\/\" \/>\n<meta property=\"og:locale\" content=\"fr_FR\" \/>\n<meta property=\"og:type\" content=\"article\" \/>\n<meta property=\"og:title\" content=\"D\u00e9couverte du Parc National des Len\u00e7\u00f3is Maranhenses : Un D\u00e9sert de Sable et d\u2019Eau\" \/>\n<meta property=\"og:description\" content=\"D\u00e9couverte du Parc National des Len\u00e7\u00f3is Maranhenses : Un D\u00e9sert de Sable et d\u2019Eau Parc National des Len\u00e7\u00f3is Maranhenses\" \/>\n<meta property=\"og:url\" content=\"https:\/\/www.brazilecotour.com\/fr\/decouverte-du-parc-national-des-lencois-maranhenses-un-desert-de-sable-et-deau\/\" \/>\n<meta property=\"og:site_name\" content=\"Brazil Ecotour | DMC &amp; Travel agency in Brazil\" \/>\n<meta property=\"article:publisher\" content=\"https:\/\/www.facebook.com\/brazilecotour\/\" \/>\n<meta property=\"article:author\" content=\"https:\/\/www.facebook.com\/brazilecotour\/\" \/>\n<meta property=\"article:published_time\" content=\"2024-08-12T16:56:44+00:00\" \/>\n<meta property=\"article:modified_time\" content=\"2024-08-12T19:20:48+00:00\" \/>\n<meta property=\"og:image\" content=\"https:\/\/www.brazilecotour.com\/wp-content\/uploads\/2017\/05\/lencois-maranhenses.jpg\" \/>\n\t<meta property=\"og:image:width\" content=\"1080\" \/>\n\t<meta property=\"og:image:height\" content=\"1350\" \/>\n\t<meta property=\"og:image:type\" content=\"image\/jpeg\" \/>\n<meta name=\"author\" content=\"Brazil Ecotour\" \/>\n<meta name=\"twitter:card\" content=\"summary_large_image\" \/>\n<meta name=\"twitter:creator\" content=\"@brazilecotour01\" \/>\n<meta name=\"twitter:site\" content=\"@brazilecotour01\" \/>\n<meta name=\"twitter:label1\" content=\"\u00c9crit par\" \/>\n\t<meta name=\"twitter:data1\" content=\"Brazil Ecotour\" \/>\n\t<meta name=\"twitter:label2\" content=\"Dur\u00e9e de lecture estim\u00e9e\" \/>\n\t<meta name=\"twitter:data2\" content=\"4 minutes\" \/>\n<script type=\"application\/ld+json\" class=\"yoast-schema-graph\">{\"@context\":\"https:\\\/\\\/schema.org\",\"@graph\":[{\"@type\":[\"Article\",\"BlogPosting\"],\"@id\":\"https:\\\/\\\/www.brazilecotour.com\\\/fr\\\/decouverte-du-parc-national-des-lencois-maranhenses-un-desert-de-sable-et-deau\\\/#article\",\"isPartOf\":{\"@id\":\"https:\\\/\\\/www.brazilecotour.com\\\/fr\\\/decouverte-du-parc-national-des-lencois-maranhenses-un-desert-de-sable-et-deau\\\/\"},\"author\":{\"name\":\"Brazil Ecotour\",\"@id\":\"https:\\\/\\\/www.brazilecotour.com\\\/fr\\\/#\\\/schema\\\/person\\\/bb20c278af8580ea123f7584ce5a7a83\"},\"headline\":\"D\u00e9couverte du Parc National des Len\u00e7\u00f3is Maranhenses : Un D\u00e9sert de Sable et d\u2019Eau\",\"datePublished\":\"2024-08-12T16:56:44+00:00\",\"dateModified\":\"2024-08-12T19:20:48+00:00\",\"mainEntityOfPage\":{\"@id\":\"https:\\\/\\\/www.brazilecotour.com\\\/fr\\\/decouverte-du-parc-national-des-lencois-maranhenses-un-desert-de-sable-et-deau\\\/\"},\"wordCount\":510,\"commentCount\":0,\"publisher\":{\"@id\":\"https:\\\/\\\/www.brazilecotour.com\\\/fr\\\/#organization\"},\"image\":{\"@id\":\"https:\\\/\\\/www.brazilecotour.com\\\/fr\\\/decouverte-du-parc-national-des-lencois-maranhenses-un-desert-de-sable-et-deau\\\/#primaryimage\"},\"thumbnailUrl\":\"https:\\\/\\\/www.brazilecotour.com\\\/wp-content\\\/uploads\\\/2017\\\/05\\\/lencois-maranhenses.jpg\",\"articleSection\":[\"Non classifi\u00e9(e)\"],\"inLanguage\":\"fr-FR\",\"potentialAction\":[{\"@type\":\"CommentAction\",\"name\":\"Comment\",\"target\":[\"https:\\\/\\\/www.brazilecotour.com\\\/fr\\\/decouverte-du-parc-national-des-lencois-maranhenses-un-desert-de-sable-et-deau\\\/#respond\"]}]},{\"@type\":\"WebPage\",\"@id\":\"https:\\\/\\\/www.brazilecotour.com\\\/fr\\\/decouverte-du-parc-national-des-lencois-maranhenses-un-desert-de-sable-et-deau\\\/\",\"url\":\"https:\\\/\\\/www.brazilecotour.com\\\/fr\\\/decouverte-du-parc-national-des-lencois-maranhenses-un-desert-de-sable-et-deau\\\/\",\"name\":\"Parc National des Len\u00e7\u00f3is Maranhenses\",\"isPartOf\":{\"@id\":\"https:\\\/\\\/www.brazilecotour.com\\\/fr\\\/#website\"},\"primaryImageOfPage\":{\"@id\":\"https:\\\/\\\/www.brazilecotour.com\\\/fr\\\/decouverte-du-parc-national-des-lencois-maranhenses-un-desert-de-sable-et-deau\\\/#primaryimage\"},\"image\":{\"@id\":\"https:\\\/\\\/www.brazilecotour.com\\\/fr\\\/decouverte-du-parc-national-des-lencois-maranhenses-un-desert-de-sable-et-deau\\\/#primaryimage\"},\"thumbnailUrl\":\"https:\\\/\\\/www.brazilecotour.com\\\/wp-content\\\/uploads\\\/2017\\\/05\\\/lencois-maranhenses.jpg\",\"datePublished\":\"2024-08-12T16:56:44+00:00\",\"dateModified\":\"2024-08-12T19:20:48+00:00\",\"description\":\"D\u00e9couverte du Parc National des Len\u00e7\u00f3is Maranhenses : Un D\u00e9sert de Sable et d\u2019Eau Parc National des Len\u00e7\u00f3is Maranhenses\",\"breadcrumb\":{\"@id\":\"https:\\\/\\\/www.brazilecotour.com\\\/fr\\\/decouverte-du-parc-national-des-lencois-maranhenses-un-desert-de-sable-et-deau\\\/#breadcrumb\"},\"inLanguage\":\"fr-FR\",\"potentialAction\":[{\"@type\":\"ReadAction\",\"target\":[\"https:\\\/\\\/www.brazilecotour.com\\\/fr\\\/decouverte-du-parc-national-des-lencois-maranhenses-un-desert-de-sable-et-deau\\\/\"]}]},{\"@type\":\"ImageObject\",\"inLanguage\":\"fr-FR\",\"@id\":\"https:\\\/\\\/www.brazilecotour.com\\\/fr\\\/decouverte-du-parc-national-des-lencois-maranhenses-un-desert-de-sable-et-deau\\\/#primaryimage\",\"url\":\"https:\\\/\\\/www.brazilecotour.com\\\/wp-content\\\/uploads\\\/2017\\\/05\\\/lencois-maranhenses.jpg\",\"contentUrl\":\"https:\\\/\\\/www.brazilecotour.com\\\/wp-content\\\/uploads\\\/2017\\\/05\\\/lencois-maranhenses.jpg\",\"width\":1080,\"height\":1350,\"caption\":\"lencois maranhenses\"},{\"@type\":\"BreadcrumbList\",\"@id\":\"https:\\\/\\\/www.brazilecotour.com\\\/fr\\\/decouverte-du-parc-national-des-lencois-maranhenses-un-desert-de-sable-et-deau\\\/#breadcrumb\",\"itemListElement\":[{\"@type\":\"ListItem\",\"position\":1,\"name\":\"Accueil\",\"item\":\"https:\\\/\\\/www.brazilecotour.com\\\/fr\\\/\"},{\"@type\":\"ListItem\",\"position\":2,\"name\":\"D\u00e9couverte du Parc National des Len\u00e7\u00f3is Maranhenses : Un D\u00e9sert de Sable et d\u2019Eau\"}]},{\"@type\":\"WebSite\",\"@id\":\"https:\\\/\\\/www.brazilecotour.com\\\/fr\\\/#website\",\"url\":\"https:\\\/\\\/www.brazilecotour.com\\\/fr\\\/\",\"name\":\"Brazil Ecotour | DMC and Travel Agency in Brazil\",\"description\":\"Beyond Travel, Real Experiences\",\"publisher\":{\"@id\":\"https:\\\/\\\/www.brazilecotour.com\\\/fr\\\/#organization\"},\"potentialAction\":[{\"@type\":\"SearchAction\",\"target\":{\"@type\":\"EntryPoint\",\"urlTemplate\":\"https:\\\/\\\/www.brazilecotour.com\\\/fr\\\/?s={search_term_string}\"},\"query-input\":{\"@type\":\"PropertyValueSpecification\",\"valueRequired\":true,\"valueName\":\"search_term_string\"}}],\"inLanguage\":\"fr-FR\"},{\"@type\":\"Organization\",\"@id\":\"https:\\\/\\\/www.brazilecotour.com\\\/fr\\\/#organization\",\"name\":\"Brazil Ecotour | DMC & Travel agency in Brazil\",\"url\":\"https:\\\/\\\/www.brazilecotour.com\\\/fr\\\/\",\"logo\":{\"@type\":\"ImageObject\",\"inLanguage\":\"fr-FR\",\"@id\":\"https:\\\/\\\/www.brazilecotour.com\\\/fr\\\/#\\\/schema\\\/logo\\\/image\\\/\",\"url\":\"https:\\\/\\\/www.brazilecotour.com\\\/wp-content\\\/uploads\\\/2017\\\/06\\\/brazilecotour_logo.png\",\"contentUrl\":\"https:\\\/\\\/www.brazilecotour.com\\\/wp-content\\\/uploads\\\/2017\\\/06\\\/brazilecotour_logo.png\",\"width\":350,\"height\":100,\"caption\":\"Brazil Ecotour | DMC & Travel agency in Brazil\"},\"image\":{\"@id\":\"https:\\\/\\\/www.brazilecotour.com\\\/fr\\\/#\\\/schema\\\/logo\\\/image\\\/\"},\"sameAs\":[\"https:\\\/\\\/www.facebook.com\\\/brazilecotour\\\/\",\"https:\\\/\\\/x.com\\\/brazilecotour01\",\"https:\\\/\\\/www.instagram.com\\\/brazilecotour\\\/\",\"https:\\\/\\\/www.linkedin.com\\\/company\\\/brazilecotour\",\"https:\\\/\\\/www.pinterest.com\\\/brazilecotour\\\/\",\"https:\\\/\\\/www.youtube.com\\\/channel\\\/UCbaIa7Xo7DuwNz0z3H1zDnA\"]},{\"@type\":\"Person\",\"@id\":\"https:\\\/\\\/www.brazilecotour.com\\\/fr\\\/#\\\/schema\\\/person\\\/bb20c278af8580ea123f7584ce5a7a83\",\"name\":\"Brazil Ecotour\",\"image\":{\"@type\":\"ImageObject\",\"inLanguage\":\"fr-FR\",\"@id\":\"https:\\\/\\\/secure.gravatar.com\\\/avatar\\\/ec959129edd806b486b9fa8401bc242b60f01c2f7809cc01175829f25a1964c3?s=96&d=mm&r=g\",\"url\":\"https:\\\/\\\/secure.gravatar.com\\\/avatar\\\/ec959129edd806b486b9fa8401bc242b60f01c2f7809cc01175829f25a1964c3?s=96&d=mm&r=g\",\"contentUrl\":\"https:\\\/\\\/secure.gravatar.com\\\/avatar\\\/ec959129edd806b486b9fa8401bc242b60f01c2f7809cc01175829f25a1964c3?s=96&d=mm&r=g\",\"caption\":\"Brazil Ecotour\"},\"sameAs\":[\"https:\\\/\\\/www.brazilecotour.com\",\"https:\\\/\\\/www.facebook.com\\\/brazilecotour\\\/\",\"https:\\\/\\\/x.com\\\/@brazilecotour01\"]}]}<\/script>\n<!-- \/ Yoast SEO Premium plugin. -->","yoast_head_json":{"title":"Parc National des Len\u00e7\u00f3is Maranhenses","description":"D\u00e9couverte du Parc National des Len\u00e7\u00f3is Maranhenses : Un D\u00e9sert de Sable et d\u2019Eau Parc National des Len\u00e7\u00f3is Maranhenses","robots":{"index":"index","follow":"follow","max-snippet":"max-snippet:-1","max-image-preview":"max-image-preview:large","max-video-preview":"max-video-preview:-1"},"canonical":"https:\/\/www.brazilecotour.com\/fr\/decouverte-du-parc-national-des-lencois-maranhenses-un-desert-de-sable-et-deau\/","og_locale":"fr_FR","og_type":"article","og_title":"D\u00e9couverte du Parc National des Len\u00e7\u00f3is Maranhenses : Un D\u00e9sert de Sable et d\u2019Eau","og_description":"D\u00e9couverte du Parc National des Len\u00e7\u00f3is Maranhenses : Un D\u00e9sert de Sable et d\u2019Eau Parc National des Len\u00e7\u00f3is Maranhenses","og_url":"https:\/\/www.brazilecotour.com\/fr\/decouverte-du-parc-national-des-lencois-maranhenses-un-desert-de-sable-et-deau\/","og_site_name":"Brazil Ecotour | DMC &amp; Travel agency in Brazil","article_publisher":"https:\/\/www.facebook.com\/brazilecotour\/","article_author":"https:\/\/www.facebook.com\/brazilecotour\/","article_published_time":"2024-08-12T16:56:44+00:00","article_modified_time":"2024-08-12T19:20:48+00:00","og_image":[{"width":1080,"height":1350,"url":"https:\/\/www.brazilecotour.com\/wp-content\/uploads\/2017\/05\/lencois-maranhenses.jpg","type":"image\/jpeg"}],"author":"Brazil Ecotour","twitter_card":"summary_large_image","twitter_creator":"@brazilecotour01","twitter_site":"@brazilecotour01","twitter_misc":{"\u00c9crit par":"Brazil Ecotour","Dur\u00e9e de lecture estim\u00e9e":"4 minutes"},"schema":{"@context":"https:\/\/schema.org","@graph":[{"@type":["Article","BlogPosting"],"@id":"https:\/\/www.brazilecotour.com\/fr\/decouverte-du-parc-national-des-lencois-maranhenses-un-desert-de-sable-et-deau\/#article","isPartOf":{"@id":"https:\/\/www.brazilecotour.com\/fr\/decouverte-du-parc-national-des-lencois-maranhenses-un-desert-de-sable-et-deau\/"},"author":{"name":"Brazil Ecotour","@id":"https:\/\/www.brazilecotour.com\/fr\/#\/schema\/person\/bb20c278af8580ea123f7584ce5a7a83"},"headline":"D\u00e9couverte du Parc National des Len\u00e7\u00f3is Maranhenses : Un D\u00e9sert de Sable et d\u2019Eau","datePublished":"2024-08-12T16:56:44+00:00","dateModified":"2024-08-12T19:20:48+00:00","mainEntityOfPage":{"@id":"https:\/\/www.brazilecotour.com\/fr\/decouverte-du-parc-national-des-lencois-maranhenses-un-desert-de-sable-et-deau\/"},"wordCount":510,"commentCount":0,"publisher":{"@id":"https:\/\/www.brazilecotour.com\/fr\/#organization"},"image":{"@id":"https:\/\/www.brazilecotour.com\/fr\/decouverte-du-parc-national-des-lencois-maranhenses-un-desert-de-sable-et-deau\/#primaryimage"},"thumbnailUrl":"https:\/\/www.brazilecotour.com\/wp-content\/uploads\/2017\/05\/lencois-maranhenses.jpg","articleSection":["Non classifi\u00e9(e)"],"inLanguage":"fr-FR","potentialAction":[{"@type":"CommentAction","name":"Comment","target":["https:\/\/www.brazilecotour.com\/fr\/decouverte-du-parc-national-des-lencois-maranhenses-un-desert-de-sable-et-deau\/#respond"]}]},{"@type":"WebPage","@id":"https:\/\/www.brazilecotour.com\/fr\/decouverte-du-parc-national-des-lencois-maranhenses-un-desert-de-sable-et-deau\/","url":"https:\/\/www.brazilecotour.com\/fr\/decouverte-du-parc-national-des-lencois-maranhenses-un-desert-de-sable-et-deau\/","name":"Parc National des Len\u00e7\u00f3is Maranhenses","isPartOf":{"@id":"https:\/\/www.brazilecotour.com\/fr\/#website"},"primaryImageOfPage":{"@id":"https:\/\/www.brazilecotour.com\/fr\/decouverte-du-parc-national-des-lencois-maranhenses-un-desert-de-sable-et-deau\/#primaryimage"},"image":{"@id":"https:\/\/www.brazilecotour.com\/fr\/decouverte-du-parc-national-des-lencois-maranhenses-un-desert-de-sable-et-deau\/#primaryimage"},"thumbnailUrl":"https:\/\/www.brazilecotour.com\/wp-content\/uploads\/2017\/05\/lencois-maranhenses.jpg","datePublished":"2024-08-12T16:56:44+00:00","dateModified":"2024-08-12T19:20:48+00:00","description":"D\u00e9couverte du Parc National des Len\u00e7\u00f3is Maranhenses : Un D\u00e9sert de Sable et d\u2019Eau Parc National des Len\u00e7\u00f3is Maranhenses","breadcrumb":{"@id":"https:\/\/www.brazilecotour.com\/fr\/decouverte-du-parc-national-des-lencois-maranhenses-un-desert-de-sable-et-deau\/#breadcrumb"},"inLanguage":"fr-FR","potentialAction":[{"@type":"ReadAction","target":["https:\/\/www.brazilecotour.com\/fr\/decouverte-du-parc-national-des-lencois-maranhenses-un-desert-de-sable-et-deau\/"]}]},{"@type":"ImageObject","inLanguage":"fr-FR","@id":"https:\/\/www.brazilecotour.com\/fr\/decouverte-du-parc-national-des-lencois-maranhenses-un-desert-de-sable-et-deau\/#primaryimage","url":"https:\/\/www.brazilecotour.com\/wp-content\/uploads\/2017\/05\/lencois-maranhenses.jpg","contentUrl":"https:\/\/www.brazilecotour.com\/wp-content\/uploads\/2017\/05\/lencois-maranhenses.jpg","width":1080,"height":1350,"caption":"lencois maranhenses"},{"@type":"BreadcrumbList","@id":"https:\/\/www.brazilecotour.com\/fr\/decouverte-du-parc-national-des-lencois-maranhenses-un-desert-de-sable-et-deau\/#breadcrumb","itemListElement":[{"@type":"ListItem","position":1,"name":"Accueil","item":"https:\/\/www.brazilecotour.com\/fr\/"},{"@type":"ListItem","position":2,"name":"D\u00e9couverte du Parc National des Len\u00e7\u00f3is Maranhenses : Un D\u00e9sert de Sable et d\u2019Eau"}]},{"@type":"WebSite","@id":"https:\/\/www.brazilecotour.com\/fr\/#website","url":"https:\/\/www.brazilecotour.com\/fr\/","name":"Brazil Ecotour | DMC and Travel Agency in Brazil","description":"Beyond Travel, Real Experiences","publisher":{"@id":"https:\/\/www.brazilecotour.com\/fr\/#organization"},"potentialAction":[{"@type":"SearchAction","target":{"@type":"EntryPoint","urlTemplate":"https:\/\/www.brazilecotour.com\/fr\/?s={search_term_string}"},"query-input":{"@type":"PropertyValueSpecification","valueRequired":true,"valueName":"search_term_string"}}],"inLanguage":"fr-FR"},{"@type":"Organization","@id":"https:\/\/www.brazilecotour.com\/fr\/#organization","name":"Brazil Ecotour | DMC & Travel agency in Brazil","url":"https:\/\/www.brazilecotour.com\/fr\/","logo":{"@type":"ImageObject","inLanguage":"fr-FR","@id":"https:\/\/www.brazilecotour.com\/fr\/#\/schema\/logo\/image\/","url":"https:\/\/www.brazilecotour.com\/wp-content\/uploads\/2017\/06\/brazilecotour_logo.png","contentUrl":"https:\/\/www.brazilecotour.com\/wp-content\/uploads\/2017\/06\/brazilecotour_logo.png","width":350,"height":100,"caption":"Brazil Ecotour | DMC & Travel agency in Brazil"},"image":{"@id":"https:\/\/www.brazilecotour.com\/fr\/#\/schema\/logo\/image\/"},"sameAs":["https:\/\/www.facebook.com\/brazilecotour\/","https:\/\/x.com\/brazilecotour01","https:\/\/www.instagram.com\/brazilecotour\/","https:\/\/www.linkedin.com\/company\/brazilecotour","https:\/\/www.pinterest.com\/brazilecotour\/","https:\/\/www.youtube.com\/channel\/UCbaIa7Xo7DuwNz0z3H1zDnA"]},{"@type":"Person","@id":"https:\/\/www.brazilecotour.com\/fr\/#\/schema\/person\/bb20c278af8580ea123f7584ce5a7a83","name":"Brazil Ecotour","image":{"@type":"ImageObject","inLanguage":"fr-FR","@id":"https:\/\/secure.gravatar.com\/avatar\/ec959129edd806b486b9fa8401bc242b60f01c2f7809cc01175829f25a1964c3?s=96&d=mm&r=g","url":"https:\/\/secure.gravatar.com\/avatar\/ec959129edd806b486b9fa8401bc242b60f01c2f7809cc01175829f25a1964c3?s=96&d=mm&r=g","contentUrl":"https:\/\/secure.gravatar.com\/avatar\/ec959129edd806b486b9fa8401bc242b60f01c2f7809cc01175829f25a1964c3?s=96&d=mm&r=g","caption":"Brazil Ecotour"},"sameAs":["https:\/\/www.brazilecotour.com","https:\/\/www.facebook.com\/brazilecotour\/","https:\/\/x.com\/@brazilecotour01"]}]}},"_links":{"self":[{"href":"https:\/\/www.brazilecotour.com\/fr\/wp-json\/wp\/v2\/posts\/26143","targetHints":{"allow":["GET"]}}],"collection":[{"href":"https:\/\/www.brazilecotour.com\/fr\/wp-json\/wp\/v2\/posts"}],"about":[{"href":"https:\/\/www.brazilecotour.com\/fr\/wp-json\/wp\/v2\/types\/post"}],"author":[{"embeddable":true,"href":"https:\/\/www.brazilecotour.com\/fr\/wp-json\/wp\/v2\/users\/2"}],"replies":[{"embeddable":true,"href":"https:\/\/www.brazilecotour.com\/fr\/wp-json\/wp\/v2\/comments?post=26143"}],"version-history":[{"count":40,"href":"https:\/\/www.brazilecotour.com\/fr\/wp-json\/wp\/v2\/posts\/26143\/revisions"}],"predecessor-version":[{"id":26190,"href":"https:\/\/www.brazilecotour.com\/fr\/wp-json\/wp\/v2\/posts\/26143\/revisions\/26190"}],"wp:featuredmedia":[{"embeddable":true,"href":"https:\/\/www.brazilecotour.com\/fr\/wp-json\/wp\/v2\/media\/8377"}],"wp:attachment":[{"href":"https:\/\/www.brazilecotour.com\/fr\/wp-json\/wp\/v2\/media?parent=26143"}],"wp:term":[{"taxonomy":"category","embeddable":true,"href":"https:\/\/www.brazilecotour.com\/fr\/wp-json\/wp\/v2\/categories?post=26143"},{"taxonomy":"post_tag","embeddable":true,"href":"https:\/\/www.brazilecotour.com\/fr\/wp-json\/wp\/v2\/tags?post=26143"}],"curies":[{"name":"wp","href":"https:\/\/api.w.org\/{rel}","templated":true}]}}