{"id":4405,"date":"2017-06-13T11:25:11","date_gmt":"2017-06-13T09:25:11","guid":{"rendered":"http:\/\/localhost\/brazilecotour?p=4405"},"modified":"2021-05-10T17:37:59","modified_gmt":"2021-05-10T15:37:59","slug":"5-destinations-pour-se-baigner-au-printemps","status":"publish","type":"post","link":"https:\/\/www.brazilecotour.com\/fr\/5-destinations-pour-se-baigner-au-printemps\/","title":{"rendered":"Top 5 destinations pour se baigner au printemps au Br\u00e9sil"},"content":{"rendered":"\t\t<div data-elementor-type=\"wp-post\" data-elementor-id=\"4405\" class=\"elementor elementor-4405\">\n\t\t\t\t\t\t<section class=\"elementor-section elementor-top-section elementor-element elementor-element-2901252e elementor-section-height-min-height elementor-section-boxed elementor-section-height-default elementor-section-items-middle elementor-invisible\" data-id=\"2901252e\" data-element_type=\"section\" data-e-type=\"section\" data-settings=\"{&quot;background_background&quot;:&quot;classic&quot;,&quot;animation&quot;:&quot;fadeIn&quot;}\">\n\t\t\t\t\t\t\t<div class=\"elementor-background-overlay\"><\/div>\n\t\t\t\t\t\t\t<div class=\"elementor-container elementor-column-gap-default\">\n\t\t\t\t\t<div class=\"elementor-column elementor-col-100 elementor-top-column elementor-element elementor-element-1d4e964e\" data-id=\"1d4e964e\" data-element_type=\"column\" data-e-type=\"column\">\n\t\t\t<div class=\"elementor-widget-wrap elementor-element-populated\">\n\t\t\t\t\t\t<div class=\"elementor-element elementor-element-2b44216d elementor-widget elementor-widget-spacer\" data-id=\"2b44216d\" data-element_type=\"widget\" data-e-type=\"widget\" data-widget_type=\"spacer.default\">\n\t\t\t\t<div class=\"elementor-widget-container\">\n\t\t\t\t\t\t\t<div class=\"elementor-spacer\">\n\t\t\t<div class=\"elementor-spacer-inner\"><\/div>\n\t\t<\/div>\n\t\t\t\t\t\t<\/div>\n\t\t\t\t<\/div>\n\t\t\t\t<div class=\"elementor-element elementor-element-66df6ee8 elementor-invisible elementor-widget elementor-widget-heading\" data-id=\"66df6ee8\" data-element_type=\"widget\" data-e-type=\"widget\" data-settings=\"{&quot;_animation&quot;:&quot;fadeIn&quot;}\" data-widget_type=\"heading.default\">\n\t\t\t\t<div class=\"elementor-widget-container\">\n\t\t\t\t\t<h1 class=\"elementor-heading-title elementor-size-default\">Top 5 destinations pour se baigner au Br\u00e9sil -Voyage au Br\u00e9sil.<\/h1>\t\t\t\t<\/div>\n\t\t\t\t<\/div>\n\t\t\t\t\t<\/div>\n\t\t<\/div>\n\t\t\t\t\t<\/div>\n\t\t<\/section>\n\t\t\t\t<section class=\"elementor-section elementor-top-section elementor-element elementor-element-6b425ab elementor-section-boxed elementor-section-height-default elementor-section-height-default\" data-id=\"6b425ab\" data-element_type=\"section\" data-e-type=\"section\" data-settings=\"{&quot;background_background&quot;:&quot;classic&quot;}\">\n\t\t\t\t\t\t<div class=\"elementor-container elementor-column-gap-default\">\n\t\t\t\t\t<div class=\"elementor-column elementor-col-100 elementor-top-column elementor-element elementor-element-1b97dad6\" data-id=\"1b97dad6\" data-element_type=\"column\" data-e-type=\"column\">\n\t\t\t<div class=\"elementor-widget-wrap elementor-element-populated\">\n\t\t\t\t\t\t<div class=\"elementor-element elementor-element-50a9125b elementor-invisible elementor-widget elementor-widget-heading\" data-id=\"50a9125b\" data-element_type=\"widget\" data-e-type=\"widget\" data-settings=\"{&quot;_animation&quot;:&quot;fadeInUp&quot;,&quot;_animation_delay&quot;:500}\" data-widget_type=\"heading.default\">\n\t\t\t\t<div class=\"elementor-widget-container\">\n\t\t\t\t\t<h2 class=\"elementor-heading-title elementor-size-default\">Avec plus de 7500km de cote le br\u00e9sil compte les plus belles plage au Monde ci dessous le\u00a0Top 5 destinations pour se baigner au printemps au Br\u00e9sil :\n<\/h2>\t\t\t\t<\/div>\n\t\t\t\t<\/div>\n\t\t\t\t\t<\/div>\n\t\t<\/div>\n\t\t\t\t\t<\/div>\n\t\t<\/section>\n\t\t\t\t<section class=\"elementor-section elementor-top-section elementor-element elementor-element-a062a40 elementor-section-full_width elementor-section-height-default elementor-section-height-default\" data-id=\"a062a40\" data-element_type=\"section\" data-e-type=\"section\" data-settings=\"{&quot;background_background&quot;:&quot;classic&quot;}\">\n\t\t\t\t\t\t<div class=\"elementor-container elementor-column-gap-default\">\n\t\t\t\t\t<div class=\"elementor-column elementor-col-100 elementor-top-column elementor-element elementor-element-71fc1119 elementor-invisible\" data-id=\"71fc1119\" data-element_type=\"column\" data-e-type=\"column\" data-settings=\"{&quot;background_background&quot;:&quot;classic&quot;,&quot;animation&quot;:&quot;fadeIn&quot;}\">\n\t\t\t<div class=\"elementor-widget-wrap elementor-element-populated\">\n\t\t\t\t\t<div class=\"elementor-background-overlay\"><\/div>\n\t\t\t\t\t\t<div class=\"elementor-element elementor-element-2ad30ac3 elementor-invisible elementor-widget elementor-widget-heading\" data-id=\"2ad30ac3\" data-element_type=\"widget\" data-e-type=\"widget\" data-settings=\"{&quot;_animation&quot;:&quot;fadeInUp&quot;,&quot;_animation_delay&quot;:500}\" data-widget_type=\"heading.default\">\n\t\t\t\t<div class=\"elementor-widget-container\">\n\t\t\t\t\t<h2 class=\"elementor-heading-title elementor-size-small\"><a href=\"#\">Jericoacoara <\/a><\/h2>\t\t\t\t<\/div>\n\t\t\t\t<\/div>\n\t\t\t\t<div class=\"elementor-element elementor-element-3ea1b026 elementor-invisible elementor-widget elementor-widget-heading\" data-id=\"3ea1b026\" data-element_type=\"widget\" data-e-type=\"widget\" data-settings=\"{&quot;_animation&quot;:&quot;fadeInUp&quot;,&quot;_animation_delay&quot;:500}\" data-widget_type=\"heading.default\">\n\t\t\t\t<div class=\"elementor-widget-container\">\n\t\t\t\t\t<h2 class=\"elementor-heading-title elementor-size-default\">Agence de voyages dans le nordeste du Br\u00e9sil, 100% francophone, sp\u00e9cialiste dans les voyages \u00e0 la carte,et hors des sentier battus.<\/h2>\t\t\t\t<\/div>\n\t\t\t\t<\/div>\n\t\t\t\t<div class=\"elementor-element elementor-element-12cffdae elementor-widget-divider--view-line elementor-widget elementor-widget-divider\" data-id=\"12cffdae\" data-element_type=\"widget\" data-e-type=\"widget\" data-widget_type=\"divider.default\">\n\t\t\t\t<div class=\"elementor-widget-container\">\n\t\t\t\t\t\t\t<div class=\"elementor-divider\">\n\t\t\t<span class=\"elementor-divider-separator\">\n\t\t\t\t\t\t<\/span>\n\t\t<\/div>\n\t\t\t\t\t\t<\/div>\n\t\t\t\t<\/div>\n\t\t\t\t<div class=\"elementor-element elementor-element-b16ba30 elementor-align-right elementor-widget elementor-widget-button\" data-id=\"b16ba30\" data-element_type=\"widget\" data-e-type=\"widget\" data-widget_type=\"button.default\">\n\t\t\t\t<div class=\"elementor-widget-container\">\n\t\t\t\t\t\t\t\t\t<div class=\"elementor-button-wrapper\">\n\t\t\t\t\t<a class=\"elementor-button elementor-button-link elementor-size-sm\" href=\"https:\/\/www.brazilecotour.com\/fr\/lencois-maranhenses-nordeste\/\">\n\t\t\t\t\t\t<span class=\"elementor-button-content-wrapper\">\n\t\t\t\t\t\t\t\t\t<span class=\"elementor-button-text\">En savoir Plus <\/span>\n\t\t\t\t\t<\/span>\n\t\t\t\t\t<\/a>\n\t\t\t\t<\/div>\n\t\t\t\t\t\t\t\t<\/div>\n\t\t\t\t<\/div>\n\t\t\t\t\t<\/div>\n\t\t<\/div>\n\t\t\t\t\t<\/div>\n\t\t<\/section>\n\t\t\t\t<section class=\"elementor-section elementor-top-section elementor-element elementor-element-e0a252a elementor-section-full_width elementor-section-height-default elementor-section-height-default\" data-id=\"e0a252a\" data-element_type=\"section\" data-e-type=\"section\" data-settings=\"{&quot;background_background&quot;:&quot;classic&quot;}\">\n\t\t\t\t\t\t<div class=\"elementor-container elementor-column-gap-default\">\n\t\t\t\t\t<div class=\"elementor-column elementor-col-100 elementor-top-column elementor-element elementor-element-5b3281a elementor-invisible\" data-id=\"5b3281a\" data-element_type=\"column\" data-e-type=\"column\" data-settings=\"{&quot;background_background&quot;:&quot;classic&quot;,&quot;animation&quot;:&quot;fadeIn&quot;}\">\n\t\t\t<div class=\"elementor-widget-wrap elementor-element-populated\">\n\t\t\t\t\t<div class=\"elementor-background-overlay\"><\/div>\n\t\t\t\t\t\t<div class=\"elementor-element elementor-element-2cace12 elementor-invisible elementor-widget elementor-widget-heading\" data-id=\"2cace12\" data-element_type=\"widget\" data-e-type=\"widget\" data-settings=\"{&quot;_animation&quot;:&quot;fadeInUp&quot;,&quot;_animation_delay&quot;:500}\" data-widget_type=\"heading.default\">\n\t\t\t\t<div class=\"elementor-widget-container\">\n\t\t\t\t\t<h2 class=\"elementor-heading-title elementor-size-small\"><a href=\"#\">02.Ilha Grande \u2013 Etat de Rio de Janeiro<\/a><\/h2>\t\t\t\t<\/div>\n\t\t\t\t<\/div>\n\t\t\t\t<div class=\"elementor-element elementor-element-5733b04 elementor-invisible elementor-widget elementor-widget-heading\" data-id=\"5733b04\" data-element_type=\"widget\" data-e-type=\"widget\" data-settings=\"{&quot;_animation&quot;:&quot;fadeInUp&quot;,&quot;_animation_delay&quot;:500}\" data-widget_type=\"heading.default\">\n\t\t\t\t<div class=\"elementor-widget-container\">\n\t\t\t\t\t<h2 class=\"elementor-heading-title elementor-size-default\">Agence de voyages dans le nordeste du Br\u00e9sil, 100% francophone, sp\u00e9cialiste dans les voyages \u00e0 la carte,et hors des sentier battus.<\/h2>\t\t\t\t<\/div>\n\t\t\t\t<\/div>\n\t\t\t\t<div class=\"elementor-element elementor-element-f441331 elementor-widget-divider--view-line elementor-widget elementor-widget-divider\" data-id=\"f441331\" data-element_type=\"widget\" data-e-type=\"widget\" data-widget_type=\"divider.default\">\n\t\t\t\t<div class=\"elementor-widget-container\">\n\t\t\t\t\t\t\t<div class=\"elementor-divider\">\n\t\t\t<span class=\"elementor-divider-separator\">\n\t\t\t\t\t\t<\/span>\n\t\t<\/div>\n\t\t\t\t\t\t<\/div>\n\t\t\t\t<\/div>\n\t\t\t\t<div class=\"elementor-element elementor-element-fa35b6b elementor-align-right elementor-widget elementor-widget-button\" data-id=\"fa35b6b\" data-element_type=\"widget\" data-e-type=\"widget\" data-widget_type=\"button.default\">\n\t\t\t\t<div class=\"elementor-widget-container\">\n\t\t\t\t\t\t\t\t\t<div class=\"elementor-button-wrapper\">\n\t\t\t\t\t<a class=\"elementor-button elementor-button-link elementor-size-sm\" href=\"https:\/\/www.brazilecotour.com\/fr\/rio-de-janeiro-paraty\/\">\n\t\t\t\t\t\t<span class=\"elementor-button-content-wrapper\">\n\t\t\t\t\t\t\t\t\t<span class=\"elementor-button-text\">En savoir Plus <\/span>\n\t\t\t\t\t<\/span>\n\t\t\t\t\t<\/a>\n\t\t\t\t<\/div>\n\t\t\t\t\t\t\t\t<\/div>\n\t\t\t\t<\/div>\n\t\t\t\t\t<\/div>\n\t\t<\/div>\n\t\t\t\t\t<\/div>\n\t\t<\/section>\n\t\t\t\t<section class=\"elementor-section elementor-top-section elementor-element elementor-element-6665991 elementor-section-full_width elementor-section-height-default elementor-section-height-default\" data-id=\"6665991\" data-element_type=\"section\" data-e-type=\"section\" data-settings=\"{&quot;background_background&quot;:&quot;classic&quot;}\">\n\t\t\t\t\t\t<div class=\"elementor-container elementor-column-gap-default\">\n\t\t\t\t\t<div class=\"elementor-column elementor-col-100 elementor-top-column elementor-element elementor-element-cd7b5b5 elementor-invisible\" data-id=\"cd7b5b5\" data-element_type=\"column\" data-e-type=\"column\" data-settings=\"{&quot;background_background&quot;:&quot;classic&quot;,&quot;animation&quot;:&quot;fadeIn&quot;}\">\n\t\t\t<div class=\"elementor-widget-wrap elementor-element-populated\">\n\t\t\t\t\t<div class=\"elementor-background-overlay\"><\/div>\n\t\t\t\t\t\t<div class=\"elementor-element elementor-element-3901892 elementor-invisible elementor-widget elementor-widget-heading\" data-id=\"3901892\" data-element_type=\"widget\" data-e-type=\"widget\" data-settings=\"{&quot;_animation&quot;:&quot;fadeInUp&quot;,&quot;_animation_delay&quot;:500}\" data-widget_type=\"heading.default\">\n\t\t\t\t<div class=\"elementor-widget-container\">\n\t\t\t\t\t<h2 class=\"elementor-heading-title elementor-size-small\"><a href=\"#\">03. Canoa Quebrada \u2013Etat du Ceara<\/a><\/h2>\t\t\t\t<\/div>\n\t\t\t\t<\/div>\n\t\t\t\t<div class=\"elementor-element elementor-element-3e63519 elementor-invisible elementor-widget elementor-widget-heading\" data-id=\"3e63519\" data-element_type=\"widget\" data-e-type=\"widget\" data-settings=\"{&quot;_animation&quot;:&quot;fadeInUp&quot;,&quot;_animation_delay&quot;:500}\" data-widget_type=\"heading.default\">\n\t\t\t\t<div class=\"elementor-widget-container\">\n\t\t\t\t\t<h2 class=\"elementor-heading-title elementor-size-default\">Agence de voyages dans le nordeste du Br\u00e9sil, 100% francophone, sp\u00e9cialiste dans les voyages \u00e0 la carte,et hors des sentier battus.<\/h2>\t\t\t\t<\/div>\n\t\t\t\t<\/div>\n\t\t\t\t<div class=\"elementor-element elementor-element-c605558 elementor-widget-divider--view-line elementor-widget elementor-widget-divider\" data-id=\"c605558\" data-element_type=\"widget\" data-e-type=\"widget\" data-widget_type=\"divider.default\">\n\t\t\t\t<div class=\"elementor-widget-container\">\n\t\t\t\t\t\t\t<div class=\"elementor-divider\">\n\t\t\t<span class=\"elementor-divider-separator\">\n\t\t\t\t\t\t<\/span>\n\t\t<\/div>\n\t\t\t\t\t\t<\/div>\n\t\t\t\t<\/div>\n\t\t\t\t<div class=\"elementor-element elementor-element-8f4ba0e elementor-align-right elementor-widget elementor-widget-button\" data-id=\"8f4ba0e\" data-element_type=\"widget\" data-e-type=\"widget\" data-widget_type=\"button.default\">\n\t\t\t\t<div class=\"elementor-widget-container\">\n\t\t\t\t\t\t\t\t\t<div class=\"elementor-button-wrapper\">\n\t\t\t\t\t<a class=\"elementor-button elementor-button-link elementor-size-sm\" href=\"https:\/\/www.brazilecotour.com\/fr\/fortaleza-natal-buggy\/\">\n\t\t\t\t\t\t<span class=\"elementor-button-content-wrapper\">\n\t\t\t\t\t\t\t\t\t<span class=\"elementor-button-text\">En savoir Plus <\/span>\n\t\t\t\t\t<\/span>\n\t\t\t\t\t<\/a>\n\t\t\t\t<\/div>\n\t\t\t\t\t\t\t\t<\/div>\n\t\t\t\t<\/div>\n\t\t\t\t\t<\/div>\n\t\t<\/div>\n\t\t\t\t\t<\/div>\n\t\t<\/section>\n\t\t\t\t<section class=\"elementor-section elementor-top-section elementor-element elementor-element-8500bea elementor-section-full_width elementor-section-height-default elementor-section-height-default\" data-id=\"8500bea\" data-element_type=\"section\" data-e-type=\"section\" data-settings=\"{&quot;background_background&quot;:&quot;classic&quot;}\">\n\t\t\t\t\t\t<div class=\"elementor-container elementor-column-gap-default\">\n\t\t\t\t\t<div class=\"elementor-column elementor-col-100 elementor-top-column elementor-element elementor-element-3a959c1 elementor-invisible\" data-id=\"3a959c1\" data-element_type=\"column\" data-e-type=\"column\" data-settings=\"{&quot;background_background&quot;:&quot;classic&quot;,&quot;animation&quot;:&quot;fadeIn&quot;}\">\n\t\t\t<div class=\"elementor-widget-wrap elementor-element-populated\">\n\t\t\t\t\t<div class=\"elementor-background-overlay\"><\/div>\n\t\t\t\t\t\t<div class=\"elementor-element elementor-element-9474ba5 elementor-invisible elementor-widget elementor-widget-heading\" data-id=\"9474ba5\" data-element_type=\"widget\" data-e-type=\"widget\" data-settings=\"{&quot;_animation&quot;:&quot;fadeInUp&quot;,&quot;_animation_delay&quot;:500}\" data-widget_type=\"heading.default\">\n\t\t\t\t<div class=\"elementor-widget-container\">\n\t\t\t\t\t<h2 class=\"elementor-heading-title elementor-size-small\"><a href=\"#\">\n05.Fernando de Noronha<\/a><\/h2>\t\t\t\t<\/div>\n\t\t\t\t<\/div>\n\t\t\t\t<div class=\"elementor-element elementor-element-980b2a6 elementor-invisible elementor-widget elementor-widget-heading\" data-id=\"980b2a6\" data-element_type=\"widget\" data-e-type=\"widget\" data-settings=\"{&quot;_animation&quot;:&quot;fadeInUp&quot;,&quot;_animation_delay&quot;:500}\" data-widget_type=\"heading.default\">\n\t\t\t\t<div class=\"elementor-widget-container\">\n\t\t\t\t\t<h2 class=\"elementor-heading-title elementor-size-default\">Agence de voyages dans le nordeste du Br\u00e9sil, 100% francophone, sp\u00e9cialiste dans les voyages \u00e0 la carte,et hors des sentier battus.<\/h2>\t\t\t\t<\/div>\n\t\t\t\t<\/div>\n\t\t\t\t<div class=\"elementor-element elementor-element-e9afe7c elementor-widget-divider--view-line elementor-widget elementor-widget-divider\" data-id=\"e9afe7c\" data-element_type=\"widget\" data-e-type=\"widget\" data-widget_type=\"divider.default\">\n\t\t\t\t<div class=\"elementor-widget-container\">\n\t\t\t\t\t\t\t<div class=\"elementor-divider\">\n\t\t\t<span class=\"elementor-divider-separator\">\n\t\t\t\t\t\t<\/span>\n\t\t<\/div>\n\t\t\t\t\t\t<\/div>\n\t\t\t\t<\/div>\n\t\t\t\t<div class=\"elementor-element elementor-element-2b2130b elementor-align-right elementor-widget elementor-widget-button\" data-id=\"2b2130b\" data-element_type=\"widget\" data-e-type=\"widget\" data-widget_type=\"button.default\">\n\t\t\t\t<div class=\"elementor-widget-container\">\n\t\t\t\t\t\t\t\t\t<div class=\"elementor-button-wrapper\">\n\t\t\t\t\t<a class=\"elementor-button elementor-button-link elementor-size-sm\" href=\"https:\/\/www.brazilecotour.com\/fr\/fernando-de-noronha\/\">\n\t\t\t\t\t\t<span class=\"elementor-button-content-wrapper\">\n\t\t\t\t\t\t\t\t\t<span class=\"elementor-button-text\">En savoir Plus <\/span>\n\t\t\t\t\t<\/span>\n\t\t\t\t\t<\/a>\n\t\t\t\t<\/div>\n\t\t\t\t\t\t\t\t<\/div>\n\t\t\t\t<\/div>\n\t\t\t\t\t<\/div>\n\t\t<\/div>\n\t\t\t\t\t<\/div>\n\t\t<\/section>\n\t\t\t\t<section class=\"elementor-section elementor-top-section elementor-element elementor-element-6dfbc6e elementor-section-full_width elementor-section-height-default elementor-section-height-default\" data-id=\"6dfbc6e\" data-element_type=\"section\" data-e-type=\"section\" data-settings=\"{&quot;background_background&quot;:&quot;classic&quot;}\">\n\t\t\t\t\t\t<div class=\"elementor-container elementor-column-gap-default\">\n\t\t\t\t\t<div class=\"elementor-column elementor-col-100 elementor-top-column elementor-element elementor-element-cf91ad7 elementor-invisible\" data-id=\"cf91ad7\" data-element_type=\"column\" data-e-type=\"column\" data-settings=\"{&quot;background_background&quot;:&quot;classic&quot;,&quot;animation&quot;:&quot;fadeIn&quot;}\">\n\t\t\t<div class=\"elementor-widget-wrap elementor-element-populated\">\n\t\t\t\t\t<div class=\"elementor-background-overlay\"><\/div>\n\t\t\t\t\t\t<div class=\"elementor-element elementor-element-b255662 elementor-invisible elementor-widget elementor-widget-heading\" data-id=\"b255662\" data-element_type=\"widget\" data-e-type=\"widget\" data-settings=\"{&quot;_animation&quot;:&quot;fadeInUp&quot;,&quot;_animation_delay&quot;:500}\" data-widget_type=\"heading.default\">\n\t\t\t\t<div class=\"elementor-widget-container\">\n\t\t\t\t\t<h2 class=\"elementor-heading-title elementor-size-small\"><a href=\"#\">04.Ilha Boipeba \u2013 Etat de Bahia<\/a><\/h2>\t\t\t\t<\/div>\n\t\t\t\t<\/div>\n\t\t\t\t<div class=\"elementor-element elementor-element-206050b elementor-invisible elementor-widget elementor-widget-heading\" data-id=\"206050b\" data-element_type=\"widget\" data-e-type=\"widget\" data-settings=\"{&quot;_animation&quot;:&quot;fadeInUp&quot;,&quot;_animation_delay&quot;:500}\" data-widget_type=\"heading.default\">\n\t\t\t\t<div class=\"elementor-widget-container\">\n\t\t\t\t\t<h2 class=\"elementor-heading-title elementor-size-default\">Agence de voyages dans le nordeste du Br\u00e9sil, 100% francophone, sp\u00e9cialiste dans les voyages \u00e0 la carte,et hors des sentier battus.<\/h2>\t\t\t\t<\/div>\n\t\t\t\t<\/div>\n\t\t\t\t<div class=\"elementor-element elementor-element-a74c6e6 elementor-widget-divider--view-line elementor-widget elementor-widget-divider\" data-id=\"a74c6e6\" data-element_type=\"widget\" data-e-type=\"widget\" data-widget_type=\"divider.default\">\n\t\t\t\t<div class=\"elementor-widget-container\">\n\t\t\t\t\t\t\t<div class=\"elementor-divider\">\n\t\t\t<span class=\"elementor-divider-separator\">\n\t\t\t\t\t\t<\/span>\n\t\t<\/div>\n\t\t\t\t\t\t<\/div>\n\t\t\t\t<\/div>\n\t\t\t\t<div class=\"elementor-element elementor-element-7ebf5ff elementor-align-right elementor-widget elementor-widget-button\" data-id=\"7ebf5ff\" data-element_type=\"widget\" data-e-type=\"widget\" data-widget_type=\"button.default\">\n\t\t\t\t<div class=\"elementor-widget-container\">\n\t\t\t\t\t\t\t\t\t<div class=\"elementor-button-wrapper\">\n\t\t\t\t\t<a class=\"elementor-button elementor-button-link elementor-size-sm\" href=\"https:\/\/www.brazilecotour.com\/fr\/salvador-boipeba\/\">\n\t\t\t\t\t\t<span class=\"elementor-button-content-wrapper\">\n\t\t\t\t\t\t\t\t\t<span class=\"elementor-button-text\">En savoir Plus <\/span>\n\t\t\t\t\t<\/span>\n\t\t\t\t\t<\/a>\n\t\t\t\t<\/div>\n\t\t\t\t\t\t\t\t<\/div>\n\t\t\t\t<\/div>\n\t\t\t\t\t<\/div>\n\t\t<\/div>\n\t\t\t\t\t<\/div>\n\t\t<\/section>\n\t\t\t\t<\/div>\n\t\t","protected":false},"excerpt":{"rendered":"<p>Top 5 destinations pour se baigner au Br\u00e9sil -Voyage au Br\u00e9sil. Avec plus de 7500km de cote le br\u00e9sil compte les plus belles plage au Monde ci dessous le\u00a0Top 5 destinations pour se baigner au printemps au Br\u00e9sil : Jericoacoara Agence de voyages dans le nordeste du Br\u00e9sil, 100% francophone, sp\u00e9cialiste dans les voyages \u00e0 [&hellip;]<\/p>\n","protected":false},"author":2,"featured_media":4408,"comment_status":"open","ping_status":"closed","sticky":false,"template":"elementor_header_footer","format":"standard","meta":{"_coblocks_attr":"","_coblocks_dimensions":"","_coblocks_responsive_height":"","_coblocks_accordion_ie_support":"","hide_page_title":"","footnotes":""},"categories":[58],"tags":[],"class_list":["post-4405","post","type-post","status-publish","format-standard","has-post-thumbnail","hentry","category-brazil-ecotour-fr"],"yoast_head":"<!-- This site is optimized with the Yoast SEO Premium plugin v25.9 (Yoast SEO v27.4) - https:\/\/yoast.com\/product\/yoast-seo-premium-wordpress\/ -->\n<title>\u00a0Top 5 destinations pour se baigner au Br\u00e9sil -Voyage au Br\u00e9sil.<\/title>\n<meta name=\"description\" content=\"d\u00e9couvrez le Top 5 destinations pour se baigner au printemps au Br\u00e9sil avec l&#039;agence Brazil Ecotour agence 100% francophone, Voyage au Br\u00e9sil.\" \/>\n<meta name=\"robots\" content=\"index, follow, max-snippet:-1, max-image-preview:large, max-video-preview:-1\" \/>\n<link rel=\"canonical\" href=\"https:\/\/www.brazilecotour.com\/fr\/5-destinations-pour-se-baigner-au-printemps\/\" \/>\n<meta property=\"og:locale\" content=\"fr_FR\" \/>\n<meta property=\"og:type\" content=\"article\" \/>\n<meta property=\"og:title\" content=\"Top 5 destinations pour se baigner au printemps au Br\u00e9sil\" \/>\n<meta property=\"og:description\" content=\"d\u00e9couvrez le Top 5 destinations pour se baigner au printemps au Br\u00e9sil avec l&#039;agence Brazil Ecotour agence 100% francophone, Voyage au Br\u00e9sil.\" \/>\n<meta property=\"og:url\" content=\"https:\/\/www.brazilecotour.com\/fr\/5-destinations-pour-se-baigner-au-printemps\/\" \/>\n<meta property=\"og:site_name\" content=\"Brazil Ecotour | DMC &amp; Travel agency in Brazil\" \/>\n<meta property=\"article:publisher\" content=\"https:\/\/www.facebook.com\/brazilecotour\/\" \/>\n<meta property=\"article:author\" content=\"https:\/\/www.facebook.com\/brazilecotour\/\" \/>\n<meta property=\"article:published_time\" content=\"2017-06-13T09:25:11+00:00\" \/>\n<meta property=\"article:modified_time\" content=\"2021-05-10T15:37:59+00:00\" \/>\n<meta property=\"og:image\" content=\"https:\/\/www.brazilecotour.com\/wp-content\/uploads\/2017\/06\/canoa_quebrada_dsc_0754.jpg\" \/>\n\t<meta property=\"og:image:width\" content=\"1080\" \/>\n\t<meta property=\"og:image:height\" content=\"717\" \/>\n\t<meta property=\"og:image:type\" content=\"image\/jpeg\" \/>\n<meta name=\"author\" content=\"Brazil Ecotour\" \/>\n<meta name=\"twitter:card\" content=\"summary_large_image\" \/>\n<meta name=\"twitter:creator\" content=\"@brazilecotour01\" \/>\n<meta name=\"twitter:site\" content=\"@brazilecotour01\" \/>\n<meta name=\"twitter:label1\" content=\"\u00c9crit par\" \/>\n\t<meta name=\"twitter:data1\" content=\"Brazil Ecotour\" \/>\n\t<meta name=\"twitter:label2\" content=\"Dur\u00e9e de lecture estim\u00e9e\" \/>\n\t<meta name=\"twitter:data2\" content=\"1 minute\" \/>\n<script type=\"application\/ld+json\" class=\"yoast-schema-graph\">{\"@context\":\"https:\\\/\\\/schema.org\",\"@graph\":[{\"@type\":\"Article\",\"@id\":\"https:\\\/\\\/www.brazilecotour.com\\\/fr\\\/5-destinations-pour-se-baigner-au-printemps\\\/#article\",\"isPartOf\":{\"@id\":\"https:\\\/\\\/www.brazilecotour.com\\\/fr\\\/5-destinations-pour-se-baigner-au-printemps\\\/\"},\"author\":{\"name\":\"Brazil Ecotour\",\"@id\":\"https:\\\/\\\/www.brazilecotour.com\\\/fr\\\/#\\\/schema\\\/person\\\/bb20c278af8580ea123f7584ce5a7a83\"},\"headline\":\"Top 5 destinations pour se baigner au printemps au Br\u00e9sil\",\"datePublished\":\"2017-06-13T09:25:11+00:00\",\"dateModified\":\"2021-05-10T15:37:59+00:00\",\"mainEntityOfPage\":{\"@id\":\"https:\\\/\\\/www.brazilecotour.com\\\/fr\\\/5-destinations-pour-se-baigner-au-printemps\\\/\"},\"wordCount\":197,\"commentCount\":0,\"publisher\":{\"@id\":\"https:\\\/\\\/www.brazilecotour.com\\\/fr\\\/#organization\"},\"image\":{\"@id\":\"https:\\\/\\\/www.brazilecotour.com\\\/fr\\\/5-destinations-pour-se-baigner-au-printemps\\\/#primaryimage\"},\"thumbnailUrl\":\"https:\\\/\\\/www.brazilecotour.com\\\/wp-content\\\/uploads\\\/2017\\\/06\\\/canoa_quebrada_dsc_0754.jpg\",\"articleSection\":[\"Brazil Ecotour\"],\"inLanguage\":\"fr-FR\",\"potentialAction\":[{\"@type\":\"CommentAction\",\"name\":\"Comment\",\"target\":[\"https:\\\/\\\/www.brazilecotour.com\\\/fr\\\/5-destinations-pour-se-baigner-au-printemps\\\/#respond\"]}]},{\"@type\":\"WebPage\",\"@id\":\"https:\\\/\\\/www.brazilecotour.com\\\/fr\\\/5-destinations-pour-se-baigner-au-printemps\\\/\",\"url\":\"https:\\\/\\\/www.brazilecotour.com\\\/fr\\\/5-destinations-pour-se-baigner-au-printemps\\\/\",\"name\":\"\u00a0Top 5 destinations pour se baigner au Br\u00e9sil -Voyage au Br\u00e9sil.\",\"isPartOf\":{\"@id\":\"https:\\\/\\\/www.brazilecotour.com\\\/fr\\\/#website\"},\"primaryImageOfPage\":{\"@id\":\"https:\\\/\\\/www.brazilecotour.com\\\/fr\\\/5-destinations-pour-se-baigner-au-printemps\\\/#primaryimage\"},\"image\":{\"@id\":\"https:\\\/\\\/www.brazilecotour.com\\\/fr\\\/5-destinations-pour-se-baigner-au-printemps\\\/#primaryimage\"},\"thumbnailUrl\":\"https:\\\/\\\/www.brazilecotour.com\\\/wp-content\\\/uploads\\\/2017\\\/06\\\/canoa_quebrada_dsc_0754.jpg\",\"datePublished\":\"2017-06-13T09:25:11+00:00\",\"dateModified\":\"2021-05-10T15:37:59+00:00\",\"description\":\"d\u00e9couvrez le Top 5 destinations pour se baigner au printemps au Br\u00e9sil avec l'agence Brazil Ecotour agence 100% francophone, Voyage au Br\u00e9sil.\",\"breadcrumb\":{\"@id\":\"https:\\\/\\\/www.brazilecotour.com\\\/fr\\\/5-destinations-pour-se-baigner-au-printemps\\\/#breadcrumb\"},\"inLanguage\":\"fr-FR\",\"potentialAction\":[{\"@type\":\"ReadAction\",\"target\":[\"https:\\\/\\\/www.brazilecotour.com\\\/fr\\\/5-destinations-pour-se-baigner-au-printemps\\\/\"]}]},{\"@type\":\"ImageObject\",\"inLanguage\":\"fr-FR\",\"@id\":\"https:\\\/\\\/www.brazilecotour.com\\\/fr\\\/5-destinations-pour-se-baigner-au-printemps\\\/#primaryimage\",\"url\":\"https:\\\/\\\/www.brazilecotour.com\\\/wp-content\\\/uploads\\\/2017\\\/06\\\/canoa_quebrada_dsc_0754.jpg\",\"contentUrl\":\"https:\\\/\\\/www.brazilecotour.com\\\/wp-content\\\/uploads\\\/2017\\\/06\\\/canoa_quebrada_dsc_0754.jpg\",\"width\":1080,\"height\":717,\"caption\":\"Agence de voyages dans le nordeste du Br\u00e9sil, 100% francophone, sp\u00e9cialiste dans les voyages \u00e0 la carte,et hors des sentier battus.\"},{\"@type\":\"BreadcrumbList\",\"@id\":\"https:\\\/\\\/www.brazilecotour.com\\\/fr\\\/5-destinations-pour-se-baigner-au-printemps\\\/#breadcrumb\",\"itemListElement\":[{\"@type\":\"ListItem\",\"position\":1,\"name\":\"Accueil\",\"item\":\"https:\\\/\\\/www.brazilecotour.com\\\/fr\\\/\"},{\"@type\":\"ListItem\",\"position\":2,\"name\":\"Top 5 destinations pour se baigner au printemps au Br\u00e9sil\"}]},{\"@type\":\"WebSite\",\"@id\":\"https:\\\/\\\/www.brazilecotour.com\\\/fr\\\/#website\",\"url\":\"https:\\\/\\\/www.brazilecotour.com\\\/fr\\\/\",\"name\":\"Brazil Ecotour | DMC and Travel Agency in Brazil\",\"description\":\"Beyond Travel, Real Experiences\",\"publisher\":{\"@id\":\"https:\\\/\\\/www.brazilecotour.com\\\/fr\\\/#organization\"},\"potentialAction\":[{\"@type\":\"SearchAction\",\"target\":{\"@type\":\"EntryPoint\",\"urlTemplate\":\"https:\\\/\\\/www.brazilecotour.com\\\/fr\\\/?s={search_term_string}\"},\"query-input\":{\"@type\":\"PropertyValueSpecification\",\"valueRequired\":true,\"valueName\":\"search_term_string\"}}],\"inLanguage\":\"fr-FR\"},{\"@type\":\"Organization\",\"@id\":\"https:\\\/\\\/www.brazilecotour.com\\\/fr\\\/#organization\",\"name\":\"Brazil Ecotour | DMC & Travel agency in Brazil\",\"url\":\"https:\\\/\\\/www.brazilecotour.com\\\/fr\\\/\",\"logo\":{\"@type\":\"ImageObject\",\"inLanguage\":\"fr-FR\",\"@id\":\"https:\\\/\\\/www.brazilecotour.com\\\/fr\\\/#\\\/schema\\\/logo\\\/image\\\/\",\"url\":\"https:\\\/\\\/www.brazilecotour.com\\\/wp-content\\\/uploads\\\/2017\\\/06\\\/brazilecotour_logo.png\",\"contentUrl\":\"https:\\\/\\\/www.brazilecotour.com\\\/wp-content\\\/uploads\\\/2017\\\/06\\\/brazilecotour_logo.png\",\"width\":350,\"height\":100,\"caption\":\"Brazil Ecotour | DMC & Travel agency in Brazil\"},\"image\":{\"@id\":\"https:\\\/\\\/www.brazilecotour.com\\\/fr\\\/#\\\/schema\\\/logo\\\/image\\\/\"},\"sameAs\":[\"https:\\\/\\\/www.facebook.com\\\/brazilecotour\\\/\",\"https:\\\/\\\/x.com\\\/brazilecotour01\",\"https:\\\/\\\/www.instagram.com\\\/brazilecotour\\\/\",\"https:\\\/\\\/www.linkedin.com\\\/company\\\/brazilecotour\",\"https:\\\/\\\/www.pinterest.com\\\/brazilecotour\\\/\",\"https:\\\/\\\/www.youtube.com\\\/channel\\\/UCbaIa7Xo7DuwNz0z3H1zDnA\"]},{\"@type\":\"Person\",\"@id\":\"https:\\\/\\\/www.brazilecotour.com\\\/fr\\\/#\\\/schema\\\/person\\\/bb20c278af8580ea123f7584ce5a7a83\",\"name\":\"Brazil Ecotour\",\"image\":{\"@type\":\"ImageObject\",\"inLanguage\":\"fr-FR\",\"@id\":\"https:\\\/\\\/secure.gravatar.com\\\/avatar\\\/ec959129edd806b486b9fa8401bc242b60f01c2f7809cc01175829f25a1964c3?s=96&d=mm&r=g\",\"url\":\"https:\\\/\\\/secure.gravatar.com\\\/avatar\\\/ec959129edd806b486b9fa8401bc242b60f01c2f7809cc01175829f25a1964c3?s=96&d=mm&r=g\",\"contentUrl\":\"https:\\\/\\\/secure.gravatar.com\\\/avatar\\\/ec959129edd806b486b9fa8401bc242b60f01c2f7809cc01175829f25a1964c3?s=96&d=mm&r=g\",\"caption\":\"Brazil Ecotour\"},\"sameAs\":[\"https:\\\/\\\/www.brazilecotour.com\",\"https:\\\/\\\/www.facebook.com\\\/brazilecotour\\\/\",\"https:\\\/\\\/x.com\\\/@brazilecotour01\"]}]}<\/script>\n<!-- \/ Yoast SEO Premium plugin. -->","yoast_head_json":{"title":"\u00a0Top 5 destinations pour se baigner au Br\u00e9sil -Voyage au Br\u00e9sil.","description":"d\u00e9couvrez le Top 5 destinations pour se baigner au printemps au Br\u00e9sil avec l'agence Brazil Ecotour agence 100% francophone, Voyage au Br\u00e9sil.","robots":{"index":"index","follow":"follow","max-snippet":"max-snippet:-1","max-image-preview":"max-image-preview:large","max-video-preview":"max-video-preview:-1"},"canonical":"https:\/\/www.brazilecotour.com\/fr\/5-destinations-pour-se-baigner-au-printemps\/","og_locale":"fr_FR","og_type":"article","og_title":"Top 5 destinations pour se baigner au printemps au Br\u00e9sil","og_description":"d\u00e9couvrez le Top 5 destinations pour se baigner au printemps au Br\u00e9sil avec l'agence Brazil Ecotour agence 100% francophone, Voyage au Br\u00e9sil.","og_url":"https:\/\/www.brazilecotour.com\/fr\/5-destinations-pour-se-baigner-au-printemps\/","og_site_name":"Brazil Ecotour | DMC &amp; Travel agency in Brazil","article_publisher":"https:\/\/www.facebook.com\/brazilecotour\/","article_author":"https:\/\/www.facebook.com\/brazilecotour\/","article_published_time":"2017-06-13T09:25:11+00:00","article_modified_time":"2021-05-10T15:37:59+00:00","og_image":[{"width":1080,"height":717,"url":"https:\/\/www.brazilecotour.com\/wp-content\/uploads\/2017\/06\/canoa_quebrada_dsc_0754.jpg","type":"image\/jpeg"}],"author":"Brazil Ecotour","twitter_card":"summary_large_image","twitter_creator":"@brazilecotour01","twitter_site":"@brazilecotour01","twitter_misc":{"\u00c9crit par":"Brazil Ecotour","Dur\u00e9e de lecture estim\u00e9e":"1 minute"},"schema":{"@context":"https:\/\/schema.org","@graph":[{"@type":"Article","@id":"https:\/\/www.brazilecotour.com\/fr\/5-destinations-pour-se-baigner-au-printemps\/#article","isPartOf":{"@id":"https:\/\/www.brazilecotour.com\/fr\/5-destinations-pour-se-baigner-au-printemps\/"},"author":{"name":"Brazil Ecotour","@id":"https:\/\/www.brazilecotour.com\/fr\/#\/schema\/person\/bb20c278af8580ea123f7584ce5a7a83"},"headline":"Top 5 destinations pour se baigner au printemps au Br\u00e9sil","datePublished":"2017-06-13T09:25:11+00:00","dateModified":"2021-05-10T15:37:59+00:00","mainEntityOfPage":{"@id":"https:\/\/www.brazilecotour.com\/fr\/5-destinations-pour-se-baigner-au-printemps\/"},"wordCount":197,"commentCount":0,"publisher":{"@id":"https:\/\/www.brazilecotour.com\/fr\/#organization"},"image":{"@id":"https:\/\/www.brazilecotour.com\/fr\/5-destinations-pour-se-baigner-au-printemps\/#primaryimage"},"thumbnailUrl":"https:\/\/www.brazilecotour.com\/wp-content\/uploads\/2017\/06\/canoa_quebrada_dsc_0754.jpg","articleSection":["Brazil Ecotour"],"inLanguage":"fr-FR","potentialAction":[{"@type":"CommentAction","name":"Comment","target":["https:\/\/www.brazilecotour.com\/fr\/5-destinations-pour-se-baigner-au-printemps\/#respond"]}]},{"@type":"WebPage","@id":"https:\/\/www.brazilecotour.com\/fr\/5-destinations-pour-se-baigner-au-printemps\/","url":"https:\/\/www.brazilecotour.com\/fr\/5-destinations-pour-se-baigner-au-printemps\/","name":"\u00a0Top 5 destinations pour se baigner au Br\u00e9sil -Voyage au Br\u00e9sil.","isPartOf":{"@id":"https:\/\/www.brazilecotour.com\/fr\/#website"},"primaryImageOfPage":{"@id":"https:\/\/www.brazilecotour.com\/fr\/5-destinations-pour-se-baigner-au-printemps\/#primaryimage"},"image":{"@id":"https:\/\/www.brazilecotour.com\/fr\/5-destinations-pour-se-baigner-au-printemps\/#primaryimage"},"thumbnailUrl":"https:\/\/www.brazilecotour.com\/wp-content\/uploads\/2017\/06\/canoa_quebrada_dsc_0754.jpg","datePublished":"2017-06-13T09:25:11+00:00","dateModified":"2021-05-10T15:37:59+00:00","description":"d\u00e9couvrez le Top 5 destinations pour se baigner au printemps au Br\u00e9sil avec l'agence Brazil Ecotour agence 100% francophone, Voyage au Br\u00e9sil.","breadcrumb":{"@id":"https:\/\/www.brazilecotour.com\/fr\/5-destinations-pour-se-baigner-au-printemps\/#breadcrumb"},"inLanguage":"fr-FR","potentialAction":[{"@type":"ReadAction","target":["https:\/\/www.brazilecotour.com\/fr\/5-destinations-pour-se-baigner-au-printemps\/"]}]},{"@type":"ImageObject","inLanguage":"fr-FR","@id":"https:\/\/www.brazilecotour.com\/fr\/5-destinations-pour-se-baigner-au-printemps\/#primaryimage","url":"https:\/\/www.brazilecotour.com\/wp-content\/uploads\/2017\/06\/canoa_quebrada_dsc_0754.jpg","contentUrl":"https:\/\/www.brazilecotour.com\/wp-content\/uploads\/2017\/06\/canoa_quebrada_dsc_0754.jpg","width":1080,"height":717,"caption":"Agence de voyages dans le nordeste du Br\u00e9sil, 100% francophone, sp\u00e9cialiste dans les voyages \u00e0 la carte,et hors des sentier battus."},{"@type":"BreadcrumbList","@id":"https:\/\/www.brazilecotour.com\/fr\/5-destinations-pour-se-baigner-au-printemps\/#breadcrumb","itemListElement":[{"@type":"ListItem","position":1,"name":"Accueil","item":"https:\/\/www.brazilecotour.com\/fr\/"},{"@type":"ListItem","position":2,"name":"Top 5 destinations pour se baigner au printemps au Br\u00e9sil"}]},{"@type":"WebSite","@id":"https:\/\/www.brazilecotour.com\/fr\/#website","url":"https:\/\/www.brazilecotour.com\/fr\/","name":"Brazil Ecotour | DMC and Travel Agency in Brazil","description":"Beyond Travel, Real Experiences","publisher":{"@id":"https:\/\/www.brazilecotour.com\/fr\/#organization"},"potentialAction":[{"@type":"SearchAction","target":{"@type":"EntryPoint","urlTemplate":"https:\/\/www.brazilecotour.com\/fr\/?s={search_term_string}"},"query-input":{"@type":"PropertyValueSpecification","valueRequired":true,"valueName":"search_term_string"}}],"inLanguage":"fr-FR"},{"@type":"Organization","@id":"https:\/\/www.brazilecotour.com\/fr\/#organization","name":"Brazil Ecotour | DMC & Travel agency in Brazil","url":"https:\/\/www.brazilecotour.com\/fr\/","logo":{"@type":"ImageObject","inLanguage":"fr-FR","@id":"https:\/\/www.brazilecotour.com\/fr\/#\/schema\/logo\/image\/","url":"https:\/\/www.brazilecotour.com\/wp-content\/uploads\/2017\/06\/brazilecotour_logo.png","contentUrl":"https:\/\/www.brazilecotour.com\/wp-content\/uploads\/2017\/06\/brazilecotour_logo.png","width":350,"height":100,"caption":"Brazil Ecotour | DMC & Travel agency in Brazil"},"image":{"@id":"https:\/\/www.brazilecotour.com\/fr\/#\/schema\/logo\/image\/"},"sameAs":["https:\/\/www.facebook.com\/brazilecotour\/","https:\/\/x.com\/brazilecotour01","https:\/\/www.instagram.com\/brazilecotour\/","https:\/\/www.linkedin.com\/company\/brazilecotour","https:\/\/www.pinterest.com\/brazilecotour\/","https:\/\/www.youtube.com\/channel\/UCbaIa7Xo7DuwNz0z3H1zDnA"]},{"@type":"Person","@id":"https:\/\/www.brazilecotour.com\/fr\/#\/schema\/person\/bb20c278af8580ea123f7584ce5a7a83","name":"Brazil Ecotour","image":{"@type":"ImageObject","inLanguage":"fr-FR","@id":"https:\/\/secure.gravatar.com\/avatar\/ec959129edd806b486b9fa8401bc242b60f01c2f7809cc01175829f25a1964c3?s=96&d=mm&r=g","url":"https:\/\/secure.gravatar.com\/avatar\/ec959129edd806b486b9fa8401bc242b60f01c2f7809cc01175829f25a1964c3?s=96&d=mm&r=g","contentUrl":"https:\/\/secure.gravatar.com\/avatar\/ec959129edd806b486b9fa8401bc242b60f01c2f7809cc01175829f25a1964c3?s=96&d=mm&r=g","caption":"Brazil Ecotour"},"sameAs":["https:\/\/www.brazilecotour.com","https:\/\/www.facebook.com\/brazilecotour\/","https:\/\/x.com\/@brazilecotour01"]}]}},"_links":{"self":[{"href":"https:\/\/www.brazilecotour.com\/fr\/wp-json\/wp\/v2\/posts\/4405","targetHints":{"allow":["GET"]}}],"collection":[{"href":"https:\/\/www.brazilecotour.com\/fr\/wp-json\/wp\/v2\/posts"}],"about":[{"href":"https:\/\/www.brazilecotour.com\/fr\/wp-json\/wp\/v2\/types\/post"}],"author":[{"embeddable":true,"href":"https:\/\/www.brazilecotour.com\/fr\/wp-json\/wp\/v2\/users\/2"}],"replies":[{"embeddable":true,"href":"https:\/\/www.brazilecotour.com\/fr\/wp-json\/wp\/v2\/comments?post=4405"}],"version-history":[{"count":0,"href":"https:\/\/www.brazilecotour.com\/fr\/wp-json\/wp\/v2\/posts\/4405\/revisions"}],"wp:featuredmedia":[{"embeddable":true,"href":"https:\/\/www.brazilecotour.com\/fr\/wp-json\/wp\/v2\/media\/4408"}],"wp:attachment":[{"href":"https:\/\/www.brazilecotour.com\/fr\/wp-json\/wp\/v2\/media?parent=4405"}],"wp:term":[{"taxonomy":"category","embeddable":true,"href":"https:\/\/www.brazilecotour.com\/fr\/wp-json\/wp\/v2\/categories?post=4405"},{"taxonomy":"post_tag","embeddable":true,"href":"https:\/\/www.brazilecotour.com\/fr\/wp-json\/wp\/v2\/tags?post=4405"}],"curies":[{"name":"wp","href":"https:\/\/api.w.org\/{rel}","templated":true}]}}