{"id":5060,"date":"2017-12-04T01:02:58","date_gmt":"2017-12-04T00:02:58","guid":{"rendered":"http:\/\/www.brazilecotour.com\/?p=5060"},"modified":"2021-08-18T00:31:26","modified_gmt":"2021-08-17T22:31:26","slug":"atins-village-aux-portes-lencois-maranhenses-nordeste","status":"publish","type":"post","link":"https:\/\/www.brazilecotour.com\/fr\/atins-village-aux-portes-lencois-maranhenses-nordeste\/","title":{"rendered":"Atins, village aux portes des Len\u00e7ois Maranhenses &#8211; Nordeste"},"content":{"rendered":"\t\t<div data-elementor-type=\"wp-post\" data-elementor-id=\"5060\" class=\"elementor elementor-5060\">\n\t\t\t\t\t\t<header class=\"elementor-section elementor-top-section elementor-element elementor-element-ffb07ae elementor-section-height-min-height elementor-section-boxed elementor-section-height-default elementor-section-items-middle\" data-id=\"ffb07ae\" data-element_type=\"section\" data-e-type=\"section\" data-settings=\"{&quot;background_background&quot;:&quot;classic&quot;,&quot;shape_divider_bottom&quot;:&quot;arrow&quot;,&quot;shape_divider_bottom_negative&quot;:&quot;yes&quot;}\">\n\t\t\t\t\t\t\t<div class=\"elementor-background-overlay\"><\/div>\n\t\t\t\t\t\t<div class=\"elementor-shape elementor-shape-bottom\" aria-hidden=\"true\" data-negative=\"true\">\n\t\t\t<svg xmlns=\"http:\/\/www.w3.org\/2000\/svg\" viewBox=\"0 0 700 10\" preserveAspectRatio=\"none\">\n\t<path class=\"elementor-shape-fill\" d=\"M360 0L350 9.9 340 0 0 0 0 10 700 10 700 0\"\/>\n<\/svg>\t\t<\/div>\n\t\t\t\t\t<div class=\"elementor-container elementor-column-gap-extended\">\n\t\t\t\t\t<div class=\"elementor-column elementor-col-100 elementor-top-column elementor-element elementor-element-5ccc163a\" data-id=\"5ccc163a\" data-element_type=\"column\" data-e-type=\"column\">\n\t\t\t<div class=\"elementor-widget-wrap elementor-element-populated\">\n\t\t\t\t\t\t<div class=\"elementor-element elementor-element-5c73e8f5 elementor-invisible elementor-widget elementor-widget-heading\" data-id=\"5c73e8f5\" data-element_type=\"widget\" data-e-type=\"widget\" data-settings=\"{&quot;_animation&quot;:&quot;fadeInUp&quot;}\" data-widget_type=\"heading.default\">\n\t\t\t\t<div class=\"elementor-widget-container\">\n\t\t\t\t\t<h1 class=\"elementor-heading-title elementor-size-default\">Atins, village aux portes des Len\u00e7ois Maranhenses \u2013 Nordeste<\/h1>\t\t\t\t<\/div>\n\t\t\t\t<\/div>\n\t\t\t\t<div class=\"elementor-element elementor-element-614c5474 elementor-align-center elementor-mobile-align-center elementor-widget elementor-widget-button\" data-id=\"614c5474\" data-element_type=\"widget\" data-e-type=\"widget\" data-widget_type=\"button.default\">\n\t\t\t\t<div class=\"elementor-widget-container\">\n\t\t\t\t\t\t\t\t\t<div class=\"elementor-button-wrapper\">\n\t\t\t\t\t<a class=\"elementor-button elementor-button-link elementor-size-sm\" href=\"https:\/\/www.brazilecotour.com\/fr\/contact-agence-de-voyage-bresil\/\">\n\t\t\t\t\t\t<span class=\"elementor-button-content-wrapper\">\n\t\t\t\t\t\t\t\t\t<span class=\"elementor-button-text\">devis gratuit <\/span>\n\t\t\t\t\t<\/span>\n\t\t\t\t\t<\/a>\n\t\t\t\t<\/div>\n\t\t\t\t\t\t\t\t<\/div>\n\t\t\t\t<\/div>\n\t\t\t\t\t<\/div>\n\t\t<\/div>\n\t\t\t\t\t<\/div>\n\t\t<\/header>\n\t\t\t\t<section class=\"elementor-section elementor-top-section elementor-element elementor-element-703bd529 elementor-section-content-middle elementor-section-boxed elementor-section-height-default elementor-section-height-default\" data-id=\"703bd529\" data-element_type=\"section\" data-e-type=\"section\" data-settings=\"{&quot;background_background&quot;:&quot;classic&quot;}\">\n\t\t\t\t\t\t<div class=\"elementor-container elementor-column-gap-extended\">\n\t\t\t\t\t<div class=\"elementor-column elementor-col-33 elementor-top-column elementor-element elementor-element-3710d8fb\" data-id=\"3710d8fb\" data-element_type=\"column\" data-e-type=\"column\">\n\t\t\t<div class=\"elementor-widget-wrap elementor-element-populated\">\n\t\t\t\t\t\t<div class=\"elementor-element elementor-element-50ea6caa elementor-invisible elementor-widget elementor-widget-text-editor\" data-id=\"50ea6caa\" data-element_type=\"widget\" data-e-type=\"widget\" data-settings=\"{&quot;_animation&quot;:&quot;fadeInDown&quot;}\" data-widget_type=\"text-editor.default\">\n\t\t\t\t<div class=\"elementor-widget-container\">\n\t\t\t\t\t\t\t\t\t<table class=\"table table-hover\"><tbody><tr id=\"atins_br__sil18\"><td title=\"\" data-title=\"atins br\u00e9sil\" data-original-title=\"\">atins br\u00e9sil<\/td><\/tr><\/tbody><\/table>\t\t\t\t\t\t\t\t<\/div>\n\t\t\t\t<\/div>\n\t\t\t\t<div class=\"elementor-element elementor-element-1e6352cc elementor-invisible elementor-widget elementor-widget-heading\" data-id=\"1e6352cc\" data-element_type=\"widget\" data-e-type=\"widget\" data-settings=\"{&quot;_animation&quot;:&quot;fadeInUp&quot;}\" data-widget_type=\"heading.default\">\n\t\t\t\t<div class=\"elementor-widget-container\">\n\t\t\t\t\t<h2 class=\"elementor-heading-title elementor-size-default\">Atins, Len\u00e7ois Maranhenses<\/h2>\t\t\t\t<\/div>\n\t\t\t\t<\/div>\n\t\t\t\t<div class=\"elementor-element elementor-element-461e50d elementor-widget elementor-widget-text-editor\" data-id=\"461e50d\" data-element_type=\"widget\" data-e-type=\"widget\" data-widget_type=\"text-editor.default\">\n\t\t\t\t<div class=\"elementor-widget-container\">\n\t\t\t\t\t\t\t\t\t<p>Le temps semble s\u2019\u00eatre arr\u00eat\u00e9 \u00e0 Atins. \u00a0C\u2019est le cadre id\u00e9al pour les voyageurs recherchant le\u00a0d\u00e9paysement, le calme et les d\u00e9cors de r\u00eaves. Nous sommes aux portes du Parc des\u00a0Len\u00e7ois Maranhenses\u00a0et les paysages environnants sont magnifiques. Si vous passez dans la r\u00e9gion, on vous conseille vivement de vous rendre \u00e0 Atins. C\u2019est l\u2019endroit id\u00e9al pour faire une pause et\u00a0d\u00e9couvrir toute la richesse de la r\u00e9gion \u00e0 l\u2019\u00e9cart du tourisme de masse. Agence de voyages dans le nordeste du Br\u00e9sil, 100% francophone, sp\u00e9cialiste dans les voyages \u00e0 la carte,et hors des sentier battus. Agence de voyages dans le nordeste du Br\u00e9sil, 100% francophone, sp\u00e9cialiste dans les voyages \u00e0 la carte,et hors des sentier battus.<\/p>\t\t\t\t\t\t\t\t<\/div>\n\t\t\t\t<\/div>\n\t\t\t\t\t<\/div>\n\t\t<\/div>\n\t\t\t\t<div class=\"elementor-column elementor-col-33 elementor-top-column elementor-element elementor-element-7a9b207f\" data-id=\"7a9b207f\" data-element_type=\"column\" data-e-type=\"column\">\n\t\t\t<div class=\"elementor-widget-wrap elementor-element-populated\">\n\t\t\t\t\t\t<div class=\"elementor-element elementor-element-1d0f9032 elementor-invisible elementor-widget elementor-widget-image\" data-id=\"1d0f9032\" data-element_type=\"widget\" data-e-type=\"widget\" data-settings=\"{&quot;_animation&quot;:&quot;fadeIn&quot;}\" data-widget_type=\"image.default\">\n\t\t\t\t<div class=\"elementor-widget-container\">\n\t\t\t\t\t\t\t\t\t\t\t\t\t\t\t<img decoding=\"async\" src=\"https:\/\/www.brazilecotour.com\/wp-content\/uploads\/elementor\/thumbs\/Barreirinhas-Brazil-p6z9fo3vjthmvdd39ffcxvxov8bcawycs65l8w0thc.jpg\" title=\"Barreirinhas Brazil\" alt=\"Barreirinhas Brazil\" loading=\"lazy\" \/>\t\t\t\t\t\t\t\t\t\t\t\t\t\t\t<\/div>\n\t\t\t\t<\/div>\n\t\t\t\t<div class=\"elementor-element elementor-element-79bef7a8 elementor-widget elementor-widget-spacer\" data-id=\"79bef7a8\" data-element_type=\"widget\" data-e-type=\"widget\" data-widget_type=\"spacer.default\">\n\t\t\t\t<div class=\"elementor-widget-container\">\n\t\t\t\t\t\t\t<div class=\"elementor-spacer\">\n\t\t\t<div class=\"elementor-spacer-inner\"><\/div>\n\t\t<\/div>\n\t\t\t\t\t\t<\/div>\n\t\t\t\t<\/div>\n\t\t\t\t\t<\/div>\n\t\t<\/div>\n\t\t\t\t<div class=\"elementor-column elementor-col-33 elementor-top-column elementor-element elementor-element-6f0d05fd\" data-id=\"6f0d05fd\" data-element_type=\"column\" data-e-type=\"column\">\n\t\t\t<div class=\"elementor-widget-wrap elementor-element-populated\">\n\t\t\t\t\t\t<div class=\"elementor-element elementor-element-7c2a0592 elementor-invisible elementor-widget elementor-widget-image\" data-id=\"7c2a0592\" data-element_type=\"widget\" data-e-type=\"widget\" data-settings=\"{&quot;_animation&quot;:&quot;fadeIn&quot;}\" data-widget_type=\"image.default\">\n\t\t\t\t<div class=\"elementor-widget-container\">\n\t\t\t\t\t\t\t\t\t\t\t\t\t\t\t<img decoding=\"async\" src=\"https:\/\/www.brazilecotour.com\/wp-content\/uploads\/elementor\/thumbs\/jericoacoara-kitesurf-brazilecotour-bresil-atins-saoluis-p6cshh446feg72z4f76z8rrpxrwj93v0uox8ozsgg0.jpg\" title=\"jericoacoara-kitesurf-brazilecotour-bresil-atins-saoluis\" alt=\"vol au dessus des lencois maranhenses br\u00e9sil\" loading=\"lazy\" \/>\t\t\t\t\t\t\t\t\t\t\t\t\t\t\t<\/div>\n\t\t\t\t<\/div>\n\t\t\t\t<div class=\"elementor-element elementor-element-5ed10ede elementor-widget elementor-widget-spacer\" data-id=\"5ed10ede\" data-element_type=\"widget\" data-e-type=\"widget\" data-widget_type=\"spacer.default\">\n\t\t\t\t<div class=\"elementor-widget-container\">\n\t\t\t\t\t\t\t<div class=\"elementor-spacer\">\n\t\t\t<div class=\"elementor-spacer-inner\"><\/div>\n\t\t<\/div>\n\t\t\t\t\t\t<\/div>\n\t\t\t\t<\/div>\n\t\t\t\t\t<\/div>\n\t\t<\/div>\n\t\t\t\t\t<\/div>\n\t\t<\/section>\n\t\t\t\t<section class=\"elementor-section elementor-top-section elementor-element elementor-element-51ce58a elementor-section-boxed elementor-section-height-default elementor-section-height-default\" data-id=\"51ce58a\" data-element_type=\"section\" data-e-type=\"section\">\n\t\t\t\t\t\t<div class=\"elementor-container elementor-column-gap-default\">\n\t\t\t\t\t<div class=\"elementor-column elementor-col-33 elementor-top-column elementor-element elementor-element-4dd806f\" data-id=\"4dd806f\" data-element_type=\"column\" data-e-type=\"column\">\n\t\t\t<div class=\"elementor-widget-wrap\">\n\t\t\t\t\t\t\t<\/div>\n\t\t<\/div>\n\t\t\t\t<div class=\"elementor-column elementor-col-33 elementor-top-column elementor-element elementor-element-6ee8c1d\" data-id=\"6ee8c1d\" data-element_type=\"column\" data-e-type=\"column\">\n\t\t\t<div class=\"elementor-widget-wrap elementor-element-populated\">\n\t\t\t\t\t\t<div class=\"elementor-element elementor-element-618b90a elementor-widget elementor-widget-heading\" data-id=\"618b90a\" data-element_type=\"widget\" data-e-type=\"widget\" data-widget_type=\"heading.default\">\n\t\t\t\t<div class=\"elementor-widget-container\">\n\t\t\t\t\t<h2 class=\"elementor-heading-title elementor-size-default\">Len\u00e7ois Maranhenses<\/h2>\t\t\t\t<\/div>\n\t\t\t\t<\/div>\n\t\t\t\t<div class=\"elementor-element elementor-element-60fd08b elementor-widget elementor-widget-video\" data-id=\"60fd08b\" data-element_type=\"widget\" data-e-type=\"widget\" data-settings=\"{&quot;youtube_url&quot;:&quot;https:\\\/\\\/www.youtube.com\\\/watch?v=JnSK1fsIpdo&quot;,&quot;video_type&quot;:&quot;youtube&quot;,&quot;controls&quot;:&quot;yes&quot;}\" data-widget_type=\"video.default\">\n\t\t\t\t<div class=\"elementor-widget-container\">\n\t\t\t\t\t\t\t<div class=\"elementor-wrapper elementor-open-inline\">\n\t\t\t<div class=\"elementor-video\"><\/div>\t\t<\/div>\n\t\t\t\t\t\t<\/div>\n\t\t\t\t<\/div>\n\t\t\t\t\t<\/div>\n\t\t<\/div>\n\t\t\t\t<div class=\"elementor-column elementor-col-33 elementor-top-column elementor-element elementor-element-0ed0a46\" data-id=\"0ed0a46\" data-element_type=\"column\" data-e-type=\"column\">\n\t\t\t<div class=\"elementor-widget-wrap\">\n\t\t\t\t\t\t\t<\/div>\n\t\t<\/div>\n\t\t\t\t\t<\/div>\n\t\t<\/section>\n\t\t\t\t<section class=\"elementor-section elementor-top-section elementor-element elementor-element-791b6c0a elementor-section-boxed elementor-section-height-default elementor-section-height-default\" data-id=\"791b6c0a\" data-element_type=\"section\" data-e-type=\"section\" data-settings=\"{&quot;background_background&quot;:&quot;classic&quot;}\">\n\t\t\t\t\t\t<div class=\"elementor-container elementor-column-gap-extended\">\n\t\t\t\t\t<div class=\"elementor-column elementor-col-50 elementor-top-column elementor-element elementor-element-6dcdc9dd\" data-id=\"6dcdc9dd\" data-element_type=\"column\" data-e-type=\"column\">\n\t\t\t<div class=\"elementor-widget-wrap elementor-element-populated\">\n\t\t\t\t\t\t<div class=\"elementor-element elementor-element-0d5fabd elementor-widget elementor-widget-heading\" data-id=\"0d5fabd\" data-element_type=\"widget\" data-e-type=\"widget\" data-widget_type=\"heading.default\">\n\t\t\t\t<div class=\"elementor-widget-container\">\n\t\t\t\t\t<h2 class=\"elementor-heading-title elementor-size-default\">atins br\u00e9sil carte\t<\/h2>\t\t\t\t<\/div>\n\t\t\t\t<\/div>\n\t\t\t\t<div class=\"elementor-element elementor-element-9abfb6d elementor-widget elementor-widget-shortcode\" data-id=\"9abfb6d\" data-element_type=\"widget\" data-e-type=\"widget\" data-widget_type=\"shortcode.default\">\n\t\t\t\t<div class=\"elementor-widget-container\">\n\t\t\t\t\t\t\t<div class=\"elementor-shortcode\"><iframe src=\"https:\/\/www.google.com\/maps\/embed?pb=!1m18!1m12!1m3!1d31886.44450507276!2d-42.76024841369958!3d-2.5699159390965294!2m3!1f0!2f0!3f0!3m2!1i1024!2i768!4f13.1!3m3!1m2!1s0x7f1e8d46f26dfd5%3A0xa9ecc50041bc85a3!2sAtins%2C%20Barreirinhas%20-%20Maranh%C3%A3o%2C%2065590-000!5e0!3m2!1sfr!2sbr!4v1629237690318!5m2!1sfr!2sbr\" width=\"600\" height=\"450\" style=\"border:0;\" allowfullscreen=\"\" loading=\"lazy\"><\/iframe><\/div>\n\t\t\t\t\t\t<\/div>\n\t\t\t\t<\/div>\n\t\t\t\t\t<\/div>\n\t\t<\/div>\n\t\t\t\t<div class=\"elementor-column elementor-col-50 elementor-top-column elementor-element elementor-element-2a8c2ffc\" data-id=\"2a8c2ffc\" data-element_type=\"column\" data-e-type=\"column\">\n\t\t\t<div class=\"elementor-widget-wrap elementor-element-populated\">\n\t\t\t\t\t\t<div class=\"elementor-element elementor-element-2f9aa70b elementor-invisible elementor-widget elementor-widget-text-editor\" data-id=\"2f9aa70b\" data-element_type=\"widget\" data-e-type=\"widget\" data-settings=\"{&quot;_animation&quot;:&quot;fadeInDown&quot;}\" data-widget_type=\"text-editor.default\">\n\t\t\t\t<div class=\"elementor-widget-container\">\n\t\t\t\t\t\t\t\t\t<p>voyage au Br\u00e9sil<\/p>\t\t\t\t\t\t\t\t<\/div>\n\t\t\t\t<\/div>\n\t\t\t\t<div class=\"elementor-element elementor-element-6ae79012 elementor-invisible elementor-widget elementor-widget-heading\" data-id=\"6ae79012\" data-element_type=\"widget\" data-e-type=\"widget\" data-settings=\"{&quot;_animation&quot;:&quot;fadeInUp&quot;}\" data-widget_type=\"heading.default\">\n\t\t\t\t<div class=\"elementor-widget-container\">\n\t\t\t\t\t<h2 class=\"elementor-heading-title elementor-size-default\">brazil ecotour<\/h2>\t\t\t\t<\/div>\n\t\t\t\t<\/div>\n\t\t\t\t<div class=\"elementor-element elementor-element-66435e30 elementor-widget elementor-widget-text-editor\" data-id=\"66435e30\" data-element_type=\"widget\" data-e-type=\"widget\" data-widget_type=\"text-editor.default\">\n\t\t\t\t<div class=\"elementor-widget-container\">\n\t\t\t\t\t\t\t\t\t<section class=\"elementor-section elementor-top-section elementor-element elementor-element-4e3ccb76 elementor-section-height-min-height elementor-section-boxed elementor-section-height-default elementor-section-items-middle animated fadeIn\" data-id=\"4e3ccb76\" data-element_type=\"section\" data-settings=\"{&quot;background_background&quot;:&quot;classic&quot;,&quot;animation&quot;:&quot;fadeIn&quot;}\"><div class=\"elementor-container elementor-column-gap-default\"><div class=\"elementor-row\"><div class=\"elementor-column elementor-col-100 elementor-top-column elementor-element elementor-element-4fb2e76c\" data-id=\"4fb2e76c\" data-element_type=\"column\"><div class=\"elementor-column-wrap elementor-element-populated\"><div class=\"elementor-widget-wrap\"><section class=\"elementor-section elementor-inner-section elementor-element elementor-element-5aee788f elementor-section-boxed elementor-section-height-default elementor-section-height-default\" data-id=\"5aee788f\" data-element_type=\"section\"><div class=\"elementor-container elementor-column-gap-default\"><div class=\"elementor-row\"><div class=\"elementor-column elementor-col-100 elementor-inner-column elementor-element elementor-element-6158b4ae\" data-id=\"6158b4ae\" data-element_type=\"column\"><div class=\"elementor-column-wrap elementor-element-populated\"><div class=\"elementor-widget-wrap\"><div class=\"elementor-element elementor-element-766b3ea2 elementor-widget elementor-widget-heading animated fadeInUp\" data-id=\"766b3ea2\" data-element_type=\"widget\" data-settings=\"{&quot;_animation&quot;:&quot;fadeInUp&quot;,&quot;_animation_delay&quot;:400}\" data-widget_type=\"heading.default\"><div class=\"elementor-widget-container\"><h1 class=\"elementor-heading-title elementor-size-default\">Brazil Ecotour Agence De Voyage Au Bresil 100% Francophone<\/h1><\/div><\/div><\/div><\/div><\/div><\/div><\/div><\/section><\/div><\/div><\/div><\/div><\/div><\/section><section class=\"elementor-section elementor-top-section elementor-element elementor-element-e92faff elementor-section-boxed elementor-section-height-default elementor-section-height-default\" data-id=\"e92faff\" data-element_type=\"section\"><div class=\"elementor-container elementor-column-gap-default\"><div class=\"elementor-row\"><div class=\"elementor-column elementor-col-100 elementor-top-column elementor-element elementor-element-4658283\" data-id=\"4658283\" data-element_type=\"column\"><div class=\"elementor-column-wrap elementor-element-populated\"><div class=\"elementor-widget-wrap\"><div class=\"elementor-element elementor-element-04e8535 elementor-widget elementor-widget-text-editor\" data-id=\"04e8535\" data-element_type=\"widget\" data-widget_type=\"text-editor.default\"><div class=\"elementor-widget-container\"><div class=\"elementor-text-editor elementor-clearfix\">\u00a0<\/div><\/div><\/div><\/div><\/div><\/div><\/div><\/div><\/section>\t\t\t\t\t\t\t\t<\/div>\n\t\t\t\t<\/div>\n\t\t\t\t\t<\/div>\n\t\t<\/div>\n\t\t\t\t\t<\/div>\n\t\t<\/section>\n\t\t\t\t<section class=\"elementor-section elementor-top-section elementor-element elementor-element-6545d2b elementor-section-content-middle elementor-section-stretched elementor-section-boxed elementor-section-height-default elementor-section-height-default\" data-id=\"6545d2b\" data-element_type=\"section\" data-e-type=\"section\" data-settings=\"{&quot;background_background&quot;:&quot;classic&quot;,&quot;stretch_section&quot;:&quot;section-stretched&quot;}\">\n\t\t\t\t\t\t\t<div class=\"elementor-background-overlay\"><\/div>\n\t\t\t\t\t\t\t<div class=\"elementor-container elementor-column-gap-extended\">\n\t\t\t\t\t<div class=\"elementor-column elementor-col-50 elementor-top-column elementor-element elementor-element-234bc30b\" data-id=\"234bc30b\" data-element_type=\"column\" data-e-type=\"column\">\n\t\t\t<div class=\"elementor-widget-wrap elementor-element-populated\">\n\t\t\t\t\t\t<div class=\"elementor-element elementor-element-294d3cdd elementor-invisible elementor-widget elementor-widget-text-editor\" data-id=\"294d3cdd\" data-element_type=\"widget\" data-e-type=\"widget\" data-settings=\"{&quot;_animation&quot;:&quot;fadeInDown&quot;}\" data-widget_type=\"text-editor.default\">\n\t\t\t\t<div class=\"elementor-widget-container\">\n\t\t\t\t\t\t\t\t\t<p>atins br\u00e9sil kitesurf<\/p>\t\t\t\t\t\t\t\t<\/div>\n\t\t\t\t<\/div>\n\t\t\t\t<div class=\"elementor-element elementor-element-739b7697 elementor-invisible elementor-widget elementor-widget-heading\" data-id=\"739b7697\" data-element_type=\"widget\" data-e-type=\"widget\" data-settings=\"{&quot;_animation&quot;:&quot;fadeInUp&quot;}\" data-widget_type=\"heading.default\">\n\t\t\t\t<div class=\"elementor-widget-container\">\n\t\t\t\t\t<h2 class=\"elementor-heading-title elementor-size-default\">demandez votre devis gratuit<\/h2>\t\t\t\t<\/div>\n\t\t\t\t<\/div>\n\t\t\t\t\t<\/div>\n\t\t<\/div>\n\t\t\t\t<div class=\"elementor-column elementor-col-50 elementor-top-column elementor-element elementor-element-354c5c4f\" data-id=\"354c5c4f\" data-element_type=\"column\" data-e-type=\"column\">\n\t\t\t<div class=\"elementor-widget-wrap elementor-element-populated\">\n\t\t\t\t\t\t<div class=\"elementor-element elementor-element-d1bfd2e elementor-align-right elementor-mobile-align-center elementor-tablet-align-center elementor-widget elementor-widget-button\" data-id=\"d1bfd2e\" data-element_type=\"widget\" data-e-type=\"widget\" data-widget_type=\"button.default\">\n\t\t\t\t<div class=\"elementor-widget-container\">\n\t\t\t\t\t\t\t\t\t<div class=\"elementor-button-wrapper\">\n\t\t\t\t\t<a class=\"elementor-button elementor-button-link elementor-size-sm\" href=\"https:\/\/www.brazilecotour.com\/fr\/contact-agence-de-voyage-bresil\/\">\n\t\t\t\t\t\t<span class=\"elementor-button-content-wrapper\">\n\t\t\t\t\t\t\t\t\t<span class=\"elementor-button-text\">devis gratuit<\/span>\n\t\t\t\t\t<\/span>\n\t\t\t\t\t<\/a>\n\t\t\t\t<\/div>\n\t\t\t\t\t\t\t\t<\/div>\n\t\t\t\t<\/div>\n\t\t\t\t\t<\/div>\n\t\t<\/div>\n\t\t\t\t\t<\/div>\n\t\t<\/section>\n\t\t\t\t<\/div>\n\t\t","protected":false},"excerpt":{"rendered":"<p>Atins, village aux portes des Len\u00e7ois Maranhenses \u2013 Nordeste devis gratuit atins br\u00e9sil Atins, Len\u00e7ois Maranhenses Le temps semble s\u2019\u00eatre arr\u00eat\u00e9 \u00e0 Atins. \u00a0C\u2019est le cadre id\u00e9al pour les voyageurs recherchant le\u00a0d\u00e9paysement, le calme et les d\u00e9cors de r\u00eaves. Nous sommes aux portes du Parc des\u00a0Len\u00e7ois Maranhenses\u00a0et les paysages environnants sont magnifiques. Si vous passez [&hellip;]<\/p>\n","protected":false},"author":2,"featured_media":5061,"comment_status":"open","ping_status":"closed","sticky":false,"template":"elementor_canvas","format":"standard","meta":{"_coblocks_attr":"","_coblocks_dimensions":"","_coblocks_responsive_height":"","_coblocks_accordion_ie_support":"","hide_page_title":"","footnotes":""},"categories":[58],"tags":[],"class_list":["post-5060","post","type-post","status-publish","format-standard","has-post-thumbnail","hentry","category-brazil-ecotour-fr"],"yoast_head":"<!-- This site is optimized with the Yoast SEO Premium plugin v25.9 (Yoast SEO v27.4) - https:\/\/yoast.com\/product\/yoast-seo-premium-wordpress\/ -->\n<title>Atins, village aux portes des Len\u00e7ois Maranhenses - Nordeste<\/title>\n<meta name=\"description\" content=\"Le temps semble s\u2019\u00eatre arr\u00eat\u00e9 \u00e0 Atins. \u00a0C\u2019est le cadre id\u00e9al pour les voyageurs recherchant le\u00a0d\u00e9paysement, le calme et les d\u00e9cors de r\u00eaves.\" \/>\n<meta name=\"robots\" content=\"index, follow, max-snippet:-1, max-image-preview:large, max-video-preview:-1\" \/>\n<link rel=\"canonical\" href=\"https:\/\/www.brazilecotour.com\/fr\/atins-village-aux-portes-lencois-maranhenses-nordeste\/\" \/>\n<meta property=\"og:locale\" content=\"fr_FR\" \/>\n<meta property=\"og:type\" content=\"article\" \/>\n<meta property=\"og:title\" content=\"Atins, village aux portes des Len\u00e7ois Maranhenses - Nordeste\" \/>\n<meta property=\"og:description\" content=\"Le temps semble s\u2019\u00eatre arr\u00eat\u00e9 \u00e0 Atins. \u00a0C\u2019est le cadre id\u00e9al pour les voyageurs recherchant le\u00a0d\u00e9paysement, le calme et les d\u00e9cors de r\u00eaves.\" \/>\n<meta property=\"og:url\" content=\"https:\/\/www.brazilecotour.com\/fr\/atins-village-aux-portes-lencois-maranhenses-nordeste\/\" \/>\n<meta property=\"og:site_name\" content=\"Brazil Ecotour | DMC &amp; Travel agency in Brazil\" \/>\n<meta property=\"article:publisher\" content=\"https:\/\/www.facebook.com\/brazilecotour\/\" \/>\n<meta property=\"article:author\" content=\"https:\/\/www.facebook.com\/brazilecotour\/\" \/>\n<meta property=\"article:published_time\" content=\"2017-12-04T00:02:58+00:00\" \/>\n<meta property=\"article:modified_time\" content=\"2021-08-17T22:31:26+00:00\" \/>\n<meta property=\"og:image\" content=\"https:\/\/www.brazilecotour.com\/wp-content\/uploads\/2017\/12\/img_0136-e1512344586870.jpg\" \/>\n\t<meta property=\"og:image:width\" content=\"500\" \/>\n\t<meta property=\"og:image:height\" content=\"375\" \/>\n\t<meta property=\"og:image:type\" content=\"image\/jpeg\" \/>\n<meta name=\"author\" content=\"Brazil Ecotour\" \/>\n<meta name=\"twitter:card\" content=\"summary_large_image\" \/>\n<meta name=\"twitter:creator\" content=\"@brazilecotour01\" \/>\n<meta name=\"twitter:site\" content=\"@brazilecotour01\" \/>\n<meta name=\"twitter:label1\" content=\"\u00c9crit par\" \/>\n\t<meta name=\"twitter:data1\" content=\"Brazil Ecotour\" \/>\n\t<meta name=\"twitter:label2\" content=\"Dur\u00e9e de lecture estim\u00e9e\" \/>\n\t<meta name=\"twitter:data2\" content=\"2 minutes\" \/>\n<script type=\"application\/ld+json\" class=\"yoast-schema-graph\">{\"@context\":\"https:\\\/\\\/schema.org\",\"@graph\":[{\"@type\":\"Article\",\"@id\":\"https:\\\/\\\/www.brazilecotour.com\\\/fr\\\/atins-village-aux-portes-lencois-maranhenses-nordeste\\\/#article\",\"isPartOf\":{\"@id\":\"https:\\\/\\\/www.brazilecotour.com\\\/fr\\\/atins-village-aux-portes-lencois-maranhenses-nordeste\\\/\"},\"author\":{\"name\":\"Brazil Ecotour\",\"@id\":\"https:\\\/\\\/www.brazilecotour.com\\\/fr\\\/#\\\/schema\\\/person\\\/bb20c278af8580ea123f7584ce5a7a83\"},\"headline\":\"Atins, village aux portes des Len\u00e7ois Maranhenses &#8211; Nordeste\",\"datePublished\":\"2017-12-04T00:02:58+00:00\",\"dateModified\":\"2021-08-17T22:31:26+00:00\",\"mainEntityOfPage\":{\"@id\":\"https:\\\/\\\/www.brazilecotour.com\\\/fr\\\/atins-village-aux-portes-lencois-maranhenses-nordeste\\\/\"},\"wordCount\":198,\"commentCount\":0,\"publisher\":{\"@id\":\"https:\\\/\\\/www.brazilecotour.com\\\/fr\\\/#organization\"},\"image\":{\"@id\":\"https:\\\/\\\/www.brazilecotour.com\\\/fr\\\/atins-village-aux-portes-lencois-maranhenses-nordeste\\\/#primaryimage\"},\"thumbnailUrl\":\"https:\\\/\\\/www.brazilecotour.com\\\/wp-content\\\/uploads\\\/2017\\\/12\\\/img_0136-e1512344586870.jpg\",\"articleSection\":[\"Brazil Ecotour\"],\"inLanguage\":\"fr-FR\",\"potentialAction\":[{\"@type\":\"CommentAction\",\"name\":\"Comment\",\"target\":[\"https:\\\/\\\/www.brazilecotour.com\\\/fr\\\/atins-village-aux-portes-lencois-maranhenses-nordeste\\\/#respond\"]}]},{\"@type\":\"WebPage\",\"@id\":\"https:\\\/\\\/www.brazilecotour.com\\\/fr\\\/atins-village-aux-portes-lencois-maranhenses-nordeste\\\/\",\"url\":\"https:\\\/\\\/www.brazilecotour.com\\\/fr\\\/atins-village-aux-portes-lencois-maranhenses-nordeste\\\/\",\"name\":\"Atins, village aux portes des Len\u00e7ois Maranhenses - Nordeste\",\"isPartOf\":{\"@id\":\"https:\\\/\\\/www.brazilecotour.com\\\/fr\\\/#website\"},\"primaryImageOfPage\":{\"@id\":\"https:\\\/\\\/www.brazilecotour.com\\\/fr\\\/atins-village-aux-portes-lencois-maranhenses-nordeste\\\/#primaryimage\"},\"image\":{\"@id\":\"https:\\\/\\\/www.brazilecotour.com\\\/fr\\\/atins-village-aux-portes-lencois-maranhenses-nordeste\\\/#primaryimage\"},\"thumbnailUrl\":\"https:\\\/\\\/www.brazilecotour.com\\\/wp-content\\\/uploads\\\/2017\\\/12\\\/img_0136-e1512344586870.jpg\",\"datePublished\":\"2017-12-04T00:02:58+00:00\",\"dateModified\":\"2021-08-17T22:31:26+00:00\",\"description\":\"Le temps semble s\u2019\u00eatre arr\u00eat\u00e9 \u00e0 Atins. \u00a0C\u2019est le cadre id\u00e9al pour les voyageurs recherchant le\u00a0d\u00e9paysement, le calme et les d\u00e9cors de r\u00eaves.\",\"breadcrumb\":{\"@id\":\"https:\\\/\\\/www.brazilecotour.com\\\/fr\\\/atins-village-aux-portes-lencois-maranhenses-nordeste\\\/#breadcrumb\"},\"inLanguage\":\"fr-FR\",\"potentialAction\":[{\"@type\":\"ReadAction\",\"target\":[\"https:\\\/\\\/www.brazilecotour.com\\\/fr\\\/atins-village-aux-portes-lencois-maranhenses-nordeste\\\/\"]}]},{\"@type\":\"ImageObject\",\"inLanguage\":\"fr-FR\",\"@id\":\"https:\\\/\\\/www.brazilecotour.com\\\/fr\\\/atins-village-aux-portes-lencois-maranhenses-nordeste\\\/#primaryimage\",\"url\":\"https:\\\/\\\/www.brazilecotour.com\\\/wp-content\\\/uploads\\\/2017\\\/12\\\/img_0136-e1512344586870.jpg\",\"contentUrl\":\"https:\\\/\\\/www.brazilecotour.com\\\/wp-content\\\/uploads\\\/2017\\\/12\\\/img_0136-e1512344586870.jpg\",\"width\":500,\"height\":375,\"caption\":\"Agence de voyages dans le nordeste du Br\u00e9sil, 100% francophone, sp\u00e9cialiste dans les voyages \u00e0 la carte,et hors des sentier battus.\"},{\"@type\":\"BreadcrumbList\",\"@id\":\"https:\\\/\\\/www.brazilecotour.com\\\/fr\\\/atins-village-aux-portes-lencois-maranhenses-nordeste\\\/#breadcrumb\",\"itemListElement\":[{\"@type\":\"ListItem\",\"position\":1,\"name\":\"Accueil\",\"item\":\"https:\\\/\\\/www.brazilecotour.com\\\/fr\\\/\"},{\"@type\":\"ListItem\",\"position\":2,\"name\":\"Atins, village aux portes des Len\u00e7ois Maranhenses &#8211; Nordeste\"}]},{\"@type\":\"WebSite\",\"@id\":\"https:\\\/\\\/www.brazilecotour.com\\\/fr\\\/#website\",\"url\":\"https:\\\/\\\/www.brazilecotour.com\\\/fr\\\/\",\"name\":\"Brazil Ecotour | DMC and Travel Agency in Brazil\",\"description\":\"Beyond Travel, Real Experiences\",\"publisher\":{\"@id\":\"https:\\\/\\\/www.brazilecotour.com\\\/fr\\\/#organization\"},\"potentialAction\":[{\"@type\":\"SearchAction\",\"target\":{\"@type\":\"EntryPoint\",\"urlTemplate\":\"https:\\\/\\\/www.brazilecotour.com\\\/fr\\\/?s={search_term_string}\"},\"query-input\":{\"@type\":\"PropertyValueSpecification\",\"valueRequired\":true,\"valueName\":\"search_term_string\"}}],\"inLanguage\":\"fr-FR\"},{\"@type\":\"Organization\",\"@id\":\"https:\\\/\\\/www.brazilecotour.com\\\/fr\\\/#organization\",\"name\":\"Brazil Ecotour | DMC & Travel agency in Brazil\",\"url\":\"https:\\\/\\\/www.brazilecotour.com\\\/fr\\\/\",\"logo\":{\"@type\":\"ImageObject\",\"inLanguage\":\"fr-FR\",\"@id\":\"https:\\\/\\\/www.brazilecotour.com\\\/fr\\\/#\\\/schema\\\/logo\\\/image\\\/\",\"url\":\"https:\\\/\\\/www.brazilecotour.com\\\/wp-content\\\/uploads\\\/2017\\\/06\\\/brazilecotour_logo.png\",\"contentUrl\":\"https:\\\/\\\/www.brazilecotour.com\\\/wp-content\\\/uploads\\\/2017\\\/06\\\/brazilecotour_logo.png\",\"width\":350,\"height\":100,\"caption\":\"Brazil Ecotour | DMC & Travel agency in Brazil\"},\"image\":{\"@id\":\"https:\\\/\\\/www.brazilecotour.com\\\/fr\\\/#\\\/schema\\\/logo\\\/image\\\/\"},\"sameAs\":[\"https:\\\/\\\/www.facebook.com\\\/brazilecotour\\\/\",\"https:\\\/\\\/x.com\\\/brazilecotour01\",\"https:\\\/\\\/www.instagram.com\\\/brazilecotour\\\/\",\"https:\\\/\\\/www.linkedin.com\\\/company\\\/brazilecotour\",\"https:\\\/\\\/www.pinterest.com\\\/brazilecotour\\\/\",\"https:\\\/\\\/www.youtube.com\\\/channel\\\/UCbaIa7Xo7DuwNz0z3H1zDnA\"]},{\"@type\":\"Person\",\"@id\":\"https:\\\/\\\/www.brazilecotour.com\\\/fr\\\/#\\\/schema\\\/person\\\/bb20c278af8580ea123f7584ce5a7a83\",\"name\":\"Brazil Ecotour\",\"image\":{\"@type\":\"ImageObject\",\"inLanguage\":\"fr-FR\",\"@id\":\"https:\\\/\\\/secure.gravatar.com\\\/avatar\\\/ec959129edd806b486b9fa8401bc242b60f01c2f7809cc01175829f25a1964c3?s=96&d=mm&r=g\",\"url\":\"https:\\\/\\\/secure.gravatar.com\\\/avatar\\\/ec959129edd806b486b9fa8401bc242b60f01c2f7809cc01175829f25a1964c3?s=96&d=mm&r=g\",\"contentUrl\":\"https:\\\/\\\/secure.gravatar.com\\\/avatar\\\/ec959129edd806b486b9fa8401bc242b60f01c2f7809cc01175829f25a1964c3?s=96&d=mm&r=g\",\"caption\":\"Brazil Ecotour\"},\"sameAs\":[\"https:\\\/\\\/www.brazilecotour.com\",\"https:\\\/\\\/www.facebook.com\\\/brazilecotour\\\/\",\"https:\\\/\\\/x.com\\\/@brazilecotour01\"]}]}<\/script>\n<!-- \/ Yoast SEO Premium plugin. -->","yoast_head_json":{"title":"Atins, village aux portes des Len\u00e7ois Maranhenses - Nordeste","description":"Le temps semble s\u2019\u00eatre arr\u00eat\u00e9 \u00e0 Atins. \u00a0C\u2019est le cadre id\u00e9al pour les voyageurs recherchant le\u00a0d\u00e9paysement, le calme et les d\u00e9cors de r\u00eaves.","robots":{"index":"index","follow":"follow","max-snippet":"max-snippet:-1","max-image-preview":"max-image-preview:large","max-video-preview":"max-video-preview:-1"},"canonical":"https:\/\/www.brazilecotour.com\/fr\/atins-village-aux-portes-lencois-maranhenses-nordeste\/","og_locale":"fr_FR","og_type":"article","og_title":"Atins, village aux portes des Len\u00e7ois Maranhenses - Nordeste","og_description":"Le temps semble s\u2019\u00eatre arr\u00eat\u00e9 \u00e0 Atins. \u00a0C\u2019est le cadre id\u00e9al pour les voyageurs recherchant le\u00a0d\u00e9paysement, le calme et les d\u00e9cors de r\u00eaves.","og_url":"https:\/\/www.brazilecotour.com\/fr\/atins-village-aux-portes-lencois-maranhenses-nordeste\/","og_site_name":"Brazil Ecotour | DMC &amp; Travel agency in Brazil","article_publisher":"https:\/\/www.facebook.com\/brazilecotour\/","article_author":"https:\/\/www.facebook.com\/brazilecotour\/","article_published_time":"2017-12-04T00:02:58+00:00","article_modified_time":"2021-08-17T22:31:26+00:00","og_image":[{"width":500,"height":375,"url":"https:\/\/www.brazilecotour.com\/wp-content\/uploads\/2017\/12\/img_0136-e1512344586870.jpg","type":"image\/jpeg"}],"author":"Brazil Ecotour","twitter_card":"summary_large_image","twitter_creator":"@brazilecotour01","twitter_site":"@brazilecotour01","twitter_misc":{"\u00c9crit par":"Brazil Ecotour","Dur\u00e9e de lecture estim\u00e9e":"2 minutes"},"schema":{"@context":"https:\/\/schema.org","@graph":[{"@type":"Article","@id":"https:\/\/www.brazilecotour.com\/fr\/atins-village-aux-portes-lencois-maranhenses-nordeste\/#article","isPartOf":{"@id":"https:\/\/www.brazilecotour.com\/fr\/atins-village-aux-portes-lencois-maranhenses-nordeste\/"},"author":{"name":"Brazil Ecotour","@id":"https:\/\/www.brazilecotour.com\/fr\/#\/schema\/person\/bb20c278af8580ea123f7584ce5a7a83"},"headline":"Atins, village aux portes des Len\u00e7ois Maranhenses &#8211; Nordeste","datePublished":"2017-12-04T00:02:58+00:00","dateModified":"2021-08-17T22:31:26+00:00","mainEntityOfPage":{"@id":"https:\/\/www.brazilecotour.com\/fr\/atins-village-aux-portes-lencois-maranhenses-nordeste\/"},"wordCount":198,"commentCount":0,"publisher":{"@id":"https:\/\/www.brazilecotour.com\/fr\/#organization"},"image":{"@id":"https:\/\/www.brazilecotour.com\/fr\/atins-village-aux-portes-lencois-maranhenses-nordeste\/#primaryimage"},"thumbnailUrl":"https:\/\/www.brazilecotour.com\/wp-content\/uploads\/2017\/12\/img_0136-e1512344586870.jpg","articleSection":["Brazil Ecotour"],"inLanguage":"fr-FR","potentialAction":[{"@type":"CommentAction","name":"Comment","target":["https:\/\/www.brazilecotour.com\/fr\/atins-village-aux-portes-lencois-maranhenses-nordeste\/#respond"]}]},{"@type":"WebPage","@id":"https:\/\/www.brazilecotour.com\/fr\/atins-village-aux-portes-lencois-maranhenses-nordeste\/","url":"https:\/\/www.brazilecotour.com\/fr\/atins-village-aux-portes-lencois-maranhenses-nordeste\/","name":"Atins, village aux portes des Len\u00e7ois Maranhenses - Nordeste","isPartOf":{"@id":"https:\/\/www.brazilecotour.com\/fr\/#website"},"primaryImageOfPage":{"@id":"https:\/\/www.brazilecotour.com\/fr\/atins-village-aux-portes-lencois-maranhenses-nordeste\/#primaryimage"},"image":{"@id":"https:\/\/www.brazilecotour.com\/fr\/atins-village-aux-portes-lencois-maranhenses-nordeste\/#primaryimage"},"thumbnailUrl":"https:\/\/www.brazilecotour.com\/wp-content\/uploads\/2017\/12\/img_0136-e1512344586870.jpg","datePublished":"2017-12-04T00:02:58+00:00","dateModified":"2021-08-17T22:31:26+00:00","description":"Le temps semble s\u2019\u00eatre arr\u00eat\u00e9 \u00e0 Atins. \u00a0C\u2019est le cadre id\u00e9al pour les voyageurs recherchant le\u00a0d\u00e9paysement, le calme et les d\u00e9cors de r\u00eaves.","breadcrumb":{"@id":"https:\/\/www.brazilecotour.com\/fr\/atins-village-aux-portes-lencois-maranhenses-nordeste\/#breadcrumb"},"inLanguage":"fr-FR","potentialAction":[{"@type":"ReadAction","target":["https:\/\/www.brazilecotour.com\/fr\/atins-village-aux-portes-lencois-maranhenses-nordeste\/"]}]},{"@type":"ImageObject","inLanguage":"fr-FR","@id":"https:\/\/www.brazilecotour.com\/fr\/atins-village-aux-portes-lencois-maranhenses-nordeste\/#primaryimage","url":"https:\/\/www.brazilecotour.com\/wp-content\/uploads\/2017\/12\/img_0136-e1512344586870.jpg","contentUrl":"https:\/\/www.brazilecotour.com\/wp-content\/uploads\/2017\/12\/img_0136-e1512344586870.jpg","width":500,"height":375,"caption":"Agence de voyages dans le nordeste du Br\u00e9sil, 100% francophone, sp\u00e9cialiste dans les voyages \u00e0 la carte,et hors des sentier battus."},{"@type":"BreadcrumbList","@id":"https:\/\/www.brazilecotour.com\/fr\/atins-village-aux-portes-lencois-maranhenses-nordeste\/#breadcrumb","itemListElement":[{"@type":"ListItem","position":1,"name":"Accueil","item":"https:\/\/www.brazilecotour.com\/fr\/"},{"@type":"ListItem","position":2,"name":"Atins, village aux portes des Len\u00e7ois Maranhenses &#8211; Nordeste"}]},{"@type":"WebSite","@id":"https:\/\/www.brazilecotour.com\/fr\/#website","url":"https:\/\/www.brazilecotour.com\/fr\/","name":"Brazil Ecotour | DMC and Travel Agency in Brazil","description":"Beyond Travel, Real Experiences","publisher":{"@id":"https:\/\/www.brazilecotour.com\/fr\/#organization"},"potentialAction":[{"@type":"SearchAction","target":{"@type":"EntryPoint","urlTemplate":"https:\/\/www.brazilecotour.com\/fr\/?s={search_term_string}"},"query-input":{"@type":"PropertyValueSpecification","valueRequired":true,"valueName":"search_term_string"}}],"inLanguage":"fr-FR"},{"@type":"Organization","@id":"https:\/\/www.brazilecotour.com\/fr\/#organization","name":"Brazil Ecotour | DMC & Travel agency in Brazil","url":"https:\/\/www.brazilecotour.com\/fr\/","logo":{"@type":"ImageObject","inLanguage":"fr-FR","@id":"https:\/\/www.brazilecotour.com\/fr\/#\/schema\/logo\/image\/","url":"https:\/\/www.brazilecotour.com\/wp-content\/uploads\/2017\/06\/brazilecotour_logo.png","contentUrl":"https:\/\/www.brazilecotour.com\/wp-content\/uploads\/2017\/06\/brazilecotour_logo.png","width":350,"height":100,"caption":"Brazil Ecotour | DMC & Travel agency in Brazil"},"image":{"@id":"https:\/\/www.brazilecotour.com\/fr\/#\/schema\/logo\/image\/"},"sameAs":["https:\/\/www.facebook.com\/brazilecotour\/","https:\/\/x.com\/brazilecotour01","https:\/\/www.instagram.com\/brazilecotour\/","https:\/\/www.linkedin.com\/company\/brazilecotour","https:\/\/www.pinterest.com\/brazilecotour\/","https:\/\/www.youtube.com\/channel\/UCbaIa7Xo7DuwNz0z3H1zDnA"]},{"@type":"Person","@id":"https:\/\/www.brazilecotour.com\/fr\/#\/schema\/person\/bb20c278af8580ea123f7584ce5a7a83","name":"Brazil Ecotour","image":{"@type":"ImageObject","inLanguage":"fr-FR","@id":"https:\/\/secure.gravatar.com\/avatar\/ec959129edd806b486b9fa8401bc242b60f01c2f7809cc01175829f25a1964c3?s=96&d=mm&r=g","url":"https:\/\/secure.gravatar.com\/avatar\/ec959129edd806b486b9fa8401bc242b60f01c2f7809cc01175829f25a1964c3?s=96&d=mm&r=g","contentUrl":"https:\/\/secure.gravatar.com\/avatar\/ec959129edd806b486b9fa8401bc242b60f01c2f7809cc01175829f25a1964c3?s=96&d=mm&r=g","caption":"Brazil Ecotour"},"sameAs":["https:\/\/www.brazilecotour.com","https:\/\/www.facebook.com\/brazilecotour\/","https:\/\/x.com\/@brazilecotour01"]}]}},"_links":{"self":[{"href":"https:\/\/www.brazilecotour.com\/fr\/wp-json\/wp\/v2\/posts\/5060","targetHints":{"allow":["GET"]}}],"collection":[{"href":"https:\/\/www.brazilecotour.com\/fr\/wp-json\/wp\/v2\/posts"}],"about":[{"href":"https:\/\/www.brazilecotour.com\/fr\/wp-json\/wp\/v2\/types\/post"}],"author":[{"embeddable":true,"href":"https:\/\/www.brazilecotour.com\/fr\/wp-json\/wp\/v2\/users\/2"}],"replies":[{"embeddable":true,"href":"https:\/\/www.brazilecotour.com\/fr\/wp-json\/wp\/v2\/comments?post=5060"}],"version-history":[{"count":18,"href":"https:\/\/www.brazilecotour.com\/fr\/wp-json\/wp\/v2\/posts\/5060\/revisions"}],"predecessor-version":[{"id":22244,"href":"https:\/\/www.brazilecotour.com\/fr\/wp-json\/wp\/v2\/posts\/5060\/revisions\/22244"}],"wp:featuredmedia":[{"embeddable":true,"href":"https:\/\/www.brazilecotour.com\/fr\/wp-json\/wp\/v2\/media\/5061"}],"wp:attachment":[{"href":"https:\/\/www.brazilecotour.com\/fr\/wp-json\/wp\/v2\/media?parent=5060"}],"wp:term":[{"taxonomy":"category","embeddable":true,"href":"https:\/\/www.brazilecotour.com\/fr\/wp-json\/wp\/v2\/categories?post=5060"},{"taxonomy":"post_tag","embeddable":true,"href":"https:\/\/www.brazilecotour.com\/fr\/wp-json\/wp\/v2\/tags?post=5060"}],"curies":[{"name":"wp","href":"https:\/\/api.w.org\/{rel}","templated":true}]}}