{"id":26498,"date":"2024-08-13T03:11:05","date_gmt":"2024-08-13T01:11:05","guid":{"rendered":"https:\/\/www.brazilecotour.com\/?p=26498"},"modified":"2024-08-13T03:24:04","modified_gmt":"2024-08-13T01:24:04","slug":"la-rotta-delle-emozioni-un-viaggio-indimenticabile-nel-cuore-del-nordest-del-brasile","status":"publish","type":"post","link":"https:\/\/www.brazilecotour.com\/it\/la-rotta-delle-emozioni-un-viaggio-indimenticabile-nel-cuore-del-nordest-del-brasile\/","title":{"rendered":"La Rotta delle Emozioni: Un Viaggio Indimenticabile nel Cuore del Nordest del Brasile"},"content":{"rendered":"\t\t<div data-elementor-type=\"wp-post\" data-elementor-id=\"26498\" class=\"elementor elementor-26498 elementor-26191\">\n\t\t\t\t\t\t<section class=\"elementor-section elementor-top-section elementor-element elementor-element-3294b549 elementor-section-height-min-height elementor-section-boxed elementor-section-height-default elementor-section-items-middle elementor-invisible\" data-id=\"3294b549\" data-element_type=\"section\" data-e-type=\"section\" data-settings=\"{&quot;background_background&quot;:&quot;classic&quot;,&quot;animation&quot;:&quot;fadeIn&quot;}\">\n\t\t\t\t\t\t\t<div class=\"elementor-background-overlay\"><\/div>\n\t\t\t\t\t\t\t<div class=\"elementor-container elementor-column-gap-default\">\n\t\t\t\t\t<div class=\"elementor-column elementor-col-100 elementor-top-column elementor-element elementor-element-53883ca\" data-id=\"53883ca\" data-element_type=\"column\" data-e-type=\"column\">\n\t\t\t<div class=\"elementor-widget-wrap elementor-element-populated\">\n\t\t\t\t\t\t<div class=\"elementor-element elementor-element-68d671f5 elementor-widget elementor-widget-image\" data-id=\"68d671f5\" data-element_type=\"widget\" data-e-type=\"widget\" data-widget_type=\"image.default\">\n\t\t\t\t<div class=\"elementor-widget-container\">\n\t\t\t\t\t\t\t\t\t\t\t\t\t\t\t<img decoding=\"async\" width=\"170\" height=\"170\" src=\"https:\/\/www.brazilecotour.com\/wp-content\/uploads\/2021\/08\/signpost.png\" class=\"attachment-large size-large wp-image-22971\" alt=\"\" srcset=\"https:\/\/www.brazilecotour.com\/wp-content\/uploads\/2021\/08\/signpost.png 170w, https:\/\/www.brazilecotour.com\/wp-content\/uploads\/2021\/08\/signpost-150x150.png 150w\" sizes=\"(max-width: 170px) 100vw, 170px\" \/>\t\t\t\t\t\t\t\t\t\t\t\t\t\t\t<\/div>\n\t\t\t\t<\/div>\n\t\t\t\t<div class=\"elementor-element elementor-element-6795a10e elementor-invisible elementor-widget elementor-widget-heading\" data-id=\"6795a10e\" data-element_type=\"widget\" data-e-type=\"widget\" data-settings=\"{&quot;_animation&quot;:&quot;fadeInUp&quot;,&quot;_animation_delay&quot;:400}\" data-widget_type=\"heading.default\">\n\t\t\t\t<div class=\"elementor-widget-container\">\n\t\t\t\t\t<h1 class=\"elementor-heading-title elementor-size-default\">La Rotta delle Emozioni: Un Viaggio Indimenticabile nel Cuore del Nordest Brasiliano\n\n<\/h1>\t\t\t\t<\/div>\n\t\t\t\t<\/div>\n\t\t\t\t\t<\/div>\n\t\t<\/div>\n\t\t\t\t\t<\/div>\n\t\t<\/section>\n\t\t\t\t<section class=\"elementor-section elementor-top-section elementor-element elementor-element-2472dd2e elementor-section-boxed elementor-section-height-default elementor-section-height-default\" data-id=\"2472dd2e\" data-element_type=\"section\" data-e-type=\"section\" data-settings=\"{&quot;background_background&quot;:&quot;classic&quot;}\">\n\t\t\t\t\t\t<div class=\"elementor-container elementor-column-gap-default\">\n\t\t\t\t\t<div class=\"elementor-column elementor-col-100 elementor-top-column elementor-element elementor-element-2e1b189\" data-id=\"2e1b189\" data-element_type=\"column\" data-e-type=\"column\">\n\t\t\t<div class=\"elementor-widget-wrap elementor-element-populated\">\n\t\t\t\t\t\t<div class=\"elementor-element elementor-element-680403d6 elementor-invisible elementor-widget elementor-widget-text-editor\" data-id=\"680403d6\" data-element_type=\"widget\" data-e-type=\"widget\" data-settings=\"{&quot;_animation&quot;:&quot;fadeInUp&quot;,&quot;_animation_delay&quot;:500}\" data-widget_type=\"text-editor.default\">\n\t\t\t\t<div class=\"elementor-widget-container\">\n\t\t\t\t\t\t\t\t\t<div class=\"flex max-w-full flex-col flex-grow\"><div class=\"min-h-[20px] text-message flex w-full flex-col items-end gap-2 whitespace-pre-wrap break-words [.text-message+&amp;]:mt-5 overflow-x-auto\" dir=\"auto\" data-message-author-role=\"assistant\" data-message-id=\"2da28c67-2591-4176-a5d3-5f51e71939ac\"><div class=\"flex w-full flex-col gap-1 empty:hidden first:pt-[3px]\"><div class=\"markdown prose w-full break-words dark:prose-invert dark\"><p>La Rotta delle Emozioni \u00e8 un viaggio unico che attraversa il cuore del Nordest del Brasile, collegando le meravigliose regioni dei Len\u00e7\u00f3is Maranhenses, del Delta del Parna\u00edba e di Jericoacoara. Questo itinerario offre paesaggi mozzafiato, tra dune di sabbia bianca, lagune cristalline e spiagge paradisiache. \u00c8 un percorso ideale per chi cerca avventura, relax e un&#8217;immersione nella cultura locale, promettendo esperienze indimenticabili e una connessione profonda con la natura.<\/p><\/div><\/div><\/div><\/div><h4>\u00a0<\/h4>\t\t\t\t\t\t\t\t<\/div>\n\t\t\t\t<\/div>\n\t\t\t\t\t<\/div>\n\t\t<\/div>\n\t\t\t\t\t<\/div>\n\t\t<\/section>\n\t\t\t\t<section class=\"elementor-section elementor-top-section elementor-element elementor-element-a5e0a48 elementor-section-boxed elementor-section-height-default elementor-section-height-default\" data-id=\"a5e0a48\" data-element_type=\"section\" data-e-type=\"section\" data-settings=\"{&quot;background_background&quot;:&quot;classic&quot;}\">\n\t\t\t\t\t\t<div class=\"elementor-container elementor-column-gap-default\">\n\t\t\t\t\t<div class=\"elementor-column elementor-col-100 elementor-top-column elementor-element elementor-element-27244c77\" data-id=\"27244c77\" data-element_type=\"column\" data-e-type=\"column\">\n\t\t\t<div class=\"elementor-widget-wrap elementor-element-populated\">\n\t\t\t\t\t\t<section class=\"elementor-section elementor-inner-section elementor-element elementor-element-214ef62d elementor-section-boxed elementor-section-height-default elementor-section-height-default\" data-id=\"214ef62d\" data-element_type=\"section\" data-e-type=\"section\">\n\t\t\t\t\t\t<div class=\"elementor-container elementor-column-gap-default\">\n\t\t\t\t\t<div class=\"elementor-column elementor-col-50 elementor-inner-column elementor-element elementor-element-1d908708 elementor-invisible\" data-id=\"1d908708\" data-element_type=\"column\" data-e-type=\"column\" data-settings=\"{&quot;animation&quot;:&quot;fadeInLeft&quot;,&quot;animation_delay&quot;:300}\">\n\t\t\t<div class=\"elementor-widget-wrap elementor-element-populated\">\n\t\t\t\t\t\t<div class=\"elementor-element elementor-element-43ade101 elementor-widget elementor-widget-image\" data-id=\"43ade101\" data-element_type=\"widget\" data-e-type=\"widget\" data-widget_type=\"image.default\">\n\t\t\t\t<div class=\"elementor-widget-container\">\n\t\t\t\t\t\t\t\t\t\t\t\t\t\t\t<img fetchpriority=\"high\" decoding=\"async\" width=\"800\" height=\"800\" src=\"https:\/\/www.brazilecotour.com\/wp-content\/uploads\/2018\/08\/lencois-maranheneses.png\" class=\"attachment-full size-full wp-image-8272\" alt=\"\" srcset=\"https:\/\/www.brazilecotour.com\/wp-content\/uploads\/2018\/08\/lencois-maranheneses.png 800w, https:\/\/www.brazilecotour.com\/wp-content\/uploads\/2018\/08\/lencois-maranheneses-150x150.png 150w, https:\/\/www.brazilecotour.com\/wp-content\/uploads\/2018\/08\/lencois-maranheneses-300x300.png 300w, https:\/\/www.brazilecotour.com\/wp-content\/uploads\/2018\/08\/lencois-maranheneses-768x768.png 768w, https:\/\/www.brazilecotour.com\/wp-content\/uploads\/2018\/08\/lencois-maranheneses-440x440.png 440w, https:\/\/www.brazilecotour.com\/wp-content\/uploads\/2018\/08\/lencois-maranheneses-456x456.png 456w, https:\/\/www.brazilecotour.com\/wp-content\/uploads\/2018\/08\/lencois-maranheneses-480x480.png 480w, https:\/\/www.brazilecotour.com\/wp-content\/uploads\/2018\/08\/lencois-maranheneses-109x109.png 109w, https:\/\/www.brazilecotour.com\/wp-content\/uploads\/2018\/08\/lencois-maranheneses-100x100.png 100w\" sizes=\"(max-width: 800px) 100vw, 800px\" \/>\t\t\t\t\t\t\t\t\t\t\t\t\t\t\t<\/div>\n\t\t\t\t<\/div>\n\t\t\t\t\t<\/div>\n\t\t<\/div>\n\t\t\t\t<div class=\"elementor-column elementor-col-50 elementor-inner-column elementor-element elementor-element-3c5b7713 elementor-invisible\" data-id=\"3c5b7713\" data-element_type=\"column\" data-e-type=\"column\" data-settings=\"{&quot;background_background&quot;:&quot;classic&quot;,&quot;animation&quot;:&quot;fadeInRight&quot;,&quot;animation_delay&quot;:350}\">\n\t\t\t<div class=\"elementor-widget-wrap elementor-element-populated\">\n\t\t\t\t\t\t<div class=\"elementor-element elementor-element-6c4b858d elementor-invisible elementor-widget elementor-widget-heading\" data-id=\"6c4b858d\" data-element_type=\"widget\" data-e-type=\"widget\" data-settings=\"{&quot;_animation&quot;:&quot;fadeInUp&quot;,&quot;_animation_delay&quot;:500}\" data-widget_type=\"heading.default\">\n\t\t\t\t<div class=\"elementor-widget-container\">\n\t\t\t\t\t<h2 class=\"elementor-heading-title elementor-size-default\">Le Tappe Imperdibili della Rotta delle Emozioni\n\n<\/h2>\t\t\t\t<\/div>\n\t\t\t\t<\/div>\n\t\t\t\t<div class=\"elementor-element elementor-element-29dcf6a0 elementor-invisible elementor-widget elementor-widget-heading\" data-id=\"29dcf6a0\" data-element_type=\"widget\" data-e-type=\"widget\" data-settings=\"{&quot;_animation&quot;:&quot;fadeInUp&quot;,&quot;_animation_delay&quot;:400}\" data-widget_type=\"heading.default\">\n\t\t\t\t<div class=\"elementor-widget-container\">\n\t\t\t\t\t<h3 class=\"elementor-heading-title elementor-size-default\">I Len\u00e7\u00f3is Maranhenses:\n\n<\/h3>\t\t\t\t<\/div>\n\t\t\t\t<\/div>\n\t\t\t\t<div class=\"elementor-element elementor-element-512db282 elementor-invisible elementor-widget elementor-widget-text-editor\" data-id=\"512db282\" data-element_type=\"widget\" data-e-type=\"widget\" data-settings=\"{&quot;_animation&quot;:&quot;fadeInUp&quot;,&quot;_animation_delay&quot;:500}\" data-widget_type=\"text-editor.default\">\n\t\t\t\t<div class=\"elementor-widget-container\">\n\t\t\t\t\t\t\t\t\t<div class=\"flex max-w-full flex-col flex-grow\"><div class=\"min-h-[20px] text-message flex w-full flex-col items-end gap-2 whitespace-pre-wrap break-words [.text-message+&amp;]:mt-5 overflow-x-auto\" dir=\"auto\" data-message-author-role=\"assistant\" data-message-id=\"c148345d-6d8d-43d0-a076-fe64dd66b4ae\"><div class=\"flex w-full flex-col gap-1 empty:hidden first:pt-[3px]\"><div class=\"markdown prose w-full break-words dark:prose-invert dark\"><p>La prima tappa della Rotta delle Emozioni inizia generalmente ai Len\u00e7\u00f3is Maranhenses, un parco nazionale famoso per le sue dune di sabbia bianca intervallate da lagune d&#8217;acqua dolce. Durante la stagione delle piogge, le lagune si riempiono, creando un contrasto sorprendente con la sabbia. I visitatori possono passeggiare in questo paesaggio surreale, fare il bagno nelle lagune e ammirare tramonti indimenticabili. Questo luogo offre un&#8217;esperienza unica per chi ama la natura e i panorami spettacolari.<\/p><\/div><\/div><\/div><\/div>\t\t\t\t\t\t\t\t<\/div>\n\t\t\t\t<\/div>\n\t\t\t\t\t<\/div>\n\t\t<\/div>\n\t\t\t\t\t<\/div>\n\t\t<\/section>\n\t\t\t\t<section class=\"elementor-section elementor-inner-section elementor-element elementor-element-36282a84 elementor-section-boxed elementor-section-height-default elementor-section-height-default\" data-id=\"36282a84\" data-element_type=\"section\" data-e-type=\"section\">\n\t\t\t\t\t\t<div class=\"elementor-container elementor-column-gap-default\">\n\t\t\t\t\t<div class=\"elementor-column elementor-col-50 elementor-inner-column elementor-element elementor-element-51e6bfe8 elementor-invisible\" data-id=\"51e6bfe8\" data-element_type=\"column\" data-e-type=\"column\" data-settings=\"{&quot;animation&quot;:&quot;fadeInLeft&quot;,&quot;animation_delay&quot;:300}\">\n\t\t\t<div class=\"elementor-widget-wrap elementor-element-populated\">\n\t\t\t\t\t\t<div class=\"elementor-element elementor-element-865fda5 elementor-widget elementor-widget-image\" data-id=\"865fda5\" data-element_type=\"widget\" data-e-type=\"widget\" data-widget_type=\"image.default\">\n\t\t\t\t<div class=\"elementor-widget-container\">\n\t\t\t\t\t\t\t\t\t\t\t\t\t\t\t<img decoding=\"async\" width=\"1500\" height=\"1009\" src=\"https:\/\/www.brazilecotour.com\/wp-content\/uploads\/2017\/05\/delta-of-parnaiba-www.brazilecotour.com-guaras-2016-2.jpg\" class=\"attachment-full size-full wp-image-7967\" alt=\"\" srcset=\"https:\/\/www.brazilecotour.com\/wp-content\/uploads\/2017\/05\/delta-of-parnaiba-www.brazilecotour.com-guaras-2016-2.jpg 1500w, https:\/\/www.brazilecotour.com\/wp-content\/uploads\/2017\/05\/delta-of-parnaiba-www.brazilecotour.com-guaras-2016-2-300x202.jpg 300w, https:\/\/www.brazilecotour.com\/wp-content\/uploads\/2017\/05\/delta-of-parnaiba-www.brazilecotour.com-guaras-2016-2-768x517.jpg 768w, https:\/\/www.brazilecotour.com\/wp-content\/uploads\/2017\/05\/delta-of-parnaiba-www.brazilecotour.com-guaras-2016-2-1024x689.jpg 1024w, https:\/\/www.brazilecotour.com\/wp-content\/uploads\/2017\/05\/delta-of-parnaiba-www.brazilecotour.com-guaras-2016-2-960x646.jpg 960w, https:\/\/www.brazilecotour.com\/wp-content\/uploads\/2017\/05\/delta-of-parnaiba-www.brazilecotour.com-guaras-2016-2-440x296.jpg 440w\" sizes=\"(max-width: 1500px) 100vw, 1500px\" \/>\t\t\t\t\t\t\t\t\t\t\t\t\t\t\t<\/div>\n\t\t\t\t<\/div>\n\t\t\t\t\t<\/div>\n\t\t<\/div>\n\t\t\t\t<div class=\"elementor-column elementor-col-50 elementor-inner-column elementor-element elementor-element-3c074204 elementor-invisible\" data-id=\"3c074204\" data-element_type=\"column\" data-e-type=\"column\" data-settings=\"{&quot;background_background&quot;:&quot;classic&quot;,&quot;animation&quot;:&quot;fadeInRight&quot;,&quot;animation_delay&quot;:350}\">\n\t\t\t<div class=\"elementor-widget-wrap elementor-element-populated\">\n\t\t\t\t\t\t<div class=\"elementor-element elementor-element-651c7156 elementor-invisible elementor-widget elementor-widget-heading\" data-id=\"651c7156\" data-element_type=\"widget\" data-e-type=\"widget\" data-settings=\"{&quot;_animation&quot;:&quot;fadeInUp&quot;,&quot;_animation_delay&quot;:500}\" data-widget_type=\"heading.default\">\n\t\t\t\t<div class=\"elementor-widget-container\">\n\t\t\t\t\t<h2 class=\"elementor-heading-title elementor-size-default\">Il Delta del Parna\u00edba\n\n<\/h2>\t\t\t\t<\/div>\n\t\t\t\t<\/div>\n\t\t\t\t<div class=\"elementor-element elementor-element-37d480f9 elementor-invisible elementor-widget elementor-widget-text-editor\" data-id=\"37d480f9\" data-element_type=\"widget\" data-e-type=\"widget\" data-settings=\"{&quot;_animation&quot;:&quot;fadeInUp&quot;,&quot;_animation_delay&quot;:500}\" data-widget_type=\"text-editor.default\">\n\t\t\t\t<div class=\"elementor-widget-container\">\n\t\t\t\t\t\t\t\t\t<p>La seconda tappa del viaggio ti conduce al Delta del Parna\u00edba, uno dei pochi delta al mondo in mare aperto. Questo labirinto di canali, isole e mangrovie ospita una biodiversit\u00e0 straordinaria, tra cui scimmie, uccelli esotici e caimani. Un&#8217;escursione in barca attraverso il delta \u00e8 un&#8217;avventura a s\u00e9 stante, offrendo viste mozzafiato sulla fauna e flora locali. \u00c8 un&#8217;esperienza imperdibile per chi ama la natura e desidera esplorare un ecosistema unico nel suo genere.<\/p>\t\t\t\t\t\t\t\t<\/div>\n\t\t\t\t<\/div>\n\t\t\t\t\t<\/div>\n\t\t<\/div>\n\t\t\t\t\t<\/div>\n\t\t<\/section>\n\t\t\t\t<section class=\"elementor-section elementor-inner-section elementor-element elementor-element-377e5aa9 elementor-section-boxed elementor-section-height-default elementor-section-height-default\" data-id=\"377e5aa9\" data-element_type=\"section\" data-e-type=\"section\">\n\t\t\t\t\t\t<div class=\"elementor-container elementor-column-gap-default\">\n\t\t\t\t\t<div class=\"elementor-column elementor-col-50 elementor-inner-column elementor-element elementor-element-30c93337 elementor-invisible\" data-id=\"30c93337\" data-element_type=\"column\" data-e-type=\"column\" data-settings=\"{&quot;animation&quot;:&quot;fadeInLeft&quot;,&quot;animation_delay&quot;:300}\">\n\t\t\t<div class=\"elementor-widget-wrap elementor-element-populated\">\n\t\t\t\t\t\t<div class=\"elementor-element elementor-element-eda53e1 elementor-widget elementor-widget-image\" data-id=\"eda53e1\" data-element_type=\"widget\" data-e-type=\"widget\" data-widget_type=\"image.default\">\n\t\t\t\t<div class=\"elementor-widget-container\">\n\t\t\t\t\t\t\t\t\t\t\t\t\t\t\t<img loading=\"lazy\" decoding=\"async\" width=\"640\" height=\"801\" src=\"https:\/\/www.brazilecotour.com\/wp-content\/uploads\/2021\/02\/jericoacoara-beach-.jpg\" class=\"attachment-full size-full wp-image-16763\" alt=\"jericoacoara beach\" srcset=\"https:\/\/www.brazilecotour.com\/wp-content\/uploads\/2021\/02\/jericoacoara-beach-.jpg 640w, https:\/\/www.brazilecotour.com\/wp-content\/uploads\/2021\/02\/jericoacoara-beach--240x300.jpg 240w\" sizes=\"(max-width: 640px) 100vw, 640px\" \/>\t\t\t\t\t\t\t\t\t\t\t\t\t\t\t<\/div>\n\t\t\t\t<\/div>\n\t\t\t\t\t<\/div>\n\t\t<\/div>\n\t\t\t\t<div class=\"elementor-column elementor-col-50 elementor-inner-column elementor-element elementor-element-3971f923 elementor-invisible\" data-id=\"3971f923\" data-element_type=\"column\" data-e-type=\"column\" data-settings=\"{&quot;background_background&quot;:&quot;classic&quot;,&quot;animation&quot;:&quot;fadeInRight&quot;,&quot;animation_delay&quot;:350}\">\n\t\t\t<div class=\"elementor-widget-wrap elementor-element-populated\">\n\t\t\t\t\t\t<div class=\"elementor-element elementor-element-31bc8701 elementor-invisible elementor-widget elementor-widget-heading\" data-id=\"31bc8701\" data-element_type=\"widget\" data-e-type=\"widget\" data-settings=\"{&quot;_animation&quot;:&quot;fadeInUp&quot;,&quot;_animation_delay&quot;:500}\" data-widget_type=\"heading.default\">\n\t\t\t\t<div class=\"elementor-widget-container\">\n\t\t\t\t\t<h2 class=\"elementor-heading-title elementor-size-default\">Jericoacoara<\/h2>\t\t\t\t<\/div>\n\t\t\t\t<\/div>\n\t\t\t\t<div class=\"elementor-element elementor-element-2cd5fb73 elementor-invisible elementor-widget elementor-widget-text-editor\" data-id=\"2cd5fb73\" data-element_type=\"widget\" data-e-type=\"widget\" data-settings=\"{&quot;_animation&quot;:&quot;fadeInUp&quot;,&quot;_animation_delay&quot;:500}\" data-widget_type=\"text-editor.default\">\n\t\t\t\t<div class=\"elementor-widget-container\">\n\t\t\t\t\t\t\t\t\t<p>L&#8217;ultima tappa della Rotta delle Emozioni \u00e8 Jericoacoara, spesso chiamata &#8220;Jeri&#8221;. Questo isolato villaggio di pescatori \u00e8 diventato una destinazione di fama mondiale per le sue spiagge paradisiache, le impressionanti dune di sabbia e l&#8217;atmosfera rilassata. Jericoacoara \u00e8 anche famosa per i suoi spettacolari tramonti, che si possono ammirare dalla &#8220;Duna do P\u00f4r do Sol&#8221;. Questo luogo incantevole offre un&#8217;esperienza unica e indimenticabile, perfetta per chi cerca relax e contatto con la natura.<\/p>\t\t\t\t\t\t\t\t<\/div>\n\t\t\t\t<\/div>\n\t\t\t\t\t<\/div>\n\t\t<\/div>\n\t\t\t\t\t<\/div>\n\t\t<\/section>\n\t\t\t\t<section class=\"elementor-section elementor-inner-section elementor-element elementor-element-55fc2d2 elementor-section-boxed elementor-section-height-default elementor-section-height-default\" data-id=\"55fc2d2\" data-element_type=\"section\" data-e-type=\"section\">\n\t\t\t\t\t\t<div class=\"elementor-container elementor-column-gap-default\">\n\t\t\t\t\t<div class=\"elementor-column elementor-col-50 elementor-inner-column elementor-element elementor-element-b60b32d elementor-invisible\" data-id=\"b60b32d\" data-element_type=\"column\" data-e-type=\"column\" data-settings=\"{&quot;animation&quot;:&quot;fadeInLeft&quot;,&quot;animation_delay&quot;:300}\">\n\t\t\t<div class=\"elementor-widget-wrap elementor-element-populated\">\n\t\t\t\t\t\t<div class=\"elementor-element elementor-element-d9e6867 elementor-widget elementor-widget-image\" data-id=\"d9e6867\" data-element_type=\"widget\" data-e-type=\"widget\" data-widget_type=\"image.default\">\n\t\t\t\t<div class=\"elementor-widget-container\">\n\t\t\t\t\t\t\t\t\t\t\t\t\t\t\t<img loading=\"lazy\" decoding=\"async\" width=\"819\" height=\"1024\" src=\"https:\/\/www.brazilecotour.com\/wp-content\/uploads\/2022\/02\/fortaleza-jericoacoara-barra-grande-kitesurf.webp\" class=\"attachment-full size-full wp-image-24368\" alt=\"\" srcset=\"https:\/\/www.brazilecotour.com\/wp-content\/uploads\/2022\/02\/fortaleza-jericoacoara-barra-grande-kitesurf.webp 819w, https:\/\/www.brazilecotour.com\/wp-content\/uploads\/2022\/02\/fortaleza-jericoacoara-barra-grande-kitesurf-240x300.webp 240w, https:\/\/www.brazilecotour.com\/wp-content\/uploads\/2022\/02\/fortaleza-jericoacoara-barra-grande-kitesurf-768x960.webp 768w\" sizes=\"(max-width: 819px) 100vw, 819px\" \/>\t\t\t\t\t\t\t\t\t\t\t\t\t\t\t<\/div>\n\t\t\t\t<\/div>\n\t\t\t\t<div class=\"elementor-element elementor-element-c7e4959 elementor-widget elementor-widget-image\" data-id=\"c7e4959\" data-element_type=\"widget\" data-e-type=\"widget\" data-widget_type=\"image.default\">\n\t\t\t\t<div class=\"elementor-widget-container\">\n\t\t\t\t\t\t\t\t\t\t\t\t\t\t\t<img loading=\"lazy\" decoding=\"async\" width=\"1080\" height=\"1094\" src=\"https:\/\/www.brazilecotour.com\/wp-content\/uploads\/2017\/05\/jericoacoara-brazil-1.jpeg\" class=\"attachment-full size-full wp-image-8372\" alt=\"buggy tour jericoacoara brazil\" srcset=\"https:\/\/www.brazilecotour.com\/wp-content\/uploads\/2017\/05\/jericoacoara-brazil-1.jpeg 1080w, https:\/\/www.brazilecotour.com\/wp-content\/uploads\/2017\/05\/jericoacoara-brazil-1-296x300.jpeg 296w, https:\/\/www.brazilecotour.com\/wp-content\/uploads\/2017\/05\/jericoacoara-brazil-1-1011x1024.jpeg 1011w, https:\/\/www.brazilecotour.com\/wp-content\/uploads\/2017\/05\/jericoacoara-brazil-1-768x778.jpeg 768w\" sizes=\"(max-width: 1080px) 100vw, 1080px\" \/>\t\t\t\t\t\t\t\t\t\t\t\t\t\t\t<\/div>\n\t\t\t\t<\/div>\n\t\t\t\t\t<\/div>\n\t\t<\/div>\n\t\t\t\t<div class=\"elementor-column elementor-col-50 elementor-inner-column elementor-element elementor-element-d6605b7 elementor-invisible\" data-id=\"d6605b7\" data-element_type=\"column\" data-e-type=\"column\" data-settings=\"{&quot;background_background&quot;:&quot;classic&quot;,&quot;animation&quot;:&quot;fadeInRight&quot;,&quot;animation_delay&quot;:350}\">\n\t\t\t<div class=\"elementor-widget-wrap elementor-element-populated\">\n\t\t\t\t\t\t<div class=\"elementor-element elementor-element-df215da elementor-invisible elementor-widget elementor-widget-heading\" data-id=\"df215da\" data-element_type=\"widget\" data-e-type=\"widget\" data-settings=\"{&quot;_animation&quot;:&quot;fadeInUp&quot;,&quot;_animation_delay&quot;:500}\" data-widget_type=\"heading.default\">\n\t\t\t\t<div class=\"elementor-widget-container\">\n\t\t\t\t\t<h2 class=\"elementor-heading-title elementor-size-default\">Attivit\u00e0 ed Esperienze Indimenticabili\n\n<\/h2>\t\t\t\t<\/div>\n\t\t\t\t<\/div>\n\t\t\t\t<div class=\"elementor-element elementor-element-f7c6e7f elementor-invisible elementor-widget elementor-widget-text-editor\" data-id=\"f7c6e7f\" data-element_type=\"widget\" data-e-type=\"widget\" data-settings=\"{&quot;_animation&quot;:&quot;fadeInUp&quot;,&quot;_animation_delay&quot;:500}\" data-widget_type=\"text-editor.default\">\n\t\t\t\t<div class=\"elementor-widget-container\">\n\t\t\t\t\t\t\t\t\t<ul><li><p><strong>Kitesurf e Windsurf:<\/strong> Le coste ventose di Jericoacoara e dei dintorni sono ideali per gli amanti degli sport acquatici. Sia che tu sia un principiante o un esperto, le condizioni sono perfette per praticare kitesurf o windsurf.<\/p><\/li><li><p><strong>Escursioni e Esplorazioni:<\/strong> Lungo la Rotta delle Emozioni, ci sono molte opportunit\u00e0 per fare escursioni. Esplora le dune dei Len\u00e7\u00f3is Maranhenses, fai un trekking nel Delta del Parna\u00edba o passeggia per le strade sabbiose di Jericoacoara.<\/p><\/li><li><p><strong>Osservazione della Fauna:<\/strong> Il Delta del Parna\u00edba \u00e8 un vero santuario per la fauna selvatica. Unisciti a un&#8217;escursione in barca per osservare da vicino animali come caimani e uccelli colorati.<\/p><\/li><li><p><strong>Immersione Culturale:<\/strong> Scopri le tradizioni locali visitando le piccole comunit\u00e0 di pescatori lungo il percorso. Assaggia le specialit\u00e0 culinarie della regione, come pesce fresco, frutti di mare e piatti tipici del Nordeste.<\/p><\/li><\/ul>\t\t\t\t\t\t\t\t<\/div>\n\t\t\t\t<\/div>\n\t\t\t\t\t<\/div>\n\t\t<\/div>\n\t\t\t\t\t<\/div>\n\t\t<\/section>\n\t\t\t\t<section class=\"elementor-section elementor-inner-section elementor-element elementor-element-c2228e4 elementor-section-boxed elementor-section-height-default elementor-section-height-default\" data-id=\"c2228e4\" data-element_type=\"section\" data-e-type=\"section\">\n\t\t\t\t\t\t<div class=\"elementor-container elementor-column-gap-default\">\n\t\t\t\t\t<div class=\"elementor-column elementor-col-50 elementor-inner-column elementor-element elementor-element-3510f1c elementor-invisible\" data-id=\"3510f1c\" data-element_type=\"column\" data-e-type=\"column\" data-settings=\"{&quot;animation&quot;:&quot;fadeInLeft&quot;,&quot;animation_delay&quot;:300}\">\n\t\t\t<div class=\"elementor-widget-wrap elementor-element-populated\">\n\t\t\t\t\t\t<div class=\"elementor-element elementor-element-37b27eb elementor-widget elementor-widget-image\" data-id=\"37b27eb\" data-element_type=\"widget\" data-e-type=\"widget\" data-widget_type=\"image.default\">\n\t\t\t\t<div class=\"elementor-widget-container\">\n\t\t\t\t\t\t\t\t\t\t\t\t\t\t\t<img loading=\"lazy\" decoding=\"async\" width=\"1500\" height=\"999\" src=\"https:\/\/www.brazilecotour.com\/wp-content\/uploads\/2017\/05\/15020556793_97eb09e7c6_o-1.jpg\" class=\"attachment-full size-full wp-image-8016\" alt=\"jericoacoara-agence-de-voyage plage\" srcset=\"https:\/\/www.brazilecotour.com\/wp-content\/uploads\/2017\/05\/15020556793_97eb09e7c6_o-1.jpg 1500w, https:\/\/www.brazilecotour.com\/wp-content\/uploads\/2017\/05\/15020556793_97eb09e7c6_o-1-300x200.jpg 300w, https:\/\/www.brazilecotour.com\/wp-content\/uploads\/2017\/05\/15020556793_97eb09e7c6_o-1-768x511.jpg 768w, https:\/\/www.brazilecotour.com\/wp-content\/uploads\/2017\/05\/15020556793_97eb09e7c6_o-1-1024x682.jpg 1024w, https:\/\/www.brazilecotour.com\/wp-content\/uploads\/2017\/05\/15020556793_97eb09e7c6_o-1-960x639.jpg 960w, https:\/\/www.brazilecotour.com\/wp-content\/uploads\/2017\/05\/15020556793_97eb09e7c6_o-1-440x293.jpg 440w\" sizes=\"(max-width: 1500px) 100vw, 1500px\" \/>\t\t\t\t\t\t\t\t\t\t\t\t\t\t\t<\/div>\n\t\t\t\t<\/div>\n\t\t\t\t<div class=\"elementor-element elementor-element-dac77b2 elementor-widget elementor-widget-image\" data-id=\"dac77b2\" data-element_type=\"widget\" data-e-type=\"widget\" data-widget_type=\"image.default\">\n\t\t\t\t<div class=\"elementor-widget-container\">\n\t\t\t\t\t\t\t\t\t\t\t\t\t\t\t<img loading=\"lazy\" decoding=\"async\" width=\"1024\" height=\"1024\" src=\"https:\/\/www.brazilecotour.com\/wp-content\/uploads\/2022\/02\/Natal-Fortaleza-4x4-tours-jericoacoara-lencois-maranhenses.webp\" class=\"attachment-full size-full wp-image-24321\" alt=\"\" srcset=\"https:\/\/www.brazilecotour.com\/wp-content\/uploads\/2022\/02\/Natal-Fortaleza-4x4-tours-jericoacoara-lencois-maranhenses.webp 1024w, https:\/\/www.brazilecotour.com\/wp-content\/uploads\/2022\/02\/Natal-Fortaleza-4x4-tours-jericoacoara-lencois-maranhenses-300x300.webp 300w, https:\/\/www.brazilecotour.com\/wp-content\/uploads\/2022\/02\/Natal-Fortaleza-4x4-tours-jericoacoara-lencois-maranhenses-150x150.webp 150w, https:\/\/www.brazilecotour.com\/wp-content\/uploads\/2022\/02\/Natal-Fortaleza-4x4-tours-jericoacoara-lencois-maranhenses-768x768.webp 768w, https:\/\/www.brazilecotour.com\/wp-content\/uploads\/2022\/02\/elementor\/thumbs\/Natal-Fortaleza-4x4-tours-jericoacoara-lencois-maranhenses-pjvtwb8yskrvqgdloxer7qc9bsgivwx0k7kdxco1k8.webp 740w\" sizes=\"(max-width: 1024px) 100vw, 1024px\" \/>\t\t\t\t\t\t\t\t\t\t\t\t\t\t\t<\/div>\n\t\t\t\t<\/div>\n\t\t\t\t\t<\/div>\n\t\t<\/div>\n\t\t\t\t<div class=\"elementor-column elementor-col-50 elementor-inner-column elementor-element elementor-element-591ab06 elementor-invisible\" data-id=\"591ab06\" data-element_type=\"column\" data-e-type=\"column\" data-settings=\"{&quot;background_background&quot;:&quot;classic&quot;,&quot;animation&quot;:&quot;fadeInRight&quot;,&quot;animation_delay&quot;:350}\">\n\t\t\t<div class=\"elementor-widget-wrap elementor-element-populated\">\n\t\t\t\t\t\t<div class=\"elementor-element elementor-element-95ea89f elementor-invisible elementor-widget elementor-widget-heading\" data-id=\"95ea89f\" data-element_type=\"widget\" data-e-type=\"widget\" data-settings=\"{&quot;_animation&quot;:&quot;fadeInUp&quot;,&quot;_animation_delay&quot;:500}\" data-widget_type=\"heading.default\">\n\t\t\t\t<div class=\"elementor-widget-container\">\n\t\t\t\t\t<h2 class=\"elementor-heading-title elementor-size-default\">Consigli Pratici Per Viaggiare\n\n\n\n\n\n<\/h2>\t\t\t\t<\/div>\n\t\t\t\t<\/div>\n\t\t\t\t<div class=\"elementor-element elementor-element-7fdb0d6 elementor-invisible elementor-widget elementor-widget-text-editor\" data-id=\"7fdb0d6\" data-element_type=\"widget\" data-e-type=\"widget\" data-settings=\"{&quot;_animation&quot;:&quot;fadeInUp&quot;,&quot;_animation_delay&quot;:500}\" data-widget_type=\"text-editor.default\">\n\t\t\t\t<div class=\"elementor-widget-container\">\n\t\t\t\t\t\t\t\t\t<div><span style=\"font-size: 1.1em; letter-spacing: -0.4px;\">\u00a0<\/span><\/div><div>La Route des \u00c9motions \u00e8 un percorso che pu\u00f2 essere affrontato con un veicolo fuoristrada o un 4&#215;4, con opzioni per escursioni guidate o autonome. Si consiglia di pianificare il viaggio in base alle stagioni, poich\u00e9 alcune zone, come i Len\u00e7\u00f3is Maranhenses, sono pi\u00f9 spettacolari dopo la stagione delle piogge.<\/div><div>\u00a0<\/div><div>Per quanto riguarda l&#8217;alloggio, troverete opzioni varie, dalle pousadas locali agli hotel pi\u00f9 lussuosi, adatti a tutti i budget. Assicuratevi di prenotare in anticipo, specialmente durante i periodi di alta stagione turistica.<\/div>\t\t\t\t\t\t\t\t<\/div>\n\t\t\t\t<\/div>\n\t\t\t\t\t<\/div>\n\t\t<\/div>\n\t\t\t\t\t<\/div>\n\t\t<\/section>\n\t\t\t\t<section class=\"elementor-section elementor-inner-section elementor-element elementor-element-ee4c495 elementor-section-boxed elementor-section-height-default elementor-section-height-default\" data-id=\"ee4c495\" data-element_type=\"section\" data-e-type=\"section\">\n\t\t\t\t\t\t<div class=\"elementor-container elementor-column-gap-default\">\n\t\t\t\t\t<div class=\"elementor-column elementor-col-100 elementor-inner-column elementor-element elementor-element-fdf744b elementor-invisible\" data-id=\"fdf744b\" data-element_type=\"column\" data-e-type=\"column\" data-settings=\"{&quot;background_background&quot;:&quot;classic&quot;,&quot;animation&quot;:&quot;fadeInRight&quot;,&quot;animation_delay&quot;:350}\">\n\t\t\t<div class=\"elementor-widget-wrap elementor-element-populated\">\n\t\t\t\t\t\t<div class=\"elementor-element elementor-element-dccb65a elementor-invisible elementor-widget elementor-widget-heading\" data-id=\"dccb65a\" data-element_type=\"widget\" data-e-type=\"widget\" data-settings=\"{&quot;_animation&quot;:&quot;fadeInUp&quot;,&quot;_animation_delay&quot;:500}\" data-widget_type=\"heading.default\">\n\t\t\t\t<div class=\"elementor-widget-container\">\n\t\t\t\t\t<h2 class=\"elementor-heading-title elementor-size-default\">Conclusion<\/h2>\t\t\t\t<\/div>\n\t\t\t\t<\/div>\n\t\t\t\t<div class=\"elementor-element elementor-element-781694b elementor-invisible elementor-widget elementor-widget-text-editor\" data-id=\"781694b\" data-element_type=\"widget\" data-e-type=\"widget\" data-settings=\"{&quot;_animation&quot;:&quot;fadeInUp&quot;,&quot;_animation_delay&quot;:500}\" data-widget_type=\"text-editor.default\">\n\t\t\t\t<div class=\"elementor-widget-container\">\n\t\t\t\t\t\t\t\t\t<div class=\"flex max-w-full flex-col flex-grow\"><div class=\"min-h-[20px] text-message flex w-full flex-col items-end gap-2 whitespace-pre-wrap break-words [.text-message+&amp;]:mt-5 overflow-x-auto\" dir=\"auto\" data-message-author-role=\"assistant\" data-message-id=\"73269257-13dc-45c1-893b-8db128f3fbee\"><div class=\"flex w-full flex-col gap-1 empty:hidden first:pt-[3px]\"><div class=\"markdown prose w-full break-words dark:prose-invert light\"><div>\u00a0<\/div><div>\u00a0<span style=\"font-size: 1.1em; letter-spacing: -0.4px;\">In conclusione, la Route des \u00c9motions offre un&#8217;avventura unica, esplorabile in fuoristrada o 4&#215;4, con la possibilit\u00e0 di partecipare a escursioni guidate o autonome. Pianificare il viaggio in base alle stagioni \u00e8 fondamentale per godere appieno delle meraviglie naturali, come i Len\u00e7\u00f3is Maranhenses, che sono particolarmente spettacolari dopo la stagione delle piogge. Con una gamma di opzioni di alloggio disponibili, dalle pousadas locali agli hotel di lusso, \u00e8 importante prenotare in anticipo, soprattutto durante l&#8217;alta stagione turistica, per assicurarsi un soggiorno confortevole. Buon viaggio e buona esplorazione della Route des \u00c9motions!<\/span><\/div><\/div><\/div><\/div><\/div><div class=\"mt-1 flex gap-3 empty:hidden -ml-2\"><div class=\"items-center justify-start rounded-xl p-1 flex\"><div class=\"flex items-center\"><div class=\"flex\">\u00a0<\/div><div class=\"flex items-center pb-0\"><div class=\"[&amp;_svg]:h-full [&amp;_svg]:w-full icon-md h-4 w-4\">\u00a0<\/div><\/div><\/div><\/div><\/div>\t\t\t\t\t\t\t\t<\/div>\n\t\t\t\t<\/div>\n\t\t\t\t\t<\/div>\n\t\t<\/div>\n\t\t\t\t\t<\/div>\n\t\t<\/section>\n\t\t\t\t\t<\/div>\n\t\t<\/div>\n\t\t\t\t\t<\/div>\n\t\t<\/section>\n\t\t\t\t<section class=\"elementor-section elementor-top-section elementor-element elementor-element-1d233576 elementor-section-height-min-height elementor-section-items-stretch elementor-section-boxed elementor-section-height-default elementor-invisible\" data-id=\"1d233576\" data-element_type=\"section\" data-e-type=\"section\" data-settings=\"{&quot;background_background&quot;:&quot;classic&quot;,&quot;animation&quot;:&quot;fadeIn&quot;}\">\n\t\t\t\t\t\t\t<div class=\"elementor-background-overlay\"><\/div>\n\t\t\t\t\t\t\t<div class=\"elementor-container elementor-column-gap-default\">\n\t\t\t\t\t<div class=\"elementor-column elementor-col-100 elementor-top-column elementor-element elementor-element-1c747502\" data-id=\"1c747502\" data-element_type=\"column\" data-e-type=\"column\">\n\t\t\t<div class=\"elementor-widget-wrap elementor-element-populated\">\n\t\t\t\t\t\t<div class=\"elementor-element elementor-element-b29492e elementor-invisible elementor-widget elementor-widget-heading\" data-id=\"b29492e\" data-element_type=\"widget\" data-e-type=\"widget\" data-settings=\"{&quot;_animation&quot;:&quot;fadeInUp&quot;,&quot;_animation_delay&quot;:400}\" data-widget_type=\"heading.default\">\n\t\t\t\t<div class=\"elementor-widget-container\">\n\t\t\t\t\t<h1 class=\"elementor-heading-title elementor-size-default\">Richiedi il tuo preventivo gratuito\n\n\n\n\n\n<\/h1>\t\t\t\t<\/div>\n\t\t\t\t<\/div>\n\t\t\t\t<div class=\"elementor-element elementor-element-1b7b4c5 elementor-widget elementor-widget-shortcode\" data-id=\"1b7b4c5\" data-element_type=\"widget\" data-e-type=\"widget\" data-widget_type=\"shortcode.default\">\n\t\t\t\t<div class=\"elementor-widget-container\">\n\t\t\t\t\t\t\t<div class=\"elementor-shortcode\">\n<div class=\"wpcf7 no-js\" id=\"wpcf7-f25230-o1\" lang=\"fr-FR\" dir=\"ltr\" data-wpcf7-id=\"25230\">\n<div class=\"screen-reader-response\"><p role=\"status\" aria-live=\"polite\" aria-atomic=\"true\"><\/p> <ul><\/ul><\/div>\n<form action=\"\/it\/wp-json\/wp\/v2\/posts\/26498#wpcf7-f25230-o1\" method=\"post\" class=\"wpcf7-form init\" aria-label=\"Formulaire de contact\" novalidate=\"novalidate\" data-status=\"init\">\n<fieldset class=\"hidden-fields-container\"><input type=\"hidden\" name=\"_wpcf7\" value=\"25230\" \/><input type=\"hidden\" name=\"_wpcf7_version\" value=\"6.1.5\" \/><input type=\"hidden\" name=\"_wpcf7_locale\" value=\"fr_FR\" \/><input type=\"hidden\" name=\"_wpcf7_unit_tag\" value=\"wpcf7-f25230-o1\" \/><input type=\"hidden\" name=\"_wpcf7_container_post\" value=\"0\" \/><input type=\"hidden\" name=\"_wpcf7_posted_data_hash\" value=\"\" \/>\n<\/fieldset>\n<p><label><span style=\"background-color: #ffffff;\"> Your Name<\/span> <span class=\"wpcf7-form-control-wrap\" data-name=\"your-name\"><input size=\"40\" maxlength=\"400\" class=\"wpcf7-form-control wpcf7-text wpcf7-validates-as-required\" autocomplete=\"name\" aria-required=\"true\" aria-invalid=\"false\" value=\"\" type=\"text\" name=\"your-name\" \/><\/span> <\/label><label><span style=\"background-color: #ffffff;\"> Your Email<\/span> <span class=\"wpcf7-form-control-wrap\" data-name=\"your-email\"><input size=\"40\" maxlength=\"400\" class=\"wpcf7-form-control wpcf7-email wpcf7-validates-as-required wpcf7-text wpcf7-validates-as-email\" autocomplete=\"email\" aria-required=\"true\" aria-invalid=\"false\" value=\"\" type=\"email\" name=\"your-email\" \/><\/span> <\/label><label><span style=\"background-color: #ffffff;\"> Phone<\/span> <span class=\"wpcf7-form-control-wrap\" data-name=\"your-subject\"><input size=\"40\" maxlength=\"400\" class=\"wpcf7-form-control wpcf7-text wpcf7-validates-as-required\" aria-required=\"true\" aria-invalid=\"false\" value=\"\" type=\"text\" name=\"your-subject\" \/><\/span> <\/label><label><span style=\"background-color: #ffffff;\"> Your Message&nbsp;<\/span> <span class=\"wpcf7-form-control-wrap\" data-name=\"your-message\"><textarea cols=\"40\" rows=\"10\" maxlength=\"2000\" class=\"wpcf7-form-control wpcf7-textarea\" aria-invalid=\"false\" name=\"your-message\"><\/textarea><\/span> <\/label><input class=\"wpcf7-form-control wpcf7-submit has-spinner\" type=\"submit\" value=\"Envoyer\" \/>\n<\/p><div class=\"wpcf7-response-output\" aria-hidden=\"true\"><\/div>\n<\/form>\n<\/div>\n<\/div>\n\t\t\t\t\t\t<\/div>\n\t\t\t\t<\/div>\n\t\t\t\t\t<\/div>\n\t\t<\/div>\n\t\t\t\t\t<\/div>\n\t\t<\/section>\n\t\t\t\t<\/div>\n\t\t","protected":false},"excerpt":{"rendered":"<p>La Rotta delle Emozioni: Un Viaggio Indimenticabile nel Cuore del Nordest Brasiliano La Rotta delle Emozioni \u00e8 un viaggio unico che attraversa il cuore del Nordest del Brasile, collegando le meravigliose regioni dei Len\u00e7\u00f3is Maranhenses, del Delta del Parna\u00edba e di Jericoacoara. Questo itinerario offre paesaggi mozzafiato, tra dune di sabbia bianca, lagune cristalline e [&hellip;]<\/p>\n","protected":false},"author":2,"featured_media":26500,"comment_status":"open","ping_status":"closed","sticky":false,"template":"elementor_header_footer","format":"standard","meta":{"_coblocks_attr":"","_coblocks_dimensions":"","_coblocks_responsive_height":"","_coblocks_accordion_ie_support":"","hide_page_title":"","footnotes":""},"categories":[3279],"tags":[],"class_list":["post-26498","post","type-post","status-publish","format-standard","has-post-thumbnail","hentry","category-non-categorizzato"],"yoast_head":"<!-- This site is optimized with the Yoast SEO Premium plugin v25.9 (Yoast SEO v27.4) - https:\/\/yoast.com\/product\/yoast-seo-premium-wordpress\/ -->\n<title>La Rotta delle Emozioni: Un Viaggio Indimenticabile nel Cuore del Nordest del Brasile<\/title>\n<meta name=\"description\" content=\"La Rotta delle Emozioni: Un Viaggio Indimenticabile nel Cuore del Nordest Brasiliano La Rotta delle Emozioni \u00e8 un viaggio unico che attraversa il cuore\" \/>\n<meta name=\"robots\" content=\"index, follow, max-snippet:-1, max-image-preview:large, max-video-preview:-1\" \/>\n<link rel=\"canonical\" href=\"https:\/\/www.brazilecotour.com\/it\/la-rotta-delle-emozioni-un-viaggio-indimenticabile-nel-cuore-del-nordest-del-brasile\/\" \/>\n<meta property=\"og:locale\" content=\"it_IT\" \/>\n<meta property=\"og:type\" content=\"article\" \/>\n<meta property=\"og:title\" content=\"La Rotta delle Emozioni: Un Viaggio Indimenticabile nel Cuore del Nordest del Brasile\" \/>\n<meta property=\"og:description\" content=\"La Rotta delle Emozioni: Un Viaggio Indimenticabile nel Cuore del Nordest Brasiliano La Rotta delle Emozioni \u00e8 un viaggio unico che attraversa il cuore\" \/>\n<meta property=\"og:url\" content=\"https:\/\/www.brazilecotour.com\/it\/la-rotta-delle-emozioni-un-viaggio-indimenticabile-nel-cuore-del-nordest-del-brasile\/\" \/>\n<meta property=\"og:site_name\" content=\"Brazil Ecotour | DMC &amp; Travel agency in Brazil\" \/>\n<meta property=\"article:publisher\" content=\"https:\/\/www.facebook.com\/brazilecotour\/\" \/>\n<meta property=\"article:author\" content=\"https:\/\/www.facebook.com\/brazilecotour\/\" \/>\n<meta property=\"article:published_time\" content=\"2024-08-13T01:11:05+00:00\" \/>\n<meta property=\"article:modified_time\" content=\"2024-08-13T01:24:04+00:00\" \/>\n<meta property=\"og:image\" content=\"https:\/\/www.brazilecotour.com\/wp-content\/uploads\/2017\/12\/jericoacoara-kitesurf.jpg\" \/>\n\t<meta property=\"og:image:width\" content=\"561\" \/>\n\t<meta property=\"og:image:height\" content=\"700\" \/>\n\t<meta property=\"og:image:type\" content=\"image\/jpeg\" \/>\n<meta name=\"author\" content=\"Brazil Ecotour\" \/>\n<meta name=\"twitter:card\" content=\"summary_large_image\" \/>\n<meta name=\"twitter:creator\" content=\"@brazilecotour01\" \/>\n<meta name=\"twitter:site\" content=\"@brazilecotour01\" \/>\n<meta name=\"twitter:label1\" content=\"Scritto da\" \/>\n\t<meta name=\"twitter:data1\" content=\"Brazil Ecotour\" \/>\n\t<meta name=\"twitter:label2\" content=\"Tempo di lettura stimato\" \/>\n\t<meta name=\"twitter:data2\" content=\"6 minuti\" \/>\n<script type=\"application\/ld+json\" class=\"yoast-schema-graph\">{\"@context\":\"https:\\\/\\\/schema.org\",\"@graph\":[{\"@type\":\"Article\",\"@id\":\"https:\\\/\\\/www.brazilecotour.com\\\/it\\\/la-rotta-delle-emozioni-un-viaggio-indimenticabile-nel-cuore-del-nordest-del-brasile\\\/#article\",\"isPartOf\":{\"@id\":\"https:\\\/\\\/www.brazilecotour.com\\\/it\\\/la-rotta-delle-emozioni-un-viaggio-indimenticabile-nel-cuore-del-nordest-del-brasile\\\/\"},\"author\":{\"name\":\"Brazil Ecotour\",\"@id\":\"https:\\\/\\\/www.brazilecotour.com\\\/it\\\/#\\\/schema\\\/person\\\/bb20c278af8580ea123f7584ce5a7a83\"},\"headline\":\"La Rotta delle Emozioni: Un Viaggio Indimenticabile nel Cuore del Nordest del Brasile\",\"datePublished\":\"2024-08-13T01:11:05+00:00\",\"dateModified\":\"2024-08-13T01:24:04+00:00\",\"mainEntityOfPage\":{\"@id\":\"https:\\\/\\\/www.brazilecotour.com\\\/it\\\/la-rotta-delle-emozioni-un-viaggio-indimenticabile-nel-cuore-del-nordest-del-brasile\\\/\"},\"wordCount\":673,\"commentCount\":0,\"publisher\":{\"@id\":\"https:\\\/\\\/www.brazilecotour.com\\\/it\\\/#organization\"},\"image\":{\"@id\":\"https:\\\/\\\/www.brazilecotour.com\\\/it\\\/la-rotta-delle-emozioni-un-viaggio-indimenticabile-nel-cuore-del-nordest-del-brasile\\\/#primaryimage\"},\"thumbnailUrl\":\"https:\\\/\\\/www.brazilecotour.com\\\/wp-content\\\/uploads\\\/2017\\\/12\\\/jericoacoara-kitesurf.jpg\",\"articleSection\":[\"Non categorizzato\"],\"inLanguage\":\"it-IT\",\"potentialAction\":[{\"@type\":\"CommentAction\",\"name\":\"Comment\",\"target\":[\"https:\\\/\\\/www.brazilecotour.com\\\/it\\\/la-rotta-delle-emozioni-un-viaggio-indimenticabile-nel-cuore-del-nordest-del-brasile\\\/#respond\"]}]},{\"@type\":\"WebPage\",\"@id\":\"https:\\\/\\\/www.brazilecotour.com\\\/it\\\/la-rotta-delle-emozioni-un-viaggio-indimenticabile-nel-cuore-del-nordest-del-brasile\\\/\",\"url\":\"https:\\\/\\\/www.brazilecotour.com\\\/it\\\/la-rotta-delle-emozioni-un-viaggio-indimenticabile-nel-cuore-del-nordest-del-brasile\\\/\",\"name\":\"La Rotta delle Emozioni: Un Viaggio Indimenticabile nel Cuore del Nordest del Brasile\",\"isPartOf\":{\"@id\":\"https:\\\/\\\/www.brazilecotour.com\\\/it\\\/#website\"},\"primaryImageOfPage\":{\"@id\":\"https:\\\/\\\/www.brazilecotour.com\\\/it\\\/la-rotta-delle-emozioni-un-viaggio-indimenticabile-nel-cuore-del-nordest-del-brasile\\\/#primaryimage\"},\"image\":{\"@id\":\"https:\\\/\\\/www.brazilecotour.com\\\/it\\\/la-rotta-delle-emozioni-un-viaggio-indimenticabile-nel-cuore-del-nordest-del-brasile\\\/#primaryimage\"},\"thumbnailUrl\":\"https:\\\/\\\/www.brazilecotour.com\\\/wp-content\\\/uploads\\\/2017\\\/12\\\/jericoacoara-kitesurf.jpg\",\"datePublished\":\"2024-08-13T01:11:05+00:00\",\"dateModified\":\"2024-08-13T01:24:04+00:00\",\"description\":\"La Rotta delle Emozioni: Un Viaggio Indimenticabile nel Cuore del Nordest Brasiliano La Rotta delle Emozioni \u00e8 un viaggio unico che attraversa il cuore\",\"breadcrumb\":{\"@id\":\"https:\\\/\\\/www.brazilecotour.com\\\/it\\\/la-rotta-delle-emozioni-un-viaggio-indimenticabile-nel-cuore-del-nordest-del-brasile\\\/#breadcrumb\"},\"inLanguage\":\"it-IT\",\"potentialAction\":[{\"@type\":\"ReadAction\",\"target\":[\"https:\\\/\\\/www.brazilecotour.com\\\/it\\\/la-rotta-delle-emozioni-un-viaggio-indimenticabile-nel-cuore-del-nordest-del-brasile\\\/\"]}]},{\"@type\":\"ImageObject\",\"inLanguage\":\"it-IT\",\"@id\":\"https:\\\/\\\/www.brazilecotour.com\\\/it\\\/la-rotta-delle-emozioni-un-viaggio-indimenticabile-nel-cuore-del-nordest-del-brasile\\\/#primaryimage\",\"url\":\"https:\\\/\\\/www.brazilecotour.com\\\/wp-content\\\/uploads\\\/2017\\\/12\\\/jericoacoara-kitesurf.jpg\",\"contentUrl\":\"https:\\\/\\\/www.brazilecotour.com\\\/wp-content\\\/uploads\\\/2017\\\/12\\\/jericoacoara-kitesurf.jpg\",\"width\":561,\"height\":700,\"caption\":\"Agence de voyages dans le nordeste du Br\u00e9sil, 100% francophone, sp\u00e9cialiste dans les voyages \u00e0 la carte,et hors des sentier battus.\"},{\"@type\":\"BreadcrumbList\",\"@id\":\"https:\\\/\\\/www.brazilecotour.com\\\/it\\\/la-rotta-delle-emozioni-un-viaggio-indimenticabile-nel-cuore-del-nordest-del-brasile\\\/#breadcrumb\",\"itemListElement\":[{\"@type\":\"ListItem\",\"position\":1,\"name\":\"Accueil\",\"item\":\"https:\\\/\\\/www.brazilecotour.com\\\/it\\\/\"},{\"@type\":\"ListItem\",\"position\":2,\"name\":\"La Rotta delle Emozioni: Un Viaggio Indimenticabile nel Cuore del Nordest del Brasile\"}]},{\"@type\":\"WebSite\",\"@id\":\"https:\\\/\\\/www.brazilecotour.com\\\/it\\\/#website\",\"url\":\"https:\\\/\\\/www.brazilecotour.com\\\/it\\\/\",\"name\":\"Brazil Ecotour | DMC and Travel Agency in Brazil\",\"description\":\"Beyond Travel, Real Experiences\",\"publisher\":{\"@id\":\"https:\\\/\\\/www.brazilecotour.com\\\/it\\\/#organization\"},\"potentialAction\":[{\"@type\":\"SearchAction\",\"target\":{\"@type\":\"EntryPoint\",\"urlTemplate\":\"https:\\\/\\\/www.brazilecotour.com\\\/it\\\/?s={search_term_string}\"},\"query-input\":{\"@type\":\"PropertyValueSpecification\",\"valueRequired\":true,\"valueName\":\"search_term_string\"}}],\"inLanguage\":\"it-IT\"},{\"@type\":\"Organization\",\"@id\":\"https:\\\/\\\/www.brazilecotour.com\\\/it\\\/#organization\",\"name\":\"Brazil Ecotour | DMC & Travel agency in Brazil\",\"url\":\"https:\\\/\\\/www.brazilecotour.com\\\/it\\\/\",\"logo\":{\"@type\":\"ImageObject\",\"inLanguage\":\"it-IT\",\"@id\":\"https:\\\/\\\/www.brazilecotour.com\\\/it\\\/#\\\/schema\\\/logo\\\/image\\\/\",\"url\":\"https:\\\/\\\/www.brazilecotour.com\\\/wp-content\\\/uploads\\\/2017\\\/06\\\/brazilecotour_logo.png\",\"contentUrl\":\"https:\\\/\\\/www.brazilecotour.com\\\/wp-content\\\/uploads\\\/2017\\\/06\\\/brazilecotour_logo.png\",\"width\":350,\"height\":100,\"caption\":\"Brazil Ecotour | DMC & Travel agency in Brazil\"},\"image\":{\"@id\":\"https:\\\/\\\/www.brazilecotour.com\\\/it\\\/#\\\/schema\\\/logo\\\/image\\\/\"},\"sameAs\":[\"https:\\\/\\\/www.facebook.com\\\/brazilecotour\\\/\",\"https:\\\/\\\/x.com\\\/brazilecotour01\",\"https:\\\/\\\/www.instagram.com\\\/brazilecotour\\\/\",\"https:\\\/\\\/www.linkedin.com\\\/company\\\/brazilecotour\",\"https:\\\/\\\/www.pinterest.com\\\/brazilecotour\\\/\",\"https:\\\/\\\/www.youtube.com\\\/channel\\\/UCbaIa7Xo7DuwNz0z3H1zDnA\"]},{\"@type\":\"Person\",\"@id\":\"https:\\\/\\\/www.brazilecotour.com\\\/it\\\/#\\\/schema\\\/person\\\/bb20c278af8580ea123f7584ce5a7a83\",\"name\":\"Brazil Ecotour\",\"image\":{\"@type\":\"ImageObject\",\"inLanguage\":\"it-IT\",\"@id\":\"https:\\\/\\\/secure.gravatar.com\\\/avatar\\\/ec959129edd806b486b9fa8401bc242b60f01c2f7809cc01175829f25a1964c3?s=96&d=mm&r=g\",\"url\":\"https:\\\/\\\/secure.gravatar.com\\\/avatar\\\/ec959129edd806b486b9fa8401bc242b60f01c2f7809cc01175829f25a1964c3?s=96&d=mm&r=g\",\"contentUrl\":\"https:\\\/\\\/secure.gravatar.com\\\/avatar\\\/ec959129edd806b486b9fa8401bc242b60f01c2f7809cc01175829f25a1964c3?s=96&d=mm&r=g\",\"caption\":\"Brazil Ecotour\"},\"sameAs\":[\"https:\\\/\\\/www.brazilecotour.com\",\"https:\\\/\\\/www.facebook.com\\\/brazilecotour\\\/\",\"https:\\\/\\\/x.com\\\/@brazilecotour01\"]}]}<\/script>\n<!-- \/ Yoast SEO Premium plugin. -->","yoast_head_json":{"title":"La Rotta delle Emozioni: Un Viaggio Indimenticabile nel Cuore del Nordest del Brasile","description":"La Rotta delle Emozioni: Un Viaggio Indimenticabile nel Cuore del Nordest Brasiliano La Rotta delle Emozioni \u00e8 un viaggio unico che attraversa il cuore","robots":{"index":"index","follow":"follow","max-snippet":"max-snippet:-1","max-image-preview":"max-image-preview:large","max-video-preview":"max-video-preview:-1"},"canonical":"https:\/\/www.brazilecotour.com\/it\/la-rotta-delle-emozioni-un-viaggio-indimenticabile-nel-cuore-del-nordest-del-brasile\/","og_locale":"it_IT","og_type":"article","og_title":"La Rotta delle Emozioni: Un Viaggio Indimenticabile nel Cuore del Nordest del Brasile","og_description":"La Rotta delle Emozioni: Un Viaggio Indimenticabile nel Cuore del Nordest Brasiliano La Rotta delle Emozioni \u00e8 un viaggio unico che attraversa il cuore","og_url":"https:\/\/www.brazilecotour.com\/it\/la-rotta-delle-emozioni-un-viaggio-indimenticabile-nel-cuore-del-nordest-del-brasile\/","og_site_name":"Brazil Ecotour | DMC &amp; Travel agency in Brazil","article_publisher":"https:\/\/www.facebook.com\/brazilecotour\/","article_author":"https:\/\/www.facebook.com\/brazilecotour\/","article_published_time":"2024-08-13T01:11:05+00:00","article_modified_time":"2024-08-13T01:24:04+00:00","og_image":[{"width":561,"height":700,"url":"https:\/\/www.brazilecotour.com\/wp-content\/uploads\/2017\/12\/jericoacoara-kitesurf.jpg","type":"image\/jpeg"}],"author":"Brazil Ecotour","twitter_card":"summary_large_image","twitter_creator":"@brazilecotour01","twitter_site":"@brazilecotour01","twitter_misc":{"Scritto da":"Brazil Ecotour","Tempo di lettura stimato":"6 minuti"},"schema":{"@context":"https:\/\/schema.org","@graph":[{"@type":"Article","@id":"https:\/\/www.brazilecotour.com\/it\/la-rotta-delle-emozioni-un-viaggio-indimenticabile-nel-cuore-del-nordest-del-brasile\/#article","isPartOf":{"@id":"https:\/\/www.brazilecotour.com\/it\/la-rotta-delle-emozioni-un-viaggio-indimenticabile-nel-cuore-del-nordest-del-brasile\/"},"author":{"name":"Brazil Ecotour","@id":"https:\/\/www.brazilecotour.com\/it\/#\/schema\/person\/bb20c278af8580ea123f7584ce5a7a83"},"headline":"La Rotta delle Emozioni: Un Viaggio Indimenticabile nel Cuore del Nordest del Brasile","datePublished":"2024-08-13T01:11:05+00:00","dateModified":"2024-08-13T01:24:04+00:00","mainEntityOfPage":{"@id":"https:\/\/www.brazilecotour.com\/it\/la-rotta-delle-emozioni-un-viaggio-indimenticabile-nel-cuore-del-nordest-del-brasile\/"},"wordCount":673,"commentCount":0,"publisher":{"@id":"https:\/\/www.brazilecotour.com\/it\/#organization"},"image":{"@id":"https:\/\/www.brazilecotour.com\/it\/la-rotta-delle-emozioni-un-viaggio-indimenticabile-nel-cuore-del-nordest-del-brasile\/#primaryimage"},"thumbnailUrl":"https:\/\/www.brazilecotour.com\/wp-content\/uploads\/2017\/12\/jericoacoara-kitesurf.jpg","articleSection":["Non categorizzato"],"inLanguage":"it-IT","potentialAction":[{"@type":"CommentAction","name":"Comment","target":["https:\/\/www.brazilecotour.com\/it\/la-rotta-delle-emozioni-un-viaggio-indimenticabile-nel-cuore-del-nordest-del-brasile\/#respond"]}]},{"@type":"WebPage","@id":"https:\/\/www.brazilecotour.com\/it\/la-rotta-delle-emozioni-un-viaggio-indimenticabile-nel-cuore-del-nordest-del-brasile\/","url":"https:\/\/www.brazilecotour.com\/it\/la-rotta-delle-emozioni-un-viaggio-indimenticabile-nel-cuore-del-nordest-del-brasile\/","name":"La Rotta delle Emozioni: Un Viaggio Indimenticabile nel Cuore del Nordest del Brasile","isPartOf":{"@id":"https:\/\/www.brazilecotour.com\/it\/#website"},"primaryImageOfPage":{"@id":"https:\/\/www.brazilecotour.com\/it\/la-rotta-delle-emozioni-un-viaggio-indimenticabile-nel-cuore-del-nordest-del-brasile\/#primaryimage"},"image":{"@id":"https:\/\/www.brazilecotour.com\/it\/la-rotta-delle-emozioni-un-viaggio-indimenticabile-nel-cuore-del-nordest-del-brasile\/#primaryimage"},"thumbnailUrl":"https:\/\/www.brazilecotour.com\/wp-content\/uploads\/2017\/12\/jericoacoara-kitesurf.jpg","datePublished":"2024-08-13T01:11:05+00:00","dateModified":"2024-08-13T01:24:04+00:00","description":"La Rotta delle Emozioni: Un Viaggio Indimenticabile nel Cuore del Nordest Brasiliano La Rotta delle Emozioni \u00e8 un viaggio unico che attraversa il cuore","breadcrumb":{"@id":"https:\/\/www.brazilecotour.com\/it\/la-rotta-delle-emozioni-un-viaggio-indimenticabile-nel-cuore-del-nordest-del-brasile\/#breadcrumb"},"inLanguage":"it-IT","potentialAction":[{"@type":"ReadAction","target":["https:\/\/www.brazilecotour.com\/it\/la-rotta-delle-emozioni-un-viaggio-indimenticabile-nel-cuore-del-nordest-del-brasile\/"]}]},{"@type":"ImageObject","inLanguage":"it-IT","@id":"https:\/\/www.brazilecotour.com\/it\/la-rotta-delle-emozioni-un-viaggio-indimenticabile-nel-cuore-del-nordest-del-brasile\/#primaryimage","url":"https:\/\/www.brazilecotour.com\/wp-content\/uploads\/2017\/12\/jericoacoara-kitesurf.jpg","contentUrl":"https:\/\/www.brazilecotour.com\/wp-content\/uploads\/2017\/12\/jericoacoara-kitesurf.jpg","width":561,"height":700,"caption":"Agence de voyages dans le nordeste du Br\u00e9sil, 100% francophone, sp\u00e9cialiste dans les voyages \u00e0 la carte,et hors des sentier battus."},{"@type":"BreadcrumbList","@id":"https:\/\/www.brazilecotour.com\/it\/la-rotta-delle-emozioni-un-viaggio-indimenticabile-nel-cuore-del-nordest-del-brasile\/#breadcrumb","itemListElement":[{"@type":"ListItem","position":1,"name":"Accueil","item":"https:\/\/www.brazilecotour.com\/it\/"},{"@type":"ListItem","position":2,"name":"La Rotta delle Emozioni: Un Viaggio Indimenticabile nel Cuore del Nordest del Brasile"}]},{"@type":"WebSite","@id":"https:\/\/www.brazilecotour.com\/it\/#website","url":"https:\/\/www.brazilecotour.com\/it\/","name":"Brazil Ecotour | DMC and Travel Agency in Brazil","description":"Beyond Travel, Real Experiences","publisher":{"@id":"https:\/\/www.brazilecotour.com\/it\/#organization"},"potentialAction":[{"@type":"SearchAction","target":{"@type":"EntryPoint","urlTemplate":"https:\/\/www.brazilecotour.com\/it\/?s={search_term_string}"},"query-input":{"@type":"PropertyValueSpecification","valueRequired":true,"valueName":"search_term_string"}}],"inLanguage":"it-IT"},{"@type":"Organization","@id":"https:\/\/www.brazilecotour.com\/it\/#organization","name":"Brazil Ecotour | DMC & Travel agency in Brazil","url":"https:\/\/www.brazilecotour.com\/it\/","logo":{"@type":"ImageObject","inLanguage":"it-IT","@id":"https:\/\/www.brazilecotour.com\/it\/#\/schema\/logo\/image\/","url":"https:\/\/www.brazilecotour.com\/wp-content\/uploads\/2017\/06\/brazilecotour_logo.png","contentUrl":"https:\/\/www.brazilecotour.com\/wp-content\/uploads\/2017\/06\/brazilecotour_logo.png","width":350,"height":100,"caption":"Brazil Ecotour | DMC & Travel agency in Brazil"},"image":{"@id":"https:\/\/www.brazilecotour.com\/it\/#\/schema\/logo\/image\/"},"sameAs":["https:\/\/www.facebook.com\/brazilecotour\/","https:\/\/x.com\/brazilecotour01","https:\/\/www.instagram.com\/brazilecotour\/","https:\/\/www.linkedin.com\/company\/brazilecotour","https:\/\/www.pinterest.com\/brazilecotour\/","https:\/\/www.youtube.com\/channel\/UCbaIa7Xo7DuwNz0z3H1zDnA"]},{"@type":"Person","@id":"https:\/\/www.brazilecotour.com\/it\/#\/schema\/person\/bb20c278af8580ea123f7584ce5a7a83","name":"Brazil Ecotour","image":{"@type":"ImageObject","inLanguage":"it-IT","@id":"https:\/\/secure.gravatar.com\/avatar\/ec959129edd806b486b9fa8401bc242b60f01c2f7809cc01175829f25a1964c3?s=96&d=mm&r=g","url":"https:\/\/secure.gravatar.com\/avatar\/ec959129edd806b486b9fa8401bc242b60f01c2f7809cc01175829f25a1964c3?s=96&d=mm&r=g","contentUrl":"https:\/\/secure.gravatar.com\/avatar\/ec959129edd806b486b9fa8401bc242b60f01c2f7809cc01175829f25a1964c3?s=96&d=mm&r=g","caption":"Brazil Ecotour"},"sameAs":["https:\/\/www.brazilecotour.com","https:\/\/www.facebook.com\/brazilecotour\/","https:\/\/x.com\/@brazilecotour01"]}]}},"_links":{"self":[{"href":"https:\/\/www.brazilecotour.com\/it\/wp-json\/wp\/v2\/posts\/26498","targetHints":{"allow":["GET"]}}],"collection":[{"href":"https:\/\/www.brazilecotour.com\/it\/wp-json\/wp\/v2\/posts"}],"about":[{"href":"https:\/\/www.brazilecotour.com\/it\/wp-json\/wp\/v2\/types\/post"}],"author":[{"embeddable":true,"href":"https:\/\/www.brazilecotour.com\/it\/wp-json\/wp\/v2\/users\/2"}],"replies":[{"embeddable":true,"href":"https:\/\/www.brazilecotour.com\/it\/wp-json\/wp\/v2\/comments?post=26498"}],"version-history":[{"count":16,"href":"https:\/\/www.brazilecotour.com\/it\/wp-json\/wp\/v2\/posts\/26498\/revisions"}],"predecessor-version":[{"id":26517,"href":"https:\/\/www.brazilecotour.com\/it\/wp-json\/wp\/v2\/posts\/26498\/revisions\/26517"}],"wp:featuredmedia":[{"embeddable":true,"href":"https:\/\/www.brazilecotour.com\/it\/wp-json\/wp\/v2\/media\/26500"}],"wp:attachment":[{"href":"https:\/\/www.brazilecotour.com\/it\/wp-json\/wp\/v2\/media?parent=26498"}],"wp:term":[{"taxonomy":"category","embeddable":true,"href":"https:\/\/www.brazilecotour.com\/it\/wp-json\/wp\/v2\/categories?post=26498"},{"taxonomy":"post_tag","embeddable":true,"href":"https:\/\/www.brazilecotour.com\/it\/wp-json\/wp\/v2\/tags?post=26498"}],"curies":[{"name":"wp","href":"https:\/\/api.w.org\/{rel}","templated":true}]}}