{"id":26943,"date":"2024-08-18T21:14:14","date_gmt":"2024-08-18T19:14:14","guid":{"rendered":"https:\/\/www.brazilecotour.com\/?p=26943"},"modified":"2024-08-18T21:32:40","modified_gmt":"2024-08-18T19:32:40","slug":"in-brasile-il-deserto-dei-lencois-maranhenses-un-miraggio-sulloceano","status":"publish","type":"post","link":"https:\/\/www.brazilecotour.com\/it\/in-brasile-il-deserto-dei-lencois-maranhenses-un-miraggio-sulloceano\/","title":{"rendered":"In Brasile, il deserto dei Len\u00e7\u00f3is Maranhenses, un miraggio sull&#8217;oceano"},"content":{"rendered":"\t\t<div data-elementor-type=\"wp-post\" data-elementor-id=\"26943\" class=\"elementor elementor-26943 elementor-4390\">\n\t\t\t\t\t\t<section class=\"elementor-section elementor-top-section elementor-element elementor-element-84949e3 elementor-section-boxed elementor-section-height-default elementor-section-height-default\" data-id=\"84949e3\" data-element_type=\"section\" data-e-type=\"section\">\n\t\t\t\t\t\t<div class=\"elementor-container elementor-column-gap-default\">\n\t\t\t\t\t<div class=\"elementor-column elementor-col-100 elementor-top-column elementor-element elementor-element-442d818\" data-id=\"442d818\" data-element_type=\"column\" data-e-type=\"column\">\n\t\t\t<div class=\"elementor-widget-wrap elementor-element-populated\">\n\t\t\t\t\t\t<div class=\"elementor-element elementor-element-931632a elementor-widget elementor-widget-image\" data-id=\"931632a\" data-element_type=\"widget\" data-e-type=\"widget\" data-widget_type=\"image.default\">\n\t\t\t\t<div class=\"elementor-widget-container\">\n\t\t\t\t\t\t\t\t\t\t\t\t\t\t\t<img fetchpriority=\"high\" decoding=\"async\" width=\"300\" height=\"300\" src=\"https:\/\/www.brazilecotour.com\/wp-content\/uploads\/2021\/07\/brazil-ecotour-holidays-to-brazil-300x300.jpg\" class=\"attachment-medium size-medium wp-image-20814\" alt=\"\" srcset=\"https:\/\/www.brazilecotour.com\/wp-content\/uploads\/2021\/07\/brazil-ecotour-holidays-to-brazil-300x300.jpg 300w, https:\/\/www.brazilecotour.com\/wp-content\/uploads\/2021\/07\/brazil-ecotour-holidays-to-brazil-1024x1024.jpg 1024w, https:\/\/www.brazilecotour.com\/wp-content\/uploads\/2021\/07\/brazil-ecotour-holidays-to-brazil-150x150.jpg 150w, https:\/\/www.brazilecotour.com\/wp-content\/uploads\/2021\/07\/brazil-ecotour-holidays-to-brazil-768x768.jpg 768w, https:\/\/www.brazilecotour.com\/wp-content\/uploads\/2021\/07\/brazil-ecotour-holidays-to-brazil.jpg 1080w\" sizes=\"(max-width: 300px) 100vw, 300px\" \/>\t\t\t\t\t\t\t\t\t\t\t\t\t\t\t<\/div>\n\t\t\t\t<\/div>\n\t\t\t\t\t<\/div>\n\t\t<\/div>\n\t\t\t\t\t<\/div>\n\t\t<\/section>\n\t\t\t\t<section class=\"elementor-section elementor-top-section elementor-element elementor-element-55cd3f38 elementor-section-height-min-height elementor-section-boxed elementor-section-height-default elementor-section-items-middle elementor-invisible\" data-id=\"55cd3f38\" data-element_type=\"section\" data-e-type=\"section\" data-settings=\"{&quot;background_background&quot;:&quot;classic&quot;,&quot;animation&quot;:&quot;fadeIn&quot;}\">\n\t\t\t\t\t\t\t<div class=\"elementor-background-overlay\"><\/div>\n\t\t\t\t\t\t\t<div class=\"elementor-container elementor-column-gap-default\">\n\t\t\t\t\t<div class=\"elementor-column elementor-col-100 elementor-top-column elementor-element elementor-element-4c63211d\" data-id=\"4c63211d\" data-element_type=\"column\" data-e-type=\"column\">\n\t\t\t<div class=\"elementor-widget-wrap elementor-element-populated\">\n\t\t\t\t\t\t<section class=\"elementor-section elementor-inner-section elementor-element elementor-element-3527ce88 elementor-section-boxed elementor-section-height-default elementor-section-height-default\" data-id=\"3527ce88\" data-element_type=\"section\" data-e-type=\"section\">\n\t\t\t\t\t\t<div class=\"elementor-container elementor-column-gap-default\">\n\t\t\t\t\t<div class=\"elementor-column elementor-col-100 elementor-inner-column elementor-element elementor-element-67e1e505\" data-id=\"67e1e505\" data-element_type=\"column\" data-e-type=\"column\">\n\t\t\t<div class=\"elementor-widget-wrap elementor-element-populated\">\n\t\t\t\t\t\t<div class=\"elementor-element elementor-element-567ad9cb elementor-invisible elementor-widget elementor-widget-heading\" data-id=\"567ad9cb\" data-element_type=\"widget\" data-e-type=\"widget\" data-settings=\"{&quot;_animation&quot;:&quot;fadeInUp&quot;,&quot;_animation_delay&quot;:400}\" data-widget_type=\"heading.default\">\n\t\t\t\t<div class=\"elementor-widget-container\">\n\t\t\t\t\t<h1 class=\"elementor-heading-title elementor-size-default\">In Brasile, il deserto dei Len\u00e7\u00f3is Maranhenses, un miraggio sull\u2019oceano<\/h1>\t\t\t\t<\/div>\n\t\t\t\t<\/div>\n\t\t\t\t\t<\/div>\n\t\t<\/div>\n\t\t\t\t\t<\/div>\n\t\t<\/section>\n\t\t\t\t\t<\/div>\n\t\t<\/div>\n\t\t\t\t\t<\/div>\n\t\t<\/section>\n\t\t\t\t<section class=\"elementor-section elementor-top-section elementor-element elementor-element-2334abac elementor-section-boxed elementor-section-height-default elementor-section-height-default\" data-id=\"2334abac\" data-element_type=\"section\" data-e-type=\"section\" data-settings=\"{&quot;background_background&quot;:&quot;classic&quot;}\">\n\t\t\t\t\t\t<div class=\"elementor-container elementor-column-gap-default\">\n\t\t\t\t\t<div class=\"elementor-column elementor-col-33 elementor-top-column elementor-element elementor-element-60a0b4a3\" data-id=\"60a0b4a3\" data-element_type=\"column\" data-e-type=\"column\">\n\t\t\t<div class=\"elementor-widget-wrap elementor-element-populated\">\n\t\t\t\t\t\t<div class=\"elementor-element elementor-element-6d99c5dc elementor-invisible elementor-widget elementor-widget-image\" data-id=\"6d99c5dc\" data-element_type=\"widget\" data-e-type=\"widget\" data-settings=\"{&quot;_animation&quot;:&quot;fadeInUp&quot;,&quot;_animation_delay&quot;:300}\" data-widget_type=\"image.default\">\n\t\t\t\t<div class=\"elementor-widget-container\">\n\t\t\t\t\t\t\t\t\t\t\t\t\t\t\t\t<a href=\"https:\/\/www.brazilecotour.com\/wp-content\/uploads\/2017\/05\/lencois-maranhenses-tours-brazil.jpg\" data-elementor-open-lightbox=\"yes\" data-elementor-lightbox-title=\"lencois maranhenses tours brazil\" data-elementor-lightbox-description=\"lencois maranhenses tours brazil\" data-e-action-hash=\"#elementor-action%3Aaction%3Dlightbox%26settings%3DeyJpZCI6ODM3NiwidXJsIjoiaHR0cHM6XC9cL3d3dy5icmF6aWxlY290b3VyLmNvbVwvd3AtY29udGVudFwvdXBsb2Fkc1wvMjAxN1wvMDVcL2xlbmNvaXMtbWFyYW5oZW5zZXMtdG91cnMtYnJhemlsLmpwZyJ9\">\n\t\t\t\t\t\t\t<img decoding=\"async\" src=\"https:\/\/www.brazilecotour.com\/wp-content\/uploads\/elementor\/thumbs\/lencois-maranhenses-tours-brazil-p6ctly1vmrkw036i6t1qgth5dci0377ztf6c2sj8f0.jpg\" title=\"lencois maranhenses tours brazil\" alt=\"lencois maranhenses tours brazil\" class=\"elementor-animation-shrink\" loading=\"lazy\" \/>\t\t\t\t\t\t\t\t<\/a>\n\t\t\t\t\t\t\t\t\t\t\t\t\t\t\t<\/div>\n\t\t\t\t<\/div>\n\t\t\t\t<div class=\"elementor-element elementor-element-289d809b elementor-invisible elementor-widget elementor-widget-heading\" data-id=\"289d809b\" data-element_type=\"widget\" data-e-type=\"widget\" data-settings=\"{&quot;_animation&quot;:&quot;fadeInUp&quot;,&quot;_animation_delay&quot;:500}\" data-widget_type=\"heading.default\">\n\t\t\t\t<div class=\"elementor-widget-container\">\n\t\t\t\t\t<h2 class=\"elementor-heading-title elementor-size-default\"><a href=\"#\">Atins Len\u00e7ois Maranhenses<\/a><\/h2>\t\t\t\t<\/div>\n\t\t\t\t<\/div>\n\t\t\t\t\t<\/div>\n\t\t<\/div>\n\t\t\t\t<div class=\"elementor-column elementor-col-33 elementor-top-column elementor-element elementor-element-76f7e55\" data-id=\"76f7e55\" data-element_type=\"column\" data-e-type=\"column\">\n\t\t\t<div class=\"elementor-widget-wrap elementor-element-populated\">\n\t\t\t\t\t\t<div class=\"elementor-element elementor-element-1b520f1 elementor-invisible elementor-widget elementor-widget-image\" data-id=\"1b520f1\" data-element_type=\"widget\" data-e-type=\"widget\" data-settings=\"{&quot;_animation&quot;:&quot;fadeInUp&quot;,&quot;_animation_delay&quot;:400}\" data-widget_type=\"image.default\">\n\t\t\t\t<div class=\"elementor-widget-container\">\n\t\t\t\t\t\t\t\t\t\t\t\t\t\t\t\t<a href=\"https:\/\/www.brazilecotour.com\/wp-content\/uploads\/2021\/02\/trek-lencois-maranhenses.jpg\" data-elementor-open-lightbox=\"yes\" data-elementor-lightbox-title=\"trek len\u00e7ois maranhenses\" data-e-action-hash=\"#elementor-action%3Aaction%3Dlightbox%26settings%3DeyJpZCI6MTQ5MjgsInVybCI6Imh0dHBzOlwvXC93d3cuYnJhemlsZWNvdG91ci5jb21cL3dwLWNvbnRlbnRcL3VwbG9hZHNcLzIwMjFcLzAyXC90cmVrLWxlbmNvaXMtbWFyYW5oZW5zZXMuanBnIn0%3D\">\n\t\t\t\t\t\t\t<img decoding=\"async\" src=\"https:\/\/www.brazilecotour.com\/wp-content\/uploads\/elementor\/thumbs\/trek-lencois-maranhenses-p30k4jftb12d0kkhbuu9wwgkb5j48m8sv359ztsllo.jpg\" title=\"trek len\u00e7ois maranhenses\" alt=\"trek len\u00e7ois maranhenses\" class=\"elementor-animation-shrink\" loading=\"lazy\" \/>\t\t\t\t\t\t\t\t<\/a>\n\t\t\t\t\t\t\t\t\t\t\t\t\t\t\t<\/div>\n\t\t\t\t<\/div>\n\t\t\t\t<div class=\"elementor-element elementor-element-75210680 elementor-invisible elementor-widget elementor-widget-heading\" data-id=\"75210680\" data-element_type=\"widget\" data-e-type=\"widget\" data-settings=\"{&quot;_animation&quot;:&quot;fadeInUp&quot;,&quot;_animation_delay&quot;:500}\" data-widget_type=\"heading.default\">\n\t\t\t\t<div class=\"elementor-widget-container\">\n\t\t\t\t\t<h2 class=\"elementor-heading-title elementor-size-default\"><a href=\"#\">trekking lencois maranhenses<\/a><\/h2>\t\t\t\t<\/div>\n\t\t\t\t<\/div>\n\t\t\t\t\t<\/div>\n\t\t<\/div>\n\t\t\t\t<div class=\"elementor-column elementor-col-33 elementor-top-column elementor-element elementor-element-2fbac28b\" data-id=\"2fbac28b\" data-element_type=\"column\" data-e-type=\"column\">\n\t\t\t<div class=\"elementor-widget-wrap elementor-element-populated\">\n\t\t\t\t\t\t<div class=\"elementor-element elementor-element-6e8e79db elementor-invisible elementor-widget elementor-widget-image\" data-id=\"6e8e79db\" data-element_type=\"widget\" data-e-type=\"widget\" data-settings=\"{&quot;_animation&quot;:&quot;fadeInUp&quot;,&quot;_animation_delay&quot;:500}\" data-widget_type=\"image.default\">\n\t\t\t\t<div class=\"elementor-widget-container\">\n\t\t\t\t\t\t\t\t\t\t\t\t\t\t\t\t<a href=\"https:\/\/www.brazilecotour.com\/wp-content\/uploads\/2017\/05\/lencois-maranhenses.jpg\" data-elementor-open-lightbox=\"yes\" data-elementor-lightbox-title=\"lencois maranhenses\" data-elementor-lightbox-description=\"lencois maranhenses\" data-e-action-hash=\"#elementor-action%3Aaction%3Dlightbox%26settings%3DeyJpZCI6ODM3NywidXJsIjoiaHR0cHM6XC9cL3d3dy5icmF6aWxlY290b3VyLmNvbVwvd3AtY29udGVudFwvdXBsb2Fkc1wvMjAxN1wvMDVcL2xlbmNvaXMtbWFyYW5oZW5zZXMuanBnIn0%3D\">\n\t\t\t\t\t\t\t<img decoding=\"async\" src=\"https:\/\/www.brazilecotour.com\/wp-content\/uploads\/elementor\/thumbs\/lencois-maranhenses-p6ctm7g9j3xr86sunx405r3rb77o869b6pp6vk5aos.jpg\" title=\"lencois maranhenses\" alt=\"lencois maranhenses\" class=\"elementor-animation-shrink\" loading=\"lazy\" \/>\t\t\t\t\t\t\t\t<\/a>\n\t\t\t\t\t\t\t\t\t\t\t\t\t\t\t<\/div>\n\t\t\t\t<\/div>\n\t\t\t\t<div class=\"elementor-element elementor-element-1984d62c elementor-invisible elementor-widget elementor-widget-heading\" data-id=\"1984d62c\" data-element_type=\"widget\" data-e-type=\"widget\" data-settings=\"{&quot;_animation&quot;:&quot;fadeInUp&quot;,&quot;_animation_delay&quot;:500}\" data-widget_type=\"heading.default\">\n\t\t\t\t<div class=\"elementor-widget-container\">\n\t\t\t\t\t<h2 class=\"elementor-heading-title elementor-size-default\"><a href=\"#\">Santo Amaro Len\u00e7ois Maranhenses<\/a><\/h2>\t\t\t\t<\/div>\n\t\t\t\t<\/div>\n\t\t\t\t\t<\/div>\n\t\t<\/div>\n\t\t\t\t\t<\/div>\n\t\t<\/section>\n\t\t\t\t<section class=\"elementor-section elementor-top-section elementor-element elementor-element-fa7b8e3 elementor-section-boxed elementor-section-height-default elementor-section-height-default\" data-id=\"fa7b8e3\" data-element_type=\"section\" data-e-type=\"section\">\n\t\t\t\t\t\t<div class=\"elementor-container elementor-column-gap-default\">\n\t\t\t\t\t<div class=\"elementor-column elementor-col-100 elementor-top-column elementor-element elementor-element-85b5438\" data-id=\"85b5438\" data-element_type=\"column\" data-e-type=\"column\">\n\t\t\t<div class=\"elementor-widget-wrap elementor-element-populated\">\n\t\t\t\t\t\t<div class=\"elementor-element elementor-element-5228345 elementor-widget elementor-widget-text-editor\" data-id=\"5228345\" data-element_type=\"widget\" data-e-type=\"widget\" data-widget_type=\"text-editor.default\">\n\t\t\t\t<div class=\"elementor-widget-container\">\n\t\t\t\t\t\t\t\t\t<p><span style=\"font-size: 16.8px;\">L&#8217;incontro mozzafiato tra il Sahara e le Maldive&#8230; \u00c8 ci\u00f2 che ricorda il grande parco costiero del nord del Brasile, fatto di dune e oasi. E dove, con le piogge, nascono lagune di smeraldo e cristalline.<\/span><\/p><p><span style=\"font-size: 16.8px;\">\u00a0<\/span><\/p><p><span style=\"font-size: 16.8px;\">Atilime de Sousa Garcia sogna a occhi spalancati: \u00abQuando sar\u00f2 grande, sar\u00f2 insegnante qui\u00bb. Dall&#8217;alto dell&#8217;immensa duna, la piccola meticcia di 9 anni osserva Queimada dos Britos, un&#8217;isola di verde da cui emergono alcuni tetti di paglia. Un deserto di sabbia immacolata e lagune d&#8217;acqua smeraldo circondano l&#8217;oasi. All&#8217;orizzonte, il sole tramonta dietro la linea blu dell&#8217;oceano Atlantico. Atilime non si stanca mai di salire sulla sua duna preferita per godersi lo spettacolo, trascinando la sua slitta di plastica. Pi\u00f9 tardi, questa le servir\u00e0 per scendere dalla sua montagna bianca per andare a gustare i frutti di caj\u00fas e guajirus che crescono ai piedi della collina. Poi arriver\u00e0 il momento di una nuova salita in cima e di un&#8217;ultima discesa. Un altro giorno sar\u00e0 passato, granello dopo granello, come in una gigantesca clessidra. Il campo da gioco di Atilime \u00e8 il pi\u00f9 grande sandbox del Brasile: il parco nazionale dei Len\u00e7\u00f3is Maranhenses, nello stato del Maranh\u00e3o (nord-est del paese). Una lingua costiera di 1.150 chilometri quadrati &#8211; dieci volte la superficie di Parigi intra-muros &#8211; coperta per due terzi da dune. Nella sua parte meno accessibile, chiamata la \u00abzona primitiva\u00bb, circa 150 abitanti formano, da quattro generazioni, una comunit\u00e0 divisa tra due oasi vicine, Queimada dos Britos e Baixa Grande. Sono i discendenti di Manoel Brito, figlio di un&#8217;indiana caet\u00e9 e di Garcia Brito, un nero che aveva scelto i Len\u00e7\u00f3is per sfuggire alla siccit\u00e0 del 1932 nello stato vicino del Cear\u00e1. Pelle meticcia e occhi chiari, i Brito hanno fatto prosperare il loro bestiame praticando al contempo la cultura su bruciato (\u00abQueimada dos Britos\u00bb significa \u00abterra bruciata dei Brito\u00bb).<\/span><\/p>\t\t\t\t\t\t\t\t<\/div>\n\t\t\t\t<\/div>\n\t\t\t\t\t<\/div>\n\t\t<\/div>\n\t\t\t\t\t<\/div>\n\t\t<\/section>\n\t\t\t\t<section class=\"elementor-section elementor-top-section elementor-element elementor-element-3b880c2 elementor-section-boxed elementor-section-height-default elementor-section-height-default\" data-id=\"3b880c2\" data-element_type=\"section\" data-e-type=\"section\">\n\t\t\t\t\t\t<div class=\"elementor-container elementor-column-gap-default\">\n\t\t\t\t\t<div class=\"elementor-column elementor-col-33 elementor-top-column elementor-element elementor-element-6b8ac5d\" data-id=\"6b8ac5d\" data-element_type=\"column\" data-e-type=\"column\">\n\t\t\t<div class=\"elementor-widget-wrap elementor-element-populated\">\n\t\t\t\t\t\t<div class=\"elementor-element elementor-element-bbb1a6c elementor-widget elementor-widget-image\" data-id=\"bbb1a6c\" data-element_type=\"widget\" data-e-type=\"widget\" data-widget_type=\"image.default\">\n\t\t\t\t<div class=\"elementor-widget-container\">\n\t\t\t\t\t\t\t\t\t\t\t\t\t\t\t<img decoding=\"async\" width=\"660\" height=\"825\" src=\"https:\/\/www.brazilecotour.com\/wp-content\/uploads\/2021\/02\/trek-lencois-maranhenses-1-819x1024.jpg\" class=\"attachment-large size-large wp-image-17374\" alt=\"trek len\u00e7ois maranhenses\" srcset=\"https:\/\/www.brazilecotour.com\/wp-content\/uploads\/2021\/02\/trek-lencois-maranhenses-1-819x1024.jpg 819w, https:\/\/www.brazilecotour.com\/wp-content\/uploads\/2021\/02\/trek-lencois-maranhenses-1-240x300.jpg 240w, https:\/\/www.brazilecotour.com\/wp-content\/uploads\/2021\/02\/trek-lencois-maranhenses-1-768x960.jpg 768w, https:\/\/www.brazilecotour.com\/wp-content\/uploads\/2021\/02\/trek-lencois-maranhenses-1.jpg 1080w\" sizes=\"(max-width: 660px) 100vw, 660px\" \/>\t\t\t\t\t\t\t\t\t\t\t\t\t\t\t<\/div>\n\t\t\t\t<\/div>\n\t\t\t\t\t<\/div>\n\t\t<\/div>\n\t\t\t\t<div class=\"elementor-column elementor-col-33 elementor-top-column elementor-element elementor-element-3a9ef6d\" data-id=\"3a9ef6d\" data-element_type=\"column\" data-e-type=\"column\">\n\t\t\t<div class=\"elementor-widget-wrap elementor-element-populated\">\n\t\t\t\t\t\t<div class=\"elementor-element elementor-element-d5b26d7 elementor-widget elementor-widget-image\" data-id=\"d5b26d7\" data-element_type=\"widget\" data-e-type=\"widget\" data-widget_type=\"image.default\">\n\t\t\t\t<div class=\"elementor-widget-container\">\n\t\t\t\t\t\t\t\t\t\t\t\t\t\t\t<img decoding=\"async\" width=\"660\" height=\"660\" src=\"https:\/\/www.brazilecotour.com\/wp-content\/uploads\/2017\/05\/lencois-maranhenses-atins-1024x1024.jpg\" class=\"attachment-large size-large wp-image-8375\" alt=\"lencois maranhenses atins\" srcset=\"https:\/\/www.brazilecotour.com\/wp-content\/uploads\/2017\/05\/lencois-maranhenses-atins-1024x1024.jpg 1024w, https:\/\/www.brazilecotour.com\/wp-content\/uploads\/2017\/05\/lencois-maranhenses-atins-300x300.jpg 300w, https:\/\/www.brazilecotour.com\/wp-content\/uploads\/2017\/05\/lencois-maranhenses-atins-150x150.jpg 150w, https:\/\/www.brazilecotour.com\/wp-content\/uploads\/2017\/05\/lencois-maranhenses-atins-768x768.jpg 768w, https:\/\/www.brazilecotour.com\/wp-content\/uploads\/2017\/05\/lencois-maranhenses-atins.jpg 1080w\" sizes=\"(max-width: 660px) 100vw, 660px\" \/>\t\t\t\t\t\t\t\t\t\t\t\t\t\t\t<\/div>\n\t\t\t\t<\/div>\n\t\t\t\t\t<\/div>\n\t\t<\/div>\n\t\t\t\t<div class=\"elementor-column elementor-col-33 elementor-top-column elementor-element elementor-element-b09eafc\" data-id=\"b09eafc\" data-element_type=\"column\" data-e-type=\"column\">\n\t\t\t<div class=\"elementor-widget-wrap elementor-element-populated\">\n\t\t\t\t\t\t<div class=\"elementor-element elementor-element-758d7a3 elementor-widget elementor-widget-image\" data-id=\"758d7a3\" data-element_type=\"widget\" data-e-type=\"widget\" data-widget_type=\"image.default\">\n\t\t\t\t<div class=\"elementor-widget-container\">\n\t\t\t\t\t\t\t\t\t\t\t\t\t\t\t<img loading=\"lazy\" decoding=\"async\" width=\"640\" height=\"427\" src=\"https:\/\/www.brazilecotour.com\/wp-content\/uploads\/2021\/02\/coucher-de-soleil-parc-des-lencois-maranhenses-bresil-atins.jpg\" class=\"attachment-large size-large wp-image-14905\" alt=\"\" srcset=\"https:\/\/www.brazilecotour.com\/wp-content\/uploads\/2021\/02\/coucher-de-soleil-parc-des-lencois-maranhenses-bresil-atins.jpg 640w, https:\/\/www.brazilecotour.com\/wp-content\/uploads\/2021\/02\/coucher-de-soleil-parc-des-lencois-maranhenses-bresil-atins-300x200.jpg 300w\" sizes=\"(max-width: 640px) 100vw, 640px\" \/>\t\t\t\t\t\t\t\t\t\t\t\t\t\t\t<\/div>\n\t\t\t\t<\/div>\n\t\t\t\t\t<\/div>\n\t\t<\/div>\n\t\t\t\t\t<\/div>\n\t\t<\/section>\n\t\t\t\t<section class=\"elementor-section elementor-top-section elementor-element elementor-element-9683e43 elementor-section-boxed elementor-section-height-default elementor-section-height-default\" data-id=\"9683e43\" data-element_type=\"section\" data-e-type=\"section\">\n\t\t\t\t\t\t<div class=\"elementor-container elementor-column-gap-default\">\n\t\t\t\t\t<div class=\"elementor-column elementor-col-100 elementor-top-column elementor-element elementor-element-0c7a1c5\" data-id=\"0c7a1c5\" data-element_type=\"column\" data-e-type=\"column\">\n\t\t\t<div class=\"elementor-widget-wrap elementor-element-populated\">\n\t\t\t\t\t\t<div class=\"elementor-element elementor-element-5990127 elementor-widget elementor-widget-heading\" data-id=\"5990127\" data-element_type=\"widget\" data-e-type=\"widget\" data-widget_type=\"heading.default\">\n\t\t\t\t<div class=\"elementor-widget-container\">\n\t\t\t\t\t<h2 class=\"elementor-heading-title elementor-size-default\">Queste linee sembrano essere state tracciate da Oscar Niemeyer\n\n<\/h2>\t\t\t\t<\/div>\n\t\t\t\t<\/div>\n\t\t\t\t<div class=\"elementor-element elementor-element-d474ce9 elementor-widget elementor-widget-text-editor\" data-id=\"d474ce9\" data-element_type=\"widget\" data-e-type=\"widget\" data-widget_type=\"text-editor.default\">\n\t\t\t\t<div class=\"elementor-widget-container\">\n\t\t\t\t\t\t\t\t\t<p><span style=\"color: var(--go--color--text); font-family: var(--go--font-family); font-weight: var(--go--font-weight,400); letter-spacing: var(--go--letter-spacing,normal);\"><a href=\"https:\/\/www.brazilecotour.com\/it\/i-6-parchi-nazionali-piu-affascinanti-del-brasile\/\">L&#8217;Atlantico<\/a> bagna la facciata nord-orientale del parco mentre il fiume Pregui\u00e7as ne circonda il perimetro a sud. A ovest, il deserto \u00e8 delimitato da una manciata di borghi, tra cui il pi\u00f9 grande, <a href=\"https:\/\/www.brazilecotour.com\/it\/avventura\/\">Santo Amaro<\/a> (10.000 abitanti), non \u00e8 il meno isolato: per raggiungere la prima strada asfaltata bisogna percorrere trentasei chilometri di un sentiero sabbioso e dissestato con un veicolo fuoristrada, ancora pi\u00f9 difficoltoso quando \u00e8 parzialmente allagato. In auto, il deserto dei Len\u00e7\u00f3is si guadagna.<\/span><\/p><p><span style=\"font-size: 16.8px;\">\u00a0<\/span><\/p><p><span style=\"font-size: 16.8px;\">In aereo, lo si ammira come una gigantesca opera di land-art composta da lenzuola <a href=\"https:\/\/www.brazilecotour.com\/ru\/%d0%b7%d0%bd%d0%b0%d0%ba%d0%be%d0%bc%d1%81%d1%82%d0%b2%d0%be-%d1%81-%d0%bd%d0%b0%d1%86%d0%b8%d0%be%d0%bd%d0%b0%d0%bb%d1%8c%d0%bd%d1%8b%d0%bc-%d0%bf%d0%b0%d1%80%d0%ba%d0%be%d0%bc-%d0%bb%d0%b5%d0%bd\/\">bianche<\/a>, simile agli imballaggi di Christo. Da qui il termine &#8220;len\u00e7\u00f3is maranhenses&#8221;, lenzuola del Maranh\u00e3o, usato per descrivere questi falsi tessuti che sembrano asciugarsi al sole, mentre le loro pieghe, a seconda del vento, disegnano le arabesche tipiche dei deserti di sabbia. Ma questo possiede una particolarit\u00e0 che nessun altro pu\u00f2 vantare: sotto l&#8217;effetto stagionale dell&#8217;accumulo delle piogge, un&#8217;effimera corrente di diamanti emerge sotto forma di &#8220;lagoas&#8221;, lagune a volte smeraldo o cristalline. In questo sorprendente deserto che si estende per settanta chilometri lungo la costa settentrionale della regione del Nordeste, cadono in realt\u00e0 fino a 1.600 millimetri di pioggia all&#8217;anno, pi\u00f9 che a Glasgow, in Scozia, ad esempio. Queste precipitazioni, concentrate da gennaio a giugno, trasformano gradualmente il paesaggio di mese in mese: tra ogni duna, le depressioni argillose si riempiono di acqua dolce. Cos\u00ec, alla fine della stagione delle piogge, si osserva un paesaggio che \u00e8 senza dubbio tra i pi\u00f9 spettacolari del paese. Doline che possono raggiungere fino a cento metri di diametro e diversi metri di profondit\u00e0, con curve cos\u00ec perfette che ricordano quelle, sensuali, degli edifici pubblici di Brasilia tracciati dall&#8217;architetto Oscar Niemeyer. Ma \u00e8 un paesaggio di cui bisogna diffidare. Quando non piove, le temperature possono salire fino a quaranta gradi e, in questo universo di sabbia riflettente, colpirti in testa. O addirittura farti perdere la testa, tanto il panorama supera l&#8217;immaginazione.<\/span><\/p><p><span style=\"font-size: 16.8px;\">\u00a0<\/span><\/p><p><span style=\"font-size: 16.8px;\">Spiagge paradisiache in pieno deserto, incrocio tra le Maldive e il Sahara, come \u00e8 possibile? Questo fenomeno \u00e8 dovuto agli alluvioni del fiume Parna\u00edba, che separa gli stati del Maranh\u00e3o e del Piau\u00ed, a sud. Trascinati fino all&#8217;oceano Atlantico, vengono respinti dalle maree da 10.000 anni verso la spiaggia, poi dagli alisei verso l&#8217;interno. Al primo ostacolo, i granelli si accumulano fino a formare una duna. Non manca altro che la pioggia per trasformare gli intervalli argillosi in piscine.<\/span><\/p><p><span style=\"font-size: 16.8px;\">\u00a0<\/span><\/p><p><span style=\"font-size: 16.8px;\">A sud-est del parco, Barreirinhas, 50.000 abitanti, \u00e8 la principale porta d&#8217;ingresso per i 60.000 turisti che visitano annualmente questo santuario dunario. Avvolta intorno a un braccio del rio Pregui\u00e7as, il &#8220;fiume pigro&#8221;, in riferimento al suo corso indolente, la citt\u00e0 \u00e8 a due ore di barca dall&#8217;Atlantico. Qui si ferma l&#8217;asfalto. La sabbia si infiltra ovunque, invadendo strade e giardini. Le dune avanzano di venti metri ogni anno e rosicchiano la vegetazione. Ai margini del deserto, hanno gi\u00e0 inghiottito case (e persino un aeroporto, gi\u00e0 nel 1979, nella citt\u00e0 di Tut\u00f3ia). A Barreirinhas, una duna gigante cresce nel pieno centro della citt\u00e0, la sua pendenza scendendo fino al rio Pregui\u00e7as. Sulla riva destra, 200 imbarcazioni e un&#8217;armata di 4&#215;4 aspettano i turisti. Per i visitatori, il programma si riduce generalmente a un tuffo nelle lagune pi\u00f9 vicine: lagoa Azul, lagoa Esmeralda o lagoa do Peixe. Una fuga di mezza giornata, senza dubbio indimenticabile ma che non \u00e8 il genere di Maciel Brito: troppo facile, troppo preconfezionato! Proprietario del Roots Bar a Barreirinhas, Maciel, 29 anni, \u00e8 nato a Queimada dos Britos. Quando non \u00e8 occupato ad ascoltare reggae dalla mattina alla sera, \u00e8 una delle guide pi\u00f9 esperte del deserto. Un giovane capace di orientarsi fino alle oasi, senza altro aiuto che la sua conoscenza del terreno e degli elementi naturali. &#8220;Le dune si muovono con il vento, ma le conosco da quando ero bambino&#8221;, assicura. In sua compagnia, si possono attraversare i Len\u00e7\u00f3is in tre giorni e, nel cuore della &#8220;zona primitiva&#8221;, sperimentare la vita di comunit\u00e0 autarchiche poco toccate dalla modernit\u00e0. Sempre a piedi. All&#8217;interno del parco, l&#8217;uso di veicoli a motore \u00e8 infatti vietato ai turisti per non disturbare l&#8217;ecosistema dunario. Anche gli abitanti dovrebbero usare i loro quad solo in caso di emergenza medica. Ma le infrazioni sono numerose e questo vasto territorio \u00e8 difficile da sorvegliare.<\/span><\/p><p><span style=\"font-size: 16.8px;\">\u00a0<\/span><\/p><p><span style=\"font-size: 16.8px;\">Si parte prima dell&#8217;alba, sotto l&#8217;occhio di avvoltoi neri\u00a0\u00a0<\/span><\/p><p><span style=\"font-size: 16.8px;\">All&#8217;imbocco del Pregui\u00e7as, sulla riva sinistra, ecco Atins. La via principale \u00e8 un vicolo di sabbia bianca. \u00c8 fiancheggiato da alti palmeti buriti che indicano la vicinanza dell&#8217;acqua, da un paio di &#8220;pousadas&#8221; (case di ospiti) e da una taverna che serve birra ghiacciata. Qui inizia l&#8217;avventura, ottanta chilometri di traversata sud-nord dei Len\u00e7\u00f3is. Primo riscaldamento, in questo tardo pomeriggio: due ore a calpestare le spiagge delle tartarughe marine e le mangrovie dei granchi prima di affrontare le prime dune, al crepuscolo. La notte sar\u00e0 trascorsa a Canto do Atins, un villaggio di pescatori dove due pousadas servono i &#8220;migliori gamberetti del mondo&#8221;. Sar\u00e0 breve: sotto lo sguardo di grandi avvoltoi neri, la partenza avviene prima dell&#8217;alba, per evitare il caldo. &#8220;Ma c&#8217;\u00e8 sempre qualcuno che vuole partire a fine mattinata, con la scusa che vogliono tornare super abbronzati a S\u00e3o Paulo!&#8221; ride Maciel. Destinazione Baixa Grande, la prima delle due oasi che segnano il trekking.<\/span><\/p><p><span style=\"font-size: 16.8px;\">\u00a0<\/span><\/p><p><span style=\"font-size: 16.8px;\">Con l&#8217;Atlantico alle spalle, il deserto si apre ora allo sguardo. Sulla sabbia compattata dagli alisei, bisogna scalare una prima duna, in dolce pendenza, per poi scendere dalla sua faccia ripida. Prima di ripetere l&#8217;operazione, due, dieci, cento volte. Presto il sole brucia, il respiro manca, i muscoli tirano e la schiena si piega sotto lo zaino. Ma il sollievo pu\u00f2 apparire dietro ogni cresta quando, come un miraggio, emerge una laguna dove ci si pu\u00f2 immergere tra le piabinhas, quei piccoli pesci molto abili a esfoliare le pelli morte.<\/span><\/p><p><span style=\"font-size: 16.8px;\">\u00a0<\/span><\/p><p><span style=\"font-size: 16.8px;\">Si vorrebbe restare in questa zuppa primordiale, ma bisogna riprendere il viaggio. La sabbia \u00e8 punteggiata e striata di tracce animali, lasciate da un gufo delle tane (coruja-buraqueira), un armadillo a sei bande (tatu-peba) o una volpe (raposa). Come il vestigio di una civilt\u00e0 scomparsa, un pozzo petrolifero dismesso emerge tra due dune. Prima della trasformazione in parco, nel 1981, i Len\u00e7\u00f3is interessavano i cercatori di oro nero. L&#8217;oasi di Baixa Grande appare finalmente dopo otto ore di cammino senza ombra: sette case sparse, un gregge di polli, capre, maiali e cavalli, e un gruppo di uomini impegnati a scuoiare un pre\u00e1 (cavia selvatica) per la cena. &#8220;Ho visto arrivare qui persone in lacrime&#8221;, si diverte Dete Brito. Lei e suo marito Moacir, sulla cinquantina, sono abituati a ospitare i camminatori esausti sotto una capanna dove sono appesi amache. L&#8217;abitazione \u00e8 di una rusticit\u00e0 estrema anche se un vecchio televisore trasmette programmi di variet\u00e0 &#8211; per cos\u00ec dire immagini di un altro mondo. Dete, senza perdere la sua bonomia, riassume la sua quotidianit\u00e0: &#8220;Ricevi<\/span><\/p>\t\t\t\t\t\t\t\t<\/div>\n\t\t\t\t<\/div>\n\t\t\t\t\t<\/div>\n\t\t<\/div>\n\t\t\t\t\t<\/div>\n\t\t<\/section>\n\t\t\t\t<section class=\"elementor-section elementor-top-section elementor-element elementor-element-a2536a2 elementor-section-boxed elementor-section-height-default elementor-section-height-default\" data-id=\"a2536a2\" data-element_type=\"section\" data-e-type=\"section\">\n\t\t\t\t\t\t<div class=\"elementor-container elementor-column-gap-default\">\n\t\t\t\t\t<div class=\"elementor-column elementor-col-50 elementor-top-column elementor-element elementor-element-063eae1\" data-id=\"063eae1\" data-element_type=\"column\" data-e-type=\"column\">\n\t\t\t<div class=\"elementor-widget-wrap elementor-element-populated\">\n\t\t\t\t\t\t<div class=\"elementor-element elementor-element-e1944c2 elementor-widget elementor-widget-video\" data-id=\"e1944c2\" data-element_type=\"widget\" data-e-type=\"widget\" data-settings=\"{&quot;youtube_url&quot;:&quot;https:\\\/\\\/www.youtube.com\\\/watch?v=JnSK1fsIpdo&quot;,&quot;video_type&quot;:&quot;youtube&quot;,&quot;controls&quot;:&quot;yes&quot;}\" data-widget_type=\"video.default\">\n\t\t\t\t<div class=\"elementor-widget-container\">\n\t\t\t\t\t\t\t<div class=\"elementor-wrapper elementor-open-inline\">\n\t\t\t<div class=\"elementor-video\"><\/div>\t\t<\/div>\n\t\t\t\t\t\t<\/div>\n\t\t\t\t<\/div>\n\t\t\t\t\t<\/div>\n\t\t<\/div>\n\t\t\t\t<div class=\"elementor-column elementor-col-50 elementor-top-column elementor-element elementor-element-f66940a\" data-id=\"f66940a\" data-element_type=\"column\" data-e-type=\"column\">\n\t\t\t<div class=\"elementor-widget-wrap elementor-element-populated\">\n\t\t\t\t\t\t<div class=\"elementor-element elementor-element-4af252b elementor-widget elementor-widget-shortcode\" data-id=\"4af252b\" data-element_type=\"widget\" data-e-type=\"widget\" data-widget_type=\"shortcode.default\">\n\t\t\t\t<div class=\"elementor-widget-container\">\n\t\t\t\t\t\t\t<div class=\"elementor-shortcode\"><iframe src=\"https:\/\/www.google.com\/maps\/embed?pb=!1m18!1m12!1m3!1d510180.5189304874!2d-43.4238217424626!3d-2.576396159863753!2m3!1f0!2f0!3f0!3m2!1i1024!2i768!4f13.1!3m3!1m2!1s0x7f19ee15e39be5f%3A0x2d2895d0d57e9beb!2sParc%20national%20des%20Len%C3%A7%C3%B3is%20Maranhenses!5e0!3m2!1sfr!2sbr!4v1629306685092!5m2!1sfr!2sbr\" width=\"600\" height=\"450\" style=\"border:0;\" allowfullscreen=\"\" loading=\"lazy\"><\/iframe><\/div>\n\t\t\t\t\t\t<\/div>\n\t\t\t\t<\/div>\n\t\t\t\t\t<\/div>\n\t\t<\/div>\n\t\t\t\t\t<\/div>\n\t\t<\/section>\n\t\t\t\t<section class=\"elementor-section elementor-top-section elementor-element elementor-element-76b1b5dd elementor-section-content-middle elementor-section-stretched elementor-section-boxed elementor-section-height-default elementor-section-height-default\" data-id=\"76b1b5dd\" data-element_type=\"section\" data-e-type=\"section\" data-settings=\"{&quot;background_background&quot;:&quot;classic&quot;,&quot;stretch_section&quot;:&quot;section-stretched&quot;}\">\n\t\t\t\t\t\t\t<div class=\"elementor-background-overlay\"><\/div>\n\t\t\t\t\t\t\t<div class=\"elementor-container elementor-column-gap-extended\">\n\t\t\t\t\t<div class=\"elementor-column elementor-col-50 elementor-top-column elementor-element elementor-element-2ac00df4\" data-id=\"2ac00df4\" data-element_type=\"column\" data-e-type=\"column\">\n\t\t\t<div class=\"elementor-widget-wrap elementor-element-populated\">\n\t\t\t\t\t\t<div class=\"elementor-element elementor-element-70454316 elementor-invisible elementor-widget elementor-widget-text-editor\" data-id=\"70454316\" data-element_type=\"widget\" data-e-type=\"widget\" data-settings=\"{&quot;_animation&quot;:&quot;fadeInDown&quot;}\" data-widget_type=\"text-editor.default\">\n\t\t\t\t<div class=\"elementor-widget-container\">\n\t\t\t\t\t\t\t\t\t<p>Brazil Ecotour agence de voyage au br\u00e9sil<\/p>\t\t\t\t\t\t\t\t<\/div>\n\t\t\t\t<\/div>\n\t\t\t\t<div class=\"elementor-element elementor-element-121a7492 elementor-invisible elementor-widget elementor-widget-heading\" data-id=\"121a7492\" data-element_type=\"widget\" data-e-type=\"widget\" data-settings=\"{&quot;_animation&quot;:&quot;fadeInUp&quot;}\" data-widget_type=\"heading.default\">\n\t\t\t\t<div class=\"elementor-widget-container\">\n\t\t\t\t\t<h2 class=\"elementor-heading-title elementor-size-default\">S\u00e9jour au br\u00e9sil <\/h2>\t\t\t\t<\/div>\n\t\t\t\t<\/div>\n\t\t\t\t\t<\/div>\n\t\t<\/div>\n\t\t\t\t<div class=\"elementor-column elementor-col-50 elementor-top-column elementor-element elementor-element-577ce901\" data-id=\"577ce901\" data-element_type=\"column\" data-e-type=\"column\">\n\t\t\t<div class=\"elementor-widget-wrap elementor-element-populated\">\n\t\t\t\t\t\t<div class=\"elementor-element elementor-element-49bfe828 elementor-align-right elementor-mobile-align-center elementor-tablet-align-center elementor-widget elementor-widget-button\" data-id=\"49bfe828\" data-element_type=\"widget\" data-e-type=\"widget\" data-widget_type=\"button.default\">\n\t\t\t\t<div class=\"elementor-widget-container\">\n\t\t\t\t\t\t\t\t\t<div class=\"elementor-button-wrapper\">\n\t\t\t\t\t<a class=\"elementor-button elementor-button-link elementor-size-sm\" href=\"https:\/\/www.brazilecotour.com\/fr\/contact-agence-de-voyage-bresil\/\">\n\t\t\t\t\t\t<span class=\"elementor-button-content-wrapper\">\n\t\t\t\t\t\t\t\t\t<span class=\"elementor-button-text\">demandez votre devis gratuit<\/span>\n\t\t\t\t\t<\/span>\n\t\t\t\t\t<\/a>\n\t\t\t\t<\/div>\n\t\t\t\t\t\t\t\t<\/div>\n\t\t\t\t<\/div>\n\t\t\t\t\t<\/div>\n\t\t<\/div>\n\t\t\t\t\t<\/div>\n\t\t<\/section>\n\t\t\t\t<\/div>\n\t\t","protected":false},"excerpt":{"rendered":"<p>In Brasile, il deserto dei Len\u00e7\u00f3is Maranhenses, un miraggio sull\u2019oceano<\/p>\n","protected":false},"author":2,"featured_media":20294,"comment_status":"open","ping_status":"closed","sticky":false,"template":"elementor_header_footer","format":"standard","meta":{"_coblocks_attr":"","_coblocks_dimensions":"","_coblocks_responsive_height":"","_coblocks_accordion_ie_support":"","hide_page_title":"","footnotes":""},"categories":[3279],"tags":[],"class_list":["post-26943","post","type-post","status-publish","format-standard","has-post-thumbnail","hentry","category-non-categorizzato"],"yoast_head":"<!-- This site is optimized with the Yoast SEO Premium plugin v25.9 (Yoast SEO v27.4) - https:\/\/yoast.com\/product\/yoast-seo-premium-wordpress\/ -->\n<title>In Brasile, il deserto dei Len\u00e7\u00f3is Maranhenses, un miraggio sull&#039;oceano<\/title>\n<meta name=\"description\" content=\"In Brasile, il deserto dei Len\u00e7\u00f3is Maranhenses, un miraggio sull\u2019oceano\" \/>\n<meta name=\"robots\" content=\"index, follow, max-snippet:-1, max-image-preview:large, max-video-preview:-1\" \/>\n<link rel=\"canonical\" href=\"https:\/\/www.brazilecotour.com\/it\/in-brasile-il-deserto-dei-lencois-maranhenses-un-miraggio-sulloceano\/\" \/>\n<meta property=\"og:locale\" content=\"it_IT\" \/>\n<meta property=\"og:type\" content=\"article\" \/>\n<meta property=\"og:title\" content=\"In Brasile, il deserto dei Len\u00e7\u00f3is Maranhenses, un miraggio sull&#039;oceano\" \/>\n<meta property=\"og:description\" content=\"In Brasile, il deserto dei Len\u00e7\u00f3is Maranhenses, un miraggio sull\u2019oceano\" \/>\n<meta property=\"og:url\" content=\"https:\/\/www.brazilecotour.com\/it\/in-brasile-il-deserto-dei-lencois-maranhenses-un-miraggio-sulloceano\/\" \/>\n<meta property=\"og:site_name\" content=\"Brazil Ecotour | DMC &amp; Travel agency in Brazil\" \/>\n<meta property=\"article:publisher\" content=\"https:\/\/www.facebook.com\/brazilecotour\/\" \/>\n<meta property=\"article:author\" content=\"https:\/\/www.facebook.com\/brazilecotour\/\" \/>\n<meta property=\"article:published_time\" content=\"2024-08-18T19:14:14+00:00\" \/>\n<meta property=\"article:modified_time\" content=\"2024-08-18T19:32:40+00:00\" \/>\n<meta property=\"og:image\" content=\"https:\/\/www.brazilecotour.com\/wp-content\/uploads\/2017\/05\/lencois-maranhenses-national-park-tours.jpeg\" \/>\n\t<meta property=\"og:image:width\" content=\"1080\" \/>\n\t<meta property=\"og:image:height\" content=\"810\" \/>\n\t<meta property=\"og:image:type\" content=\"image\/jpeg\" \/>\n<meta name=\"author\" content=\"Brazil Ecotour\" \/>\n<meta name=\"twitter:card\" content=\"summary_large_image\" \/>\n<meta name=\"twitter:creator\" content=\"@brazilecotour01\" \/>\n<meta name=\"twitter:site\" content=\"@brazilecotour01\" \/>\n<meta name=\"twitter:label1\" content=\"Scritto da\" \/>\n\t<meta name=\"twitter:data1\" content=\"Brazil Ecotour\" \/>\n\t<meta name=\"twitter:label2\" content=\"Tempo di lettura stimato\" \/>\n\t<meta name=\"twitter:data2\" content=\"10 minuti\" \/>\n<script type=\"application\/ld+json\" class=\"yoast-schema-graph\">{\"@context\":\"https:\\\/\\\/schema.org\",\"@graph\":[{\"@type\":\"Article\",\"@id\":\"https:\\\/\\\/www.brazilecotour.com\\\/it\\\/in-brasile-il-deserto-dei-lencois-maranhenses-un-miraggio-sulloceano\\\/#article\",\"isPartOf\":{\"@id\":\"https:\\\/\\\/www.brazilecotour.com\\\/it\\\/in-brasile-il-deserto-dei-lencois-maranhenses-un-miraggio-sulloceano\\\/\"},\"author\":{\"name\":\"Brazil Ecotour\",\"@id\":\"https:\\\/\\\/www.brazilecotour.com\\\/it\\\/#\\\/schema\\\/person\\\/bb20c278af8580ea123f7584ce5a7a83\"},\"headline\":\"In Brasile, il deserto dei Len\u00e7\u00f3is Maranhenses, un miraggio sull&#8217;oceano\",\"datePublished\":\"2024-08-18T19:14:14+00:00\",\"dateModified\":\"2024-08-18T19:32:40+00:00\",\"mainEntityOfPage\":{\"@id\":\"https:\\\/\\\/www.brazilecotour.com\\\/it\\\/in-brasile-il-deserto-dei-lencois-maranhenses-un-miraggio-sulloceano\\\/\"},\"wordCount\":1534,\"commentCount\":0,\"publisher\":{\"@id\":\"https:\\\/\\\/www.brazilecotour.com\\\/it\\\/#organization\"},\"image\":{\"@id\":\"https:\\\/\\\/www.brazilecotour.com\\\/it\\\/in-brasile-il-deserto-dei-lencois-maranhenses-un-miraggio-sulloceano\\\/#primaryimage\"},\"thumbnailUrl\":\"https:\\\/\\\/www.brazilecotour.com\\\/wp-content\\\/uploads\\\/2017\\\/05\\\/lencois-maranhenses-national-park-tours.jpeg\",\"articleSection\":[\"Non categorizzato\"],\"inLanguage\":\"it-IT\",\"potentialAction\":[{\"@type\":\"CommentAction\",\"name\":\"Comment\",\"target\":[\"https:\\\/\\\/www.brazilecotour.com\\\/it\\\/in-brasile-il-deserto-dei-lencois-maranhenses-un-miraggio-sulloceano\\\/#respond\"]}]},{\"@type\":\"WebPage\",\"@id\":\"https:\\\/\\\/www.brazilecotour.com\\\/it\\\/in-brasile-il-deserto-dei-lencois-maranhenses-un-miraggio-sulloceano\\\/\",\"url\":\"https:\\\/\\\/www.brazilecotour.com\\\/it\\\/in-brasile-il-deserto-dei-lencois-maranhenses-un-miraggio-sulloceano\\\/\",\"name\":\"In Brasile, il deserto dei Len\u00e7\u00f3is Maranhenses, un miraggio sull'oceano\",\"isPartOf\":{\"@id\":\"https:\\\/\\\/www.brazilecotour.com\\\/it\\\/#website\"},\"primaryImageOfPage\":{\"@id\":\"https:\\\/\\\/www.brazilecotour.com\\\/it\\\/in-brasile-il-deserto-dei-lencois-maranhenses-un-miraggio-sulloceano\\\/#primaryimage\"},\"image\":{\"@id\":\"https:\\\/\\\/www.brazilecotour.com\\\/it\\\/in-brasile-il-deserto-dei-lencois-maranhenses-un-miraggio-sulloceano\\\/#primaryimage\"},\"thumbnailUrl\":\"https:\\\/\\\/www.brazilecotour.com\\\/wp-content\\\/uploads\\\/2017\\\/05\\\/lencois-maranhenses-national-park-tours.jpeg\",\"datePublished\":\"2024-08-18T19:14:14+00:00\",\"dateModified\":\"2024-08-18T19:32:40+00:00\",\"description\":\"In Brasile, il deserto dei Len\u00e7\u00f3is Maranhenses, un miraggio sull\u2019oceano\",\"breadcrumb\":{\"@id\":\"https:\\\/\\\/www.brazilecotour.com\\\/it\\\/in-brasile-il-deserto-dei-lencois-maranhenses-un-miraggio-sulloceano\\\/#breadcrumb\"},\"inLanguage\":\"it-IT\",\"potentialAction\":[{\"@type\":\"ReadAction\",\"target\":[\"https:\\\/\\\/www.brazilecotour.com\\\/it\\\/in-brasile-il-deserto-dei-lencois-maranhenses-un-miraggio-sulloceano\\\/\"]}]},{\"@type\":\"ImageObject\",\"inLanguage\":\"it-IT\",\"@id\":\"https:\\\/\\\/www.brazilecotour.com\\\/it\\\/in-brasile-il-deserto-dei-lencois-maranhenses-un-miraggio-sulloceano\\\/#primaryimage\",\"url\":\"https:\\\/\\\/www.brazilecotour.com\\\/wp-content\\\/uploads\\\/2017\\\/05\\\/lencois-maranhenses-national-park-tours.jpeg\",\"contentUrl\":\"https:\\\/\\\/www.brazilecotour.com\\\/wp-content\\\/uploads\\\/2017\\\/05\\\/lencois-maranhenses-national-park-tours.jpeg\",\"width\":1080,\"height\":810,\"caption\":\"lencois maranhenses national park tours aerial view\"},{\"@type\":\"BreadcrumbList\",\"@id\":\"https:\\\/\\\/www.brazilecotour.com\\\/it\\\/in-brasile-il-deserto-dei-lencois-maranhenses-un-miraggio-sulloceano\\\/#breadcrumb\",\"itemListElement\":[{\"@type\":\"ListItem\",\"position\":1,\"name\":\"Accueil\",\"item\":\"https:\\\/\\\/www.brazilecotour.com\\\/it\\\/\"},{\"@type\":\"ListItem\",\"position\":2,\"name\":\"In Brasile, il deserto dei Len\u00e7\u00f3is Maranhenses, un miraggio sull&rsquo;oceano\"}]},{\"@type\":\"WebSite\",\"@id\":\"https:\\\/\\\/www.brazilecotour.com\\\/it\\\/#website\",\"url\":\"https:\\\/\\\/www.brazilecotour.com\\\/it\\\/\",\"name\":\"Brazil Ecotour | DMC and Travel Agency in Brazil\",\"description\":\"Beyond Travel, Real Experiences\",\"publisher\":{\"@id\":\"https:\\\/\\\/www.brazilecotour.com\\\/it\\\/#organization\"},\"potentialAction\":[{\"@type\":\"SearchAction\",\"target\":{\"@type\":\"EntryPoint\",\"urlTemplate\":\"https:\\\/\\\/www.brazilecotour.com\\\/it\\\/?s={search_term_string}\"},\"query-input\":{\"@type\":\"PropertyValueSpecification\",\"valueRequired\":true,\"valueName\":\"search_term_string\"}}],\"inLanguage\":\"it-IT\"},{\"@type\":\"Organization\",\"@id\":\"https:\\\/\\\/www.brazilecotour.com\\\/it\\\/#organization\",\"name\":\"Brazil Ecotour | DMC & Travel agency in Brazil\",\"url\":\"https:\\\/\\\/www.brazilecotour.com\\\/it\\\/\",\"logo\":{\"@type\":\"ImageObject\",\"inLanguage\":\"it-IT\",\"@id\":\"https:\\\/\\\/www.brazilecotour.com\\\/it\\\/#\\\/schema\\\/logo\\\/image\\\/\",\"url\":\"https:\\\/\\\/www.brazilecotour.com\\\/wp-content\\\/uploads\\\/2017\\\/06\\\/brazilecotour_logo.png\",\"contentUrl\":\"https:\\\/\\\/www.brazilecotour.com\\\/wp-content\\\/uploads\\\/2017\\\/06\\\/brazilecotour_logo.png\",\"width\":350,\"height\":100,\"caption\":\"Brazil Ecotour | DMC & Travel agency in Brazil\"},\"image\":{\"@id\":\"https:\\\/\\\/www.brazilecotour.com\\\/it\\\/#\\\/schema\\\/logo\\\/image\\\/\"},\"sameAs\":[\"https:\\\/\\\/www.facebook.com\\\/brazilecotour\\\/\",\"https:\\\/\\\/x.com\\\/brazilecotour01\",\"https:\\\/\\\/www.instagram.com\\\/brazilecotour\\\/\",\"https:\\\/\\\/www.linkedin.com\\\/company\\\/brazilecotour\",\"https:\\\/\\\/www.pinterest.com\\\/brazilecotour\\\/\",\"https:\\\/\\\/www.youtube.com\\\/channel\\\/UCbaIa7Xo7DuwNz0z3H1zDnA\"]},{\"@type\":\"Person\",\"@id\":\"https:\\\/\\\/www.brazilecotour.com\\\/it\\\/#\\\/schema\\\/person\\\/bb20c278af8580ea123f7584ce5a7a83\",\"name\":\"Brazil Ecotour\",\"image\":{\"@type\":\"ImageObject\",\"inLanguage\":\"it-IT\",\"@id\":\"https:\\\/\\\/secure.gravatar.com\\\/avatar\\\/ec959129edd806b486b9fa8401bc242b60f01c2f7809cc01175829f25a1964c3?s=96&d=mm&r=g\",\"url\":\"https:\\\/\\\/secure.gravatar.com\\\/avatar\\\/ec959129edd806b486b9fa8401bc242b60f01c2f7809cc01175829f25a1964c3?s=96&d=mm&r=g\",\"contentUrl\":\"https:\\\/\\\/secure.gravatar.com\\\/avatar\\\/ec959129edd806b486b9fa8401bc242b60f01c2f7809cc01175829f25a1964c3?s=96&d=mm&r=g\",\"caption\":\"Brazil Ecotour\"},\"sameAs\":[\"https:\\\/\\\/www.brazilecotour.com\",\"https:\\\/\\\/www.facebook.com\\\/brazilecotour\\\/\",\"https:\\\/\\\/x.com\\\/@brazilecotour01\"]}]}<\/script>\n<!-- \/ Yoast SEO Premium plugin. -->","yoast_head_json":{"title":"In Brasile, il deserto dei Len\u00e7\u00f3is Maranhenses, un miraggio sull'oceano","description":"In Brasile, il deserto dei Len\u00e7\u00f3is Maranhenses, un miraggio sull\u2019oceano","robots":{"index":"index","follow":"follow","max-snippet":"max-snippet:-1","max-image-preview":"max-image-preview:large","max-video-preview":"max-video-preview:-1"},"canonical":"https:\/\/www.brazilecotour.com\/it\/in-brasile-il-deserto-dei-lencois-maranhenses-un-miraggio-sulloceano\/","og_locale":"it_IT","og_type":"article","og_title":"In Brasile, il deserto dei Len\u00e7\u00f3is Maranhenses, un miraggio sull'oceano","og_description":"In Brasile, il deserto dei Len\u00e7\u00f3is Maranhenses, un miraggio sull\u2019oceano","og_url":"https:\/\/www.brazilecotour.com\/it\/in-brasile-il-deserto-dei-lencois-maranhenses-un-miraggio-sulloceano\/","og_site_name":"Brazil Ecotour | DMC &amp; Travel agency in Brazil","article_publisher":"https:\/\/www.facebook.com\/brazilecotour\/","article_author":"https:\/\/www.facebook.com\/brazilecotour\/","article_published_time":"2024-08-18T19:14:14+00:00","article_modified_time":"2024-08-18T19:32:40+00:00","og_image":[{"width":1080,"height":810,"url":"https:\/\/www.brazilecotour.com\/wp-content\/uploads\/2017\/05\/lencois-maranhenses-national-park-tours.jpeg","type":"image\/jpeg"}],"author":"Brazil Ecotour","twitter_card":"summary_large_image","twitter_creator":"@brazilecotour01","twitter_site":"@brazilecotour01","twitter_misc":{"Scritto da":"Brazil Ecotour","Tempo di lettura stimato":"10 minuti"},"schema":{"@context":"https:\/\/schema.org","@graph":[{"@type":"Article","@id":"https:\/\/www.brazilecotour.com\/it\/in-brasile-il-deserto-dei-lencois-maranhenses-un-miraggio-sulloceano\/#article","isPartOf":{"@id":"https:\/\/www.brazilecotour.com\/it\/in-brasile-il-deserto-dei-lencois-maranhenses-un-miraggio-sulloceano\/"},"author":{"name":"Brazil Ecotour","@id":"https:\/\/www.brazilecotour.com\/it\/#\/schema\/person\/bb20c278af8580ea123f7584ce5a7a83"},"headline":"In Brasile, il deserto dei Len\u00e7\u00f3is Maranhenses, un miraggio sull&#8217;oceano","datePublished":"2024-08-18T19:14:14+00:00","dateModified":"2024-08-18T19:32:40+00:00","mainEntityOfPage":{"@id":"https:\/\/www.brazilecotour.com\/it\/in-brasile-il-deserto-dei-lencois-maranhenses-un-miraggio-sulloceano\/"},"wordCount":1534,"commentCount":0,"publisher":{"@id":"https:\/\/www.brazilecotour.com\/it\/#organization"},"image":{"@id":"https:\/\/www.brazilecotour.com\/it\/in-brasile-il-deserto-dei-lencois-maranhenses-un-miraggio-sulloceano\/#primaryimage"},"thumbnailUrl":"https:\/\/www.brazilecotour.com\/wp-content\/uploads\/2017\/05\/lencois-maranhenses-national-park-tours.jpeg","articleSection":["Non categorizzato"],"inLanguage":"it-IT","potentialAction":[{"@type":"CommentAction","name":"Comment","target":["https:\/\/www.brazilecotour.com\/it\/in-brasile-il-deserto-dei-lencois-maranhenses-un-miraggio-sulloceano\/#respond"]}]},{"@type":"WebPage","@id":"https:\/\/www.brazilecotour.com\/it\/in-brasile-il-deserto-dei-lencois-maranhenses-un-miraggio-sulloceano\/","url":"https:\/\/www.brazilecotour.com\/it\/in-brasile-il-deserto-dei-lencois-maranhenses-un-miraggio-sulloceano\/","name":"In Brasile, il deserto dei Len\u00e7\u00f3is Maranhenses, un miraggio sull'oceano","isPartOf":{"@id":"https:\/\/www.brazilecotour.com\/it\/#website"},"primaryImageOfPage":{"@id":"https:\/\/www.brazilecotour.com\/it\/in-brasile-il-deserto-dei-lencois-maranhenses-un-miraggio-sulloceano\/#primaryimage"},"image":{"@id":"https:\/\/www.brazilecotour.com\/it\/in-brasile-il-deserto-dei-lencois-maranhenses-un-miraggio-sulloceano\/#primaryimage"},"thumbnailUrl":"https:\/\/www.brazilecotour.com\/wp-content\/uploads\/2017\/05\/lencois-maranhenses-national-park-tours.jpeg","datePublished":"2024-08-18T19:14:14+00:00","dateModified":"2024-08-18T19:32:40+00:00","description":"In Brasile, il deserto dei Len\u00e7\u00f3is Maranhenses, un miraggio sull\u2019oceano","breadcrumb":{"@id":"https:\/\/www.brazilecotour.com\/it\/in-brasile-il-deserto-dei-lencois-maranhenses-un-miraggio-sulloceano\/#breadcrumb"},"inLanguage":"it-IT","potentialAction":[{"@type":"ReadAction","target":["https:\/\/www.brazilecotour.com\/it\/in-brasile-il-deserto-dei-lencois-maranhenses-un-miraggio-sulloceano\/"]}]},{"@type":"ImageObject","inLanguage":"it-IT","@id":"https:\/\/www.brazilecotour.com\/it\/in-brasile-il-deserto-dei-lencois-maranhenses-un-miraggio-sulloceano\/#primaryimage","url":"https:\/\/www.brazilecotour.com\/wp-content\/uploads\/2017\/05\/lencois-maranhenses-national-park-tours.jpeg","contentUrl":"https:\/\/www.brazilecotour.com\/wp-content\/uploads\/2017\/05\/lencois-maranhenses-national-park-tours.jpeg","width":1080,"height":810,"caption":"lencois maranhenses national park tours aerial view"},{"@type":"BreadcrumbList","@id":"https:\/\/www.brazilecotour.com\/it\/in-brasile-il-deserto-dei-lencois-maranhenses-un-miraggio-sulloceano\/#breadcrumb","itemListElement":[{"@type":"ListItem","position":1,"name":"Accueil","item":"https:\/\/www.brazilecotour.com\/it\/"},{"@type":"ListItem","position":2,"name":"In Brasile, il deserto dei Len\u00e7\u00f3is Maranhenses, un miraggio sull&rsquo;oceano"}]},{"@type":"WebSite","@id":"https:\/\/www.brazilecotour.com\/it\/#website","url":"https:\/\/www.brazilecotour.com\/it\/","name":"Brazil Ecotour | DMC and Travel Agency in Brazil","description":"Beyond Travel, Real Experiences","publisher":{"@id":"https:\/\/www.brazilecotour.com\/it\/#organization"},"potentialAction":[{"@type":"SearchAction","target":{"@type":"EntryPoint","urlTemplate":"https:\/\/www.brazilecotour.com\/it\/?s={search_term_string}"},"query-input":{"@type":"PropertyValueSpecification","valueRequired":true,"valueName":"search_term_string"}}],"inLanguage":"it-IT"},{"@type":"Organization","@id":"https:\/\/www.brazilecotour.com\/it\/#organization","name":"Brazil Ecotour | DMC & Travel agency in Brazil","url":"https:\/\/www.brazilecotour.com\/it\/","logo":{"@type":"ImageObject","inLanguage":"it-IT","@id":"https:\/\/www.brazilecotour.com\/it\/#\/schema\/logo\/image\/","url":"https:\/\/www.brazilecotour.com\/wp-content\/uploads\/2017\/06\/brazilecotour_logo.png","contentUrl":"https:\/\/www.brazilecotour.com\/wp-content\/uploads\/2017\/06\/brazilecotour_logo.png","width":350,"height":100,"caption":"Brazil Ecotour | DMC & Travel agency in Brazil"},"image":{"@id":"https:\/\/www.brazilecotour.com\/it\/#\/schema\/logo\/image\/"},"sameAs":["https:\/\/www.facebook.com\/brazilecotour\/","https:\/\/x.com\/brazilecotour01","https:\/\/www.instagram.com\/brazilecotour\/","https:\/\/www.linkedin.com\/company\/brazilecotour","https:\/\/www.pinterest.com\/brazilecotour\/","https:\/\/www.youtube.com\/channel\/UCbaIa7Xo7DuwNz0z3H1zDnA"]},{"@type":"Person","@id":"https:\/\/www.brazilecotour.com\/it\/#\/schema\/person\/bb20c278af8580ea123f7584ce5a7a83","name":"Brazil Ecotour","image":{"@type":"ImageObject","inLanguage":"it-IT","@id":"https:\/\/secure.gravatar.com\/avatar\/ec959129edd806b486b9fa8401bc242b60f01c2f7809cc01175829f25a1964c3?s=96&d=mm&r=g","url":"https:\/\/secure.gravatar.com\/avatar\/ec959129edd806b486b9fa8401bc242b60f01c2f7809cc01175829f25a1964c3?s=96&d=mm&r=g","contentUrl":"https:\/\/secure.gravatar.com\/avatar\/ec959129edd806b486b9fa8401bc242b60f01c2f7809cc01175829f25a1964c3?s=96&d=mm&r=g","caption":"Brazil Ecotour"},"sameAs":["https:\/\/www.brazilecotour.com","https:\/\/www.facebook.com\/brazilecotour\/","https:\/\/x.com\/@brazilecotour01"]}]}},"_links":{"self":[{"href":"https:\/\/www.brazilecotour.com\/it\/wp-json\/wp\/v2\/posts\/26943","targetHints":{"allow":["GET"]}}],"collection":[{"href":"https:\/\/www.brazilecotour.com\/it\/wp-json\/wp\/v2\/posts"}],"about":[{"href":"https:\/\/www.brazilecotour.com\/it\/wp-json\/wp\/v2\/types\/post"}],"author":[{"embeddable":true,"href":"https:\/\/www.brazilecotour.com\/it\/wp-json\/wp\/v2\/users\/2"}],"replies":[{"embeddable":true,"href":"https:\/\/www.brazilecotour.com\/it\/wp-json\/wp\/v2\/comments?post=26943"}],"version-history":[{"count":13,"href":"https:\/\/www.brazilecotour.com\/it\/wp-json\/wp\/v2\/posts\/26943\/revisions"}],"predecessor-version":[{"id":26959,"href":"https:\/\/www.brazilecotour.com\/it\/wp-json\/wp\/v2\/posts\/26943\/revisions\/26959"}],"wp:featuredmedia":[{"embeddable":true,"href":"https:\/\/www.brazilecotour.com\/it\/wp-json\/wp\/v2\/media\/20294"}],"wp:attachment":[{"href":"https:\/\/www.brazilecotour.com\/it\/wp-json\/wp\/v2\/media?parent=26943"}],"wp:term":[{"taxonomy":"category","embeddable":true,"href":"https:\/\/www.brazilecotour.com\/it\/wp-json\/wp\/v2\/categories?post=26943"},{"taxonomy":"post_tag","embeddable":true,"href":"https:\/\/www.brazilecotour.com\/it\/wp-json\/wp\/v2\/tags?post=26943"}],"curies":[{"name":"wp","href":"https:\/\/api.w.org\/{rel}","templated":true}]}}